{"id":278601,"date":"2025-09-08T12:30:00","date_gmt":"2025-09-08T10:30:00","guid":{"rendered":"https:\/\/www.tucomarca.com\/wordpress\/segunda\/?p=278601"},"modified":"2025-09-08T21:36:35","modified_gmt":"2025-09-08T19:36:35","slug":"mompo-a-algemesi-vore-a-tot-un-poble-bolcat-en-la-festa-de-la-mare-de-deu-de-la-salut-despres-de-la-dana-genera-optimisme-i-orgull","status":"publish","type":"post","link":"https:\/\/www.tucomarca.com\/wordpress\/segunda\/ca\/mompo-a-algemesi-vore-a-tot-un-poble-bolcat-en-la-festa-de-la-mare-de-deu-de-la-salut-despres-de-la-dana-genera-optimisme-i-orgull\/","title":{"rendered":"Momp\u00f3 a Algemes\u00ed: &#8220;Vore a tot un poble bolcat en la Festa de la Mare de D\u00e9u de la Salut despr\u00e9s de la dana genera optimisme i orgull&#8221;"},"content":{"rendered":"\n<p>El president de la Diputaci\u00f3 de Val\u00e8ncia, Vicent Momp\u00f3, ha assistit este dilluns a la celebraci\u00f3 de la Festa de la Mare de D\u00e9u de la Salut a Algemes\u00ed. La celebraci\u00f3, Patrimoni Immaterial de la Humanitat, ve marcada enguany per la dana, ja que Algemes\u00ed va ser un dels municipis m\u00e9s castigats per la riuada del 29 d&#8217;octubre.&nbsp;<\/p>\n\n\n\n<p>Momp\u00f3, qui en estos deu mesos, ha visitat Algemes\u00ed en diferents ocasions per a veure els avan\u00e7os de la reconstrucci\u00f3, tamb\u00e9 ha volgut donar el seu suport al municipi de la Ribera Alta en la seua emblem\u00e0tica festa: \u201cAlgemes\u00ed ha demostrat que est\u00e0 en peu, no sols per la reconstrucci\u00f3 duta a terme, que \u00e9s evident, i en la qual es continuar\u00e0 progressant; sin\u00f3 tamb\u00e9 per la resili\u00e8ncia del seu poble, dels seus ve\u00efns i ve\u00efnes, que hui es pot respirar i sentir ac\u00ed\u201d.<\/p>\n\n\n\n<p>En este sentit, ha assegurat, el president de la corporaci\u00f3 provincial, \u201c\u201cvore a tot un poble bolcat en la Festa de la Mare de D\u00e9u de la Salut despr\u00e9s de la dana genera optimisme i orgull, evid\u00e8ncia que el poble valenci\u00e0 sap afrontar les situacions complicades i que ho fa des del que ens unix, en este cas les nostres tradicions i la nostra identitat\u201d.<\/p>\n\n\n\n<figure class=\"wp-block-gallery has-nested-images columns-1 is-cropped wp-block-gallery-1 is-layout-flex wp-block-gallery-is-layout-flex\">\n<figure class=\"wp-block-image size-large\"><img loading=\"lazy\" decoding=\"async\" width=\"683\" height=\"1024\" data-id=\"278594\" src=\"https:\/\/www.tucomarca.com\/wordpress\/segunda\/wp-content\/uploads\/2025\/09\/MompoAlgemesi02-683x1024.jpg\" alt=\"\" class=\"wp-image-278594\" srcset=\"https:\/\/www.tucomarca.com\/wordpress\/segunda\/wp-content\/uploads\/2025\/09\/MompoAlgemesi02-683x1024.jpg 683w, https:\/\/www.tucomarca.com\/wordpress\/segunda\/wp-content\/uploads\/2025\/09\/MompoAlgemesi02-200x300.jpg 200w, https:\/\/www.tucomarca.com\/wordpress\/segunda\/wp-content\/uploads\/2025\/09\/MompoAlgemesi02-768x1152.jpg 768w, https:\/\/www.tucomarca.com\/wordpress\/segunda\/wp-content\/uploads\/2025\/09\/MompoAlgemesi02-1024x1536.jpg 1024w, https:\/\/www.tucomarca.com\/wordpress\/segunda\/wp-content\/uploads\/2025\/09\/MompoAlgemesi02-1365x2048.jpg 1365w, https:\/\/www.tucomarca.com\/wordpress\/segunda\/wp-content\/uploads\/2025\/09\/MompoAlgemesi02-scaled.jpg 1707w\" sizes=\"auto, (max-width: 683px) 100vw, 683px\" \/><\/figure>\n\n\n\n<figure class=\"wp-block-image size-large\"><img loading=\"lazy\" decoding=\"async\" width=\"1024\" height=\"683\" data-id=\"278596\" src=\"https:\/\/www.tucomarca.com\/wordpress\/segunda\/wp-content\/uploads\/2025\/09\/MompoAlgemesi03-1024x683.jpg\" alt=\"\" class=\"wp-image-278596\" srcset=\"https:\/\/www.tucomarca.com\/wordpress\/segunda\/wp-content\/uploads\/2025\/09\/MompoAlgemesi03-1024x683.jpg 1024w, https:\/\/www.tucomarca.com\/wordpress\/segunda\/wp-content\/uploads\/2025\/09\/MompoAlgemesi03-300x200.jpg 300w, https:\/\/www.tucomarca.com\/wordpress\/segunda\/wp-content\/uploads\/2025\/09\/MompoAlgemesi03-768x512.jpg 768w, https:\/\/www.tucomarca.com\/wordpress\/segunda\/wp-content\/uploads\/2025\/09\/MompoAlgemesi03-1536x1024.jpg 1536w, https:\/\/www.tucomarca.com\/wordpress\/segunda\/wp-content\/uploads\/2025\/09\/MompoAlgemesi03-2048x1365.jpg 2048w\" sizes=\"auto, (max-width: 1024px) 100vw, 1024px\" \/><\/figure>\n\n\n\n<figure class=\"wp-block-image size-large\"><img loading=\"lazy\" decoding=\"async\" width=\"1024\" height=\"683\" data-id=\"278598\" src=\"https:\/\/www.tucomarca.com\/wordpress\/segunda\/wp-content\/uploads\/2025\/09\/MompoAlgemesi04-1024x683.jpg\" alt=\"\" class=\"wp-image-278598\" srcset=\"https:\/\/www.tucomarca.com\/wordpress\/segunda\/wp-content\/uploads\/2025\/09\/MompoAlgemesi04-1024x683.jpg 1024w, https:\/\/www.tucomarca.com\/wordpress\/segunda\/wp-content\/uploads\/2025\/09\/MompoAlgemesi04-300x200.jpg 300w, https:\/\/www.tucomarca.com\/wordpress\/segunda\/wp-content\/uploads\/2025\/09\/MompoAlgemesi04-768x512.jpg 768w, https:\/\/www.tucomarca.com\/wordpress\/segunda\/wp-content\/uploads\/2025\/09\/MompoAlgemesi04-1536x1024.jpg 1536w, https:\/\/www.tucomarca.com\/wordpress\/segunda\/wp-content\/uploads\/2025\/09\/MompoAlgemesi04-2048x1365.jpg 2048w\" sizes=\"auto, (max-width: 1024px) 100vw, 1024px\" \/><\/figure>\n<\/figure>\n","protected":false},"excerpt":{"rendered":"<div class=\"mh-excerpt\">El president de la Diputaci\u00f3 de Val\u00e8ncia, Vicent Momp\u00f3, ha assistit este dilluns a la celebraci\u00f3 de la Festa de la Mare de D\u00e9u de la Salut a Algemes\u00ed. La celebraci\u00f3, Patrimoni Immaterial de la <a class=\"mh-excerpt-more\" href=\"https:\/\/www.tucomarca.com\/wordpress\/segunda\/ca\/mompo-a-algemesi-vore-a-tot-un-poble-bolcat-en-la-festa-de-la-mare-de-deu-de-la-salut-despres-de-la-dana-genera-optimisme-i-orgull\/\" title=\"Momp\u00f3 a Algemes\u00ed: &#8220;Vore a tot un poble bolcat en la Festa de la Mare de D\u00e9u de la Salut despr\u00e9s de la dana genera optimisme i orgull&#8221;\">[+] <\/a><\/div>\n","protected":false},"author":13,"featured_media":278593,"comment_status":"open","ping_status":"open","sticky":false,"template":"","format":"gallery","meta":{"footnotes":""},"categories":[10983,21466,10898,10894,10904,10902,11007,10896],"tags":[11081,15409,11199,15856],"class_list":{"0":"post-278601","1":"post","2":"type-post","3":"status-publish","4":"format-gallery","5":"has-post-thumbnail","7":"category-algemesi-ca","8":"category-dana-ca","9":"category-ventana-ca","10":"category-la-comarca-ca","11":"category-sin-categorizar-ca","12":"category-la-ribera-ca","13":"category-ocio-y-cultura-ca","14":"category-seccion-ca","15":"tag-algemesi-ca","16":"tag-dana-2-ca","17":"tag-la-comunitat-ca","18":"tag-ocio-y-cultura-ca","19":"post_format-post-format-gallery"},"_links":{"self":[{"href":"https:\/\/www.tucomarca.com\/wordpress\/segunda\/ca\/wp-json\/wp\/v2\/posts\/278601","targetHints":{"allow":["GET"]}}],"collection":[{"href":"https:\/\/www.tucomarca.com\/wordpress\/segunda\/ca\/wp-json\/wp\/v2\/posts"}],"about":[{"href":"https:\/\/www.tucomarca.com\/wordpress\/segunda\/ca\/wp-json\/wp\/v2\/types\/post"}],"author":[{"embeddable":true,"href":"https:\/\/www.tucomarca.com\/wordpress\/segunda\/ca\/wp-json\/wp\/v2\/users\/13"}],"replies":[{"embeddable":true,"href":"https:\/\/www.tucomarca.com\/wordpress\/segunda\/ca\/wp-json\/wp\/v2\/comments?post=278601"}],"version-history":[{"count":0,"href":"https:\/\/www.tucomarca.com\/wordpress\/segunda\/ca\/wp-json\/wp\/v2\/posts\/278601\/revisions"}],"wp:featuredmedia":[{"embeddable":true,"href":"https:\/\/www.tucomarca.com\/wordpress\/segunda\/ca\/wp-json\/wp\/v2\/media\/278593"}],"wp:attachment":[{"href":"https:\/\/www.tucomarca.com\/wordpress\/segunda\/ca\/wp-json\/wp\/v2\/media?parent=278601"}],"wp:term":[{"taxonomy":"category","embeddable":true,"href":"https:\/\/www.tucomarca.com\/wordpress\/segunda\/ca\/wp-json\/wp\/v2\/categories?post=278601"},{"taxonomy":"post_tag","embeddable":true,"href":"https:\/\/www.tucomarca.com\/wordpress\/segunda\/ca\/wp-json\/wp\/v2\/tags?post=278601"}],"curies":[{"name":"wp","href":"https:\/\/api.w.org\/{rel}","templated":true}]}}