{"id":278758,"date":"2025-09-09T12:15:00","date_gmt":"2025-09-09T10:15:00","guid":{"rendered":"https:\/\/www.tucomarca.com\/wordpress\/segunda\/?p=278758"},"modified":"2025-09-09T21:10:58","modified_gmt":"2025-09-09T19:10:58","slug":"la-generalitat-transferix-mes-de-7-milions-deuros-de-fons-nextgenerationeu-a-mancomunitats-afectades-per-la-dana-per-a-projectes-de-reconstruccio-i-mitigacio-de-riscos-climatics","status":"publish","type":"post","link":"https:\/\/www.tucomarca.com\/wordpress\/segunda\/ca\/la-generalitat-transferix-mes-de-7-milions-deuros-de-fons-nextgenerationeu-a-mancomunitats-afectades-per-la-dana-per-a-projectes-de-reconstruccio-i-mitigacio-de-riscos-climatics\/","title":{"rendered":"La Generalitat transferix m\u00e9s de 7 milions d\u2019euros de fons NextGenerationEU a mancomunitats afectades per la dana per a projectes de reconstrucci\u00f3 i mitigaci\u00f3 de riscos clim\u00e0tics"},"content":{"rendered":"\n<h3 class=\"wp-block-heading\">La consellera Mari\u00e1n Cano destaca \u201cl\u2019agilitat amb la qual s\u2019ha gestionat el pagament d\u2019estes ajudes\u201d i reitera als municipis la \u201ctotal implicaci\u00f3 de l\u2019Administraci\u00f3 auton\u00f2mica per a la recuperaci\u00f3 de les zones afectades\u201d.<\/h3>\n\n\n\n<h3 class=\"wp-block-heading\">Els fons es destinen a projectes d\u2019adaptaci\u00f3 al canvi clim\u00e0tic, adopci\u00f3 de sistemes d\u2019alerta primerenca, adequaci\u00f3 de llits i rambles i implementaci\u00f3 de mesures de prevenci\u00f3 d\u2019inundacions.<\/h3>\n\n\n\n<p>La Generalitat ha transferit 7.150.000 euros procedents de fons NextGenerationEU a les mancomunitats de municipis afectats per la dana del 29 d\u2019octubre de 2024, amb la finalitat d\u2019impulsar projectes de reconstrucci\u00f3 i de mitigaci\u00f3 de riscos clim\u00e0tics.<\/p>\n\n\n\n<p>Estes ajudes s\u2019emmarquen en l\u2019Actuaci\u00f3 de cohesi\u00f3 entre destinacions de la Comunitat Valenciana, finan\u00e7ada per la Uni\u00f3 Europea \u2013 NextGenerationEU dins del Pla de recuperaci\u00f3, transformaci\u00f3 i resili\u00e8ncia.<\/p>\n\n\n\n<p>La consellera d\u2019Innovaci\u00f3, Ind\u00fastria, Comer\u00e7 i Turisme, Mari\u00e1n Cano, ha subratllat \u201cl\u2019agilitat amb la qual s\u2019ha gestionat el pagament d\u2019estes ajudes\u201d, i ha recordat que el Decret 63\/2025, que aprovava les bases reguladores i la concessi\u00f3 directa, es va publicar el passat 20 de maig en el&nbsp;<a href=\"https:\/\/dogv.gva.es\/va\/resultat-dogv?signatura=2025\/16161\">Diari Oficial de la Generalitat Valenciana (DOGV)<\/a>.<\/p>\n\n\n\n<p>Cano ha explicat que l\u2019objectiu d\u2019estes ajudes \u00e9s \u201crecuperar l\u2019activitat tur\u00edstica dels municipis que es van vore damnificats pel temporal\u201d i ha reiterat \u201cla total implicaci\u00f3 de la Generalitat en la recuperaci\u00f3 de les zones afectades\u201d. Aix\u00ed mateix, ha destacat que \u201cs\u2019ha aconseguit gestionar el pagament d\u2019estes transfer\u00e8ncies en nom\u00e9s dos mesos\u201d.<\/p>\n\n\n\n<p>La consellera ha remarcat que el prop\u00f2sit \u00faltim d\u2019estes ajudes \u00e9s \u201ccontribuir a la recuperaci\u00f3 del sector tur\u00edstic, al mateix temps que es promou l\u2019adopci\u00f3 de mesures que mitiguen futurs riscos clim\u00e0tics\u201d.<\/p>\n\n\n\n<p><strong>Distribuci\u00f3 de les ajudes&nbsp;<\/strong><\/p>\n\n\n\n<p>L\u2019import total d\u2019estes ajudes ascendix a 7.150.000 euros, i s\u2019han destinat perqu\u00e8 les mancomunitats benefici\u00e0ries adopten les mesures necess\u00e0ries per a pal\u00b7liar els danys produ\u00efts pel temporal del 29 d\u2019octubre de 2024 a les seues comarques, reconstruir les zones afectades i promoure l\u2019adopci\u00f3 de mesures que mitiguen futurs riscos clim\u00e0tics en els municipis que les integren. La distribuci\u00f3 de fons at\u00e9n el grau d\u2019afectaci\u00f3 per la dana en les diferents mancomunitats de municipis.<\/p>\n\n\n\n<p>D\u2019esta manera, s\u2019ha destinat a la Mancomunitat Camp de T\u00faria 750.000 euros; la Mancomunitat de la Ribera Alta ha rebut 1.000.000 d\u2019euros; la Mancomunitat Alt T\u00faria 750.000 euros; per a la Mancomunitat de l\u2019Interior Tierra del Vino 1.000.000 d\u2019euros; tamb\u00e9 s\u2019ha destinat 1.000.000 d\u2019euros a la Mancomunitat Intermunicipal l\u2019Horta Sud; aix\u00ed com a la Mancomunitat Intermunicipal Hoya de Bu\u00f1ol-Chiva. A la Mancomunitat La Serrania li corresponen 750.000 euros, mateixa quantitat que a la Mancomunitat de la Ribera Baixa. Mentres que a la Mancomunitat de Municipis de la Safor s\u2019ha destinat un total de 150.000 euros.<\/p>\n\n\n\n<p><strong>Actuacions subvencionables<\/strong><\/p>\n\n\n\n<p>Respecte a les actuacions subvencionables, es consideren les que estan incardinades dins dels eixos 1, 2 i 4 de l\u2019Estrat\u00e8gia de sostenibilitat tur\u00edstica en destinacions i tinguen per objecte exclusivament les tasques dirigides a la reconstrucci\u00f3 dels danys produ\u00efts per la dana, aix\u00ed com a la prevenci\u00f3 de futurs riscos clim\u00e0tics.&nbsp;<\/p>\n\n\n\n<p>L\u2019eix 1 compr\u00e9n actuacions en l\u2019\u00e0mbit de la transici\u00f3 verda i sostenible, com ara el desenrotllament de coneixements i elaboraci\u00f3 de plans relacionats amb l\u2019adaptaci\u00f3 al canvi clim\u00e0tic i la prevenci\u00f3 de riscos; sistemes d\u2019alerta primerenca, seguiment i avaluaci\u00f3 de riscos clim\u00e0tics; prevenci\u00f3 i gesti\u00f3 de riscos espec\u00edfics sobre el territori, com la prevenci\u00f3 d\u2019inundacions; o l\u2019adequaci\u00f3 de llits i rambles, la protecci\u00f3 davant de l\u2019erosi\u00f3 i altres riscos relacionats amb el clima.<\/p>\n\n\n\n<p>Tamb\u00e9 s\u00f3n subvencionables les actuacions integrades en l\u2019eix 2, enfocades a la millora de l\u2019efici\u00e8ncia energ\u00e8tica, que arreplega projectes com la creaci\u00f3 i adequaci\u00f3 de camins pedalables i sendes; la dotaci\u00f3 d\u2019equipaments tur\u00edstics (zones de descans, refugis, \u00e0rees recreatives, zones d\u2019ombra, punts d\u2019aigua) i estacions de reparaci\u00f3, creaci\u00f3 de punts de rec\u00e0rrega i recuperaci\u00f3 d\u2019estacions per a \u00fas ciclotur\u00edstic.<\/p>\n\n\n\n<p>Finalment, les actuacions lligades a l\u2019eix 4 se centren en l\u2019\u00e0mbit de la competitivitat. Aix\u00ed, s\u2019inclouen actuacions de soterrament de cablejat i millora d\u2019elements p\u00fablics; homogene\u00eftzaci\u00f3 d\u2019elements de mobiliari urb\u00e0, adequaci\u00f3 de parcs i jardins, cobriment de contenidors de fem, remodelaci\u00f3 i decoraci\u00f3 de fa\u00e7anes; programes i protocols de seguretat i higiene com l\u2019adquisici\u00f3 de m\u00e8todes de neteja, desinfecci\u00f3, prevenci\u00f3 i profilaxi en equipaments i llocs tur\u00edstics, aix\u00ed com plans de protecci\u00f3 contra incendis o de seguretat.<\/p>\n\n\n\n<p>Les actuacions que es desenrotllaran en cada comarca per part de les mancomunitats benefici\u00e0ries han sigut seleccionades per estes administracions i pels ajuntaments que formen part d\u2019estes, en un enfocament de cogovernan\u00e7a juntament amb la Generalitat. Estes actuacions han d\u2019estar totalment executades abans del 30 de juny de 2026.<\/p>\n","protected":false},"excerpt":{"rendered":"<div class=\"mh-excerpt\">La consellera Mari\u00e1n Cano destaca \u201cl\u2019agilitat amb la qual s\u2019ha gestionat el pagament d\u2019estes ajudes\u201d i reitera als municipis la \u201ctotal implicaci\u00f3 de l\u2019Administraci\u00f3 auton\u00f2mica per a la recuperaci\u00f3 de les zones afectades\u201d. Els fons <a class=\"mh-excerpt-more\" href=\"https:\/\/www.tucomarca.com\/wordpress\/segunda\/ca\/la-generalitat-transferix-mes-de-7-milions-deuros-de-fons-nextgenerationeu-a-mancomunitats-afectades-per-la-dana-per-a-projectes-de-reconstruccio-i-mitigacio-de-riscos-climatics\/\" title=\"La Generalitat transferix m\u00e9s de 7 milions d\u2019euros de fons NextGenerationEU a mancomunitats afectades per la dana per a projectes de reconstrucci\u00f3 i mitigaci\u00f3 de riscos clim\u00e0tics\">[+] <\/a><\/div>\n","protected":false},"author":13,"featured_media":278756,"comment_status":"open","ping_status":"open","sticky":false,"template":"","format":"standard","meta":{"footnotes":""},"categories":[21466,10898,10948,10894,10904,10903,10947,10896,10897],"tags":[15409,21789,11199],"class_list":{"0":"post-278758","1":"post","2":"type-post","3":"status-publish","4":"format-standard","5":"has-post-thumbnail","7":"category-dana-ca","8":"category-ventana-ca","9":"category-infraestructuras-ca","10":"category-la-comarca-ca","11":"category-sin-categorizar-ca","12":"category-medio-ambiente-la-comarca-ca","13":"category-politica","14":"category-seccion-ca","15":"category-sucesos-la-comarca-ca","16":"tag-dana-2-ca","17":"tag-generalitat-ca","18":"tag-la-comunitat-ca"},"_links":{"self":[{"href":"https:\/\/www.tucomarca.com\/wordpress\/segunda\/ca\/wp-json\/wp\/v2\/posts\/278758","targetHints":{"allow":["GET"]}}],"collection":[{"href":"https:\/\/www.tucomarca.com\/wordpress\/segunda\/ca\/wp-json\/wp\/v2\/posts"}],"about":[{"href":"https:\/\/www.tucomarca.com\/wordpress\/segunda\/ca\/wp-json\/wp\/v2\/types\/post"}],"author":[{"embeddable":true,"href":"https:\/\/www.tucomarca.com\/wordpress\/segunda\/ca\/wp-json\/wp\/v2\/users\/13"}],"replies":[{"embeddable":true,"href":"https:\/\/www.tucomarca.com\/wordpress\/segunda\/ca\/wp-json\/wp\/v2\/comments?post=278758"}],"version-history":[{"count":0,"href":"https:\/\/www.tucomarca.com\/wordpress\/segunda\/ca\/wp-json\/wp\/v2\/posts\/278758\/revisions"}],"wp:featuredmedia":[{"embeddable":true,"href":"https:\/\/www.tucomarca.com\/wordpress\/segunda\/ca\/wp-json\/wp\/v2\/media\/278756"}],"wp:attachment":[{"href":"https:\/\/www.tucomarca.com\/wordpress\/segunda\/ca\/wp-json\/wp\/v2\/media?parent=278758"}],"wp:term":[{"taxonomy":"category","embeddable":true,"href":"https:\/\/www.tucomarca.com\/wordpress\/segunda\/ca\/wp-json\/wp\/v2\/categories?post=278758"},{"taxonomy":"post_tag","embeddable":true,"href":"https:\/\/www.tucomarca.com\/wordpress\/segunda\/ca\/wp-json\/wp\/v2\/tags?post=278758"}],"curies":[{"name":"wp","href":"https:\/\/api.w.org\/{rel}","templated":true}]}}