{"id":278771,"date":"2025-09-09T11:00:00","date_gmt":"2025-09-09T09:00:00","guid":{"rendered":"https:\/\/www.tucomarca.com\/wordpress\/segunda\/?p=278771"},"modified":"2025-09-09T20:28:49","modified_gmt":"2025-09-09T18:28:49","slug":"la-diputacio-impulsa-un-programa-de-formacio-de-directius-en-huit-comarques-valencianes","status":"publish","type":"post","link":"https:\/\/www.tucomarca.com\/wordpress\/segunda\/ca\/la-diputacio-impulsa-un-programa-de-formacio-de-directius-en-huit-comarques-valencianes\/","title":{"rendered":"La Diputaci\u00f3 impulsa un programa de formaci\u00f3 de directius en huit comarques valencianes"},"content":{"rendered":"\n<h3 class=\"wp-block-heading\">La delegaci\u00f3 de Promoci\u00f3 Econ\u00f2mica que coordina la vicepresidenta Nat\u00e0lia Enguix impulsa, junt amb FEPEVAL, este projecte innovador que refor\u00e7a els vincles entre els ajuntaments i el teixit empresarial local.<\/h3>\n\n\n\n<h3 class=\"wp-block-heading\">La segona edici\u00f3 del Formworking constar\u00e0 del doble de sessions que el cicle inaugural. S&#8217;impartiran, entre el 16 de setembre i el 25 de novembre, en Riba-roja, Canals, Ll\u00edria, L&#8217;Olleria, Massanassa, Pu\u00e7ol, Vilallonga i Alberic.<\/h3>\n\n\n\n<p>La Diputaci\u00f3 de Val\u00e8ncia i la Federaci\u00f3 de Parcs Empresarials de la Comunitat Valenciana (FEPEVAL) posaran en marxa este mes la segona edici\u00f3 del &#8216;Formworking&#8217;, un projecte innovador de formaci\u00f3 especialitzada dirigit al personal directiu d&#8217;empreses locals. L&#8217;objectiu de la iniciativa, consolidada per la delegaci\u00f3 de Promoci\u00f3 Econ\u00f2mica que dirigix la vicepresidenta Nat\u00e0lia Enguix, \u00e9s &#8220;ajudar les empreses a dur a terme els canvis necessaris per a competir en un mercat cada vegada m\u00e9s exigent&#8221;.<\/p>\n\n\n\n<p>La vicepresidenta Enguix, responsable de Cooperaci\u00f3 Municipal, ha avan\u00e7at que les jornades formatives arrancaran dimarts que ve 16 de setembre en Riba-roja i finalitzaran el 25 de novembre a Alberic. La corporaci\u00f3 provincial subvenciona el programa amb 120.000 euros, i en el desenvolupament del mateix comptar\u00e0 amb la col\u00b7laboraci\u00f3 de FEPEVAL. Des de la Delegaci\u00f3 de Parcs Empresarials destaquen la import\u00e0ncia d&#8217;esta &#8220;formaci\u00f3 descentralitzada que ser\u00e0 impartida per professionals vinculats a EDEM&#8221;.<\/p>\n\n\n\n<p>En paraules de Nat\u00e0lia Enguix, \u201cla iniciativa enfortix les relacions entre el sector p\u00fablic i el privat per a desenvolupar econ\u00f2micament els pobles i ciutats del territori valenci\u00e0, acostant la formaci\u00f3 a directius de les comarques&#8221;. &#8220;En la primera edici\u00f3 vam dir que portar\u00edem el programa a m\u00e9s pobles i \u00e9s una de les grans novetats del nou cicle, que duplica els municipis participants\u201d, informa la responsable provincial. \u201cLa idea \u00e9s crear un espai hum\u00e0, inclusiu i eficient en les empreses, aportant ferramentes per a afrontar els reptes del futur, incl\u00f2s el de la reconstrucci\u00f3&#8221;, afig Enguix.<\/p>\n\n\n\n<p><strong>Formadors i sessions<\/strong><\/p>\n\n\n\n<p>Riba-roja obrir\u00e0 la segona edici\u00f3 del Formworking de la Diputaci\u00f3 el dimarts 16 de setembre. La vicepresidenta Nat\u00e0lia Enguix assistir\u00e0 a l&#8217;obertura d&#8217;una jornada que estar\u00e0 dirigida pel soci\u00f2leg i director comercial Eduardo Rosser. Sense abandonar el municipi, el dimecres 24 tindr\u00e0 lloc una segona jornada a c\u00e0rrec de Pepe Crespo, doctor en Enginyeria Gr\u00e0fica per la UPV i llicenciat en Ci\u00e8ncies de la Informaci\u00f3 per la Complutense de Madrid.<\/p>\n\n\n\n<p>El dilluns 22 de setembre ser\u00e0 la bloguera, podcaster i conferenciant Reme Egea, creadora del projecte \u2018Amb els peus a l\u2019Aula\u2019, la que conduir\u00e0 la primera de les jornades programades a L&#8217;Olleria. Tamb\u00e9 en el municipi de la Vall d&#8217;Albaida tindr\u00e0 lloc una segona sessi\u00f3 amb Eduardo Rosser, fixada per al 2 d&#8217;octubre. De la Vall saltem a l&#8217;Horta Sud, en concret a Massanassa, on estan previstes les sessions formatives de Pepe Crespo, el 30 de setembre, i de Reme Egea, el 7 d&#8217;octubre.<\/p>\n\n\n\n<p>Al Camp de T\u00faria, Ll\u00edria acollir\u00e0 el Formworking de la Diputaci\u00f3 el dimarts 14 d&#8217;octubre, amb Pepe Crespo com a formador; i el divendres 17 del mateix mes, amb la intervenci\u00f3 de la periodista i consultora en Comunicaci\u00f3 Maribel Vilaplana. Tamb\u00e9 a l&#8217;octubre, el programa de formaci\u00f3 comarcal de la Diputaci\u00f3 es trasllada a la Costera, amb les jornades de Bernardo Perales, que acumula quatre d\u00e8cades d&#8217;experi\u00e8ncia en vendes i direcci\u00f3 comercial, liderant projectes d&#8217;\u00e8xit per a empreses com a Via Digital, Telyco i Telef\u00f3nica, i Reme Egea a Canals, el dimarts 21 i el dimecres 29 respectivament.<\/p>\n\n\n\n<p>El Formworking arribar\u00e0 a la Safor el 30 de setembre, amb la sessi\u00f3 a Vilallonga a c\u00e0rrec d&#8217;Eduardo Rosser. La segona cita ser\u00e0 el dimecres 5 de novembre amb Reme Egea com a formadora. De la Safor ens en anem a l&#8217;Horta Nord, amb les jornades de Pu\u00e7ol el dijous 6 de novembre, a c\u00e0rrec del doctor \u2018cum laude\u2019 en Direcci\u00f3 d&#8217;Empreses Jos\u00e9 Antonio Moreno, i el dimecres 12 amb Reme Egea. I aix\u00ed arribem a l&#8217;\u00faltima de les cites, que trobem a la Ribera Alta i el municipi d&#8217;Alberic, que rebr\u00e0 a Pepe Crespo el dimecres 19 de novembre, i tancar\u00e0 la segona edici\u00f3 del Formworking de la Diputaci\u00f3 el dimarts 25 amb Maribel Vilaplana.<\/p>\n\n\n\n<p><strong>El Formworking<\/strong><\/p>\n\n\n\n<p>El Formworking \u00e9s un encontre de treball i formaci\u00f3 per a fomentar i millorar les relacions empresarials, ampliant coneixements i impulsant la cooperaci\u00f3. Els objectius del cicle estan orientats al desenvolupament d&#8217;habilitats en la gesti\u00f3 i direcci\u00f3 de l&#8217;empresa. Des de FEPEVAL ho consideren \u201cuna bona ferramenta per a generar coneixement, i un gran aliat perqu\u00e8 les administracions locals recolzen als seus aut\u00f2noms, pimes i comerciants de manera eficient&#8221;.<\/p>\n\n\n\n<p>Els parcs empresarials s\u00f3n &#8220;els \u00faltims barris dels municipis, desconeguts en molts casos, i tant els ajuntaments com la Diputaci\u00f3 s&#8217;estan implicant per a canviar aix\u00f2, apostant per ferramentes com el networking, acostant a les empreses entre si i fomentant les sinergies&#8221;, assenyala la vicepresidenta Enguix, qui explica la metodologia d&#8217;estes jornades formatives: \u201ccada formador elabora la seua pon\u00e8ncia o taller, convidant als assistents a realitzar les seues propostes en relaci\u00f3 al tema tractat, i despr\u00e9s s&#8217;obri un col\u00b7loqui entre tots els participants per a extraure les conclusions\u201d.<\/p>\n\n\n\n<p>En FEPEVAL posen l&#8217;\u00e8mfasi en \u201cles din\u00e0miques de grup que poden canviar-ho tot i impulsar la projecci\u00f3 de les empreses cap a dins i cap a fora&#8221;, ja que hi ha vegades que en estos encontres \u201cs&#8217;adonen que tenen clients o prove\u00efdors en el mateix parc empresarial i no han de rec\u00f3rrer fora&#8221;.<\/p>\n\n\n\n<figure class=\"wp-block-image size-large\"><img loading=\"lazy\" decoding=\"async\" width=\"1024\" height=\"768\" src=\"http:\/\/www.tucomarca.com\/wordpress\/segunda\/wp-content\/uploads\/2025\/09\/Sueca_formworking-1024x768.jpg\" alt=\"\" class=\"wp-image-278768\" srcset=\"https:\/\/www.tucomarca.com\/wordpress\/segunda\/wp-content\/uploads\/2025\/09\/Sueca_formworking-1024x768.jpg 1024w, https:\/\/www.tucomarca.com\/wordpress\/segunda\/wp-content\/uploads\/2025\/09\/Sueca_formworking-300x225.jpg 300w, https:\/\/www.tucomarca.com\/wordpress\/segunda\/wp-content\/uploads\/2025\/09\/Sueca_formworking-768x576.jpg 768w, https:\/\/www.tucomarca.com\/wordpress\/segunda\/wp-content\/uploads\/2025\/09\/Sueca_formworking-1536x1152.jpg 1536w, https:\/\/www.tucomarca.com\/wordpress\/segunda\/wp-content\/uploads\/2025\/09\/Sueca_formworking-678x509.jpg 678w, https:\/\/www.tucomarca.com\/wordpress\/segunda\/wp-content\/uploads\/2025\/09\/Sueca_formworking-326x245.jpg 326w, https:\/\/www.tucomarca.com\/wordpress\/segunda\/wp-content\/uploads\/2025\/09\/Sueca_formworking-80x60.jpg 80w, https:\/\/www.tucomarca.com\/wordpress\/segunda\/wp-content\/uploads\/2025\/09\/Sueca_formworking.jpg 1600w\" sizes=\"auto, (max-width: 1024px) 100vw, 1024px\" \/><\/figure>\n","protected":false},"excerpt":{"rendered":"<div class=\"mh-excerpt\">La delegaci\u00f3 de Promoci\u00f3 Econ\u00f2mica que coordina la vicepresidenta Nat\u00e0lia Enguix impulsa, junt amb FEPEVAL, este projecte innovador que refor\u00e7a els vincles entre els ajuntaments i el teixit empresarial local. La segona edici\u00f3 del Formworking <a class=\"mh-excerpt-more\" href=\"https:\/\/www.tucomarca.com\/wordpress\/segunda\/ca\/la-diputacio-impulsa-un-programa-de-formacio-de-directius-en-huit-comarques-valencianes\/\" title=\"La Diputaci\u00f3 impulsa un programa de formaci\u00f3 de directius en huit comarques valencianes\">[+] <\/a><\/div>\n","protected":false},"author":13,"featured_media":278767,"comment_status":"open","ping_status":"open","sticky":false,"template":"","format":"standard","meta":{"footnotes":""},"categories":[10892,10967,20520,10898,10963,10904,20456,10928,10906],"tags":[10899,11094,21009,11070,11102],"class_list":{"0":"post-278771","1":"post","2":"type-post","3":"status-publish","4":"format-standard","5":"has-post-thumbnail","7":"category-camp-de-turia-ca","8":"category-canals-ca","9":"category-cooperacio-municipal","10":"category-ventana-ca","11":"category-la-canal-de-navarres-ca","12":"category-sin-categorizar-ca","13":"category-la-diputacio-de-valencia-informa-ca","14":"category-lliria-ca","15":"category-riba-roja-ca","16":"tag-camp-de-turia-ca","17":"tag-la-canal-de-navarres","18":"tag-la-diputacio-de-valencia-ca","19":"tag-lliria-ca","20":"tag-riba-roja-2-ca"},"_links":{"self":[{"href":"https:\/\/www.tucomarca.com\/wordpress\/segunda\/ca\/wp-json\/wp\/v2\/posts\/278771","targetHints":{"allow":["GET"]}}],"collection":[{"href":"https:\/\/www.tucomarca.com\/wordpress\/segunda\/ca\/wp-json\/wp\/v2\/posts"}],"about":[{"href":"https:\/\/www.tucomarca.com\/wordpress\/segunda\/ca\/wp-json\/wp\/v2\/types\/post"}],"author":[{"embeddable":true,"href":"https:\/\/www.tucomarca.com\/wordpress\/segunda\/ca\/wp-json\/wp\/v2\/users\/13"}],"replies":[{"embeddable":true,"href":"https:\/\/www.tucomarca.com\/wordpress\/segunda\/ca\/wp-json\/wp\/v2\/comments?post=278771"}],"version-history":[{"count":0,"href":"https:\/\/www.tucomarca.com\/wordpress\/segunda\/ca\/wp-json\/wp\/v2\/posts\/278771\/revisions"}],"wp:featuredmedia":[{"embeddable":true,"href":"https:\/\/www.tucomarca.com\/wordpress\/segunda\/ca\/wp-json\/wp\/v2\/media\/278767"}],"wp:attachment":[{"href":"https:\/\/www.tucomarca.com\/wordpress\/segunda\/ca\/wp-json\/wp\/v2\/media?parent=278771"}],"wp:term":[{"taxonomy":"category","embeddable":true,"href":"https:\/\/www.tucomarca.com\/wordpress\/segunda\/ca\/wp-json\/wp\/v2\/categories?post=278771"},{"taxonomy":"post_tag","embeddable":true,"href":"https:\/\/www.tucomarca.com\/wordpress\/segunda\/ca\/wp-json\/wp\/v2\/tags?post=278771"}],"curies":[{"name":"wp","href":"https:\/\/api.w.org\/{rel}","templated":true}]}}