{"id":278936,"date":"2025-09-10T08:30:00","date_gmt":"2025-09-10T06:30:00","guid":{"rendered":"https:\/\/www.tucomarca.com\/wordpress\/segunda\/?p=278936"},"modified":"2025-09-10T18:35:31","modified_gmt":"2025-09-10T16:35:31","slug":"bugarra-remodelara-integralment-el-poliesportiu-amb-la-inversio-de-la-diputacio","status":"publish","type":"post","link":"https:\/\/www.tucomarca.com\/wordpress\/segunda\/ca\/bugarra-remodelara-integralment-el-poliesportiu-amb-la-inversio-de-la-diputacio\/","title":{"rendered":"Bugarra remodelar\u00e0 integralment el poliesportiu amb la inversi\u00f3 de la Diputaci\u00f3"},"content":{"rendered":"\n<h3 class=\"wp-block-heading\">L&#8217;alcaldessa, Teresa Cervera, es reunix amb el president de la Diputaci\u00f3 de Val\u00e8ncia, Vicent Momp\u00f3, per a traslladar-li els projectes previstos amb el Pla Obert.<\/h3>\n\n\n\n<h3 class=\"wp-block-heading\">Bugarra t\u00e9 assignats 729.447 euros del Pla Obert d\u2019Inversions 24\/27, 98.111 euros m\u00e9s que amb els plans de la legislatura anterior.<\/h3>\n\n\n\n<p>Bugarra t\u00e9 previst remodelar integralment el poliesportiu municipal amb una inversi\u00f3 de m\u00e9s de 400.000 euros de la Diputaci\u00f3 de Val\u00e8ncia. Aix\u00ed li ho ha traslladat l&#8217;alcaldessa del municipi de la Serrania, Teresa Cervera, al president de la Diputaci\u00f3, Vicent Momp\u00f3, en la reuni\u00f3 que han mantingut este mat\u00ed.<\/p>\n\n\n\n<p>Segons ha detallat la primera edil, la rehabilitaci\u00f3 millorar\u00e0 l&#8217;accessibilitat ja que ara \u201cl&#8217;entrada \u00e9s una costa i es pret\u00e9n facilitar l&#8217;acc\u00e9s a persones amb diversitat funcional, persones majors, carrets de beb\u00e9, etc\u201d. A m\u00e9s, ha concretat, \u201c\u00e9s necessari rehabilitar el vestuari, la pista de front\u00f3 i la de p\u00e0del, la zona de la carpa, aix\u00ed com renovar l&#8217;enllumenat\u201d.&nbsp;<\/p>\n\n\n\n<p>D&#8217;altra banda, est\u00e0 previst habilitar un nou magatzem municipal ja que la dana va inundar els que hi havia i cal canviar-ho d&#8217;ubicaci\u00f3; realitzar millores a l&#8217;ajuntament; i canviar l&#8217;enllumenat p\u00fablic que queda pendent despr\u00e9s de la riuada.&nbsp;<\/p>\n\n\n\n<p>En total, Bugarra t\u00e9 assignats 729.447 euros del Pla Obert d\u2019Inversions 24\/27, 98.111 euros m\u00e9s que amb els plans de la legislatura anterior. L&#8217;alcaldessa ha explicat que per als ajuntaments com el de Bugarra este pla \u201c\u00e9s m\u00e9s f\u00e0cil perqu\u00e8 tens els diners i tu decidixes quan, com i en qu\u00e8 utilitzar-lo; el veig bastant flexible i positiu en comparaci\u00f3 a altres plans d&#8217;inversions que he gestionat com a alcaldessa\u201d.&nbsp;<\/p>\n\n\n\n<p>Respecte a l&#8217;actuaci\u00f3 de la Diputaci\u00f3 despr\u00e9s de la dana, Cervera ha ressaltat que va ser \u201cla primera\u201d que va estar a Bugarra, \u201cel mateix dia 30 a la vesprada hi havia un t\u00e8cnic de la Diputaci\u00f3 revisant qu\u00e8 necessitava el poble i ac\u00ed comen\u00e7a tot: es van elaborar les fitxes amb els danys, la Diputaci\u00f3 ens va habilitar 150.000 euros per a gasto corrent, ens va donar dos cotxes perqu\u00e8 els tres que ten\u00edem es van inundar i els vam perdre, i ara tamb\u00e9 ens ha fet arribar 100.000 euros per a poder contractar t\u00e8cnics o servicis per a la reconstrucci\u00f3\u201d. \u201cSom un poble menor de 1.000 habitants i necessitem l&#8217;ajuda de la Diputaci\u00f3 al cent per cent\u201d, ha subratllat.&nbsp;<\/p>\n\n\n\n<p>Per part seua, el president de la Diputaci\u00f3, Vicent Momp\u00f3, ha valorat tant els projectes que Bugarra t\u00e9 previstos fer amb el Pla Obert com el treball de l&#8217;alcaldessa despr\u00e9s de la dana. \u201cEns alegra molt que un municipi com Bugarra, greument afectat per la riuada, pose de manifest el treball r\u00e0pid i eficient de la Diputaci\u00f3 despr\u00e9s de la cat\u00e0strofe; un treball que seria infruct\u00edfer si no hi haguera al peu del can\u00f3 a una alcaldessa preocupada i molt ocupada pel seu poble\u201d, ha destacat Momp\u00f3.<\/p>\n\n\n\n<p>Igualment, ha esgrimit que els projectes que Bugarra t\u00e9 previstos realitzar amb el Pla Obert 24\/27 \u201cs\u00f3n millores que redunden en la qualitat de vida de la ciutadania; especialment el poliesportiu que afavorix no sols la pr\u00e0ctica esportiva, sin\u00f3 tamb\u00e9 suposa un espai de trobada que contribu\u00efx a una major sociabilitzaci\u00f3 dels ve\u00efns i ve\u00efnes\u201d.<\/p>\n\n\n\n<figure class=\"wp-block-gallery has-nested-images columns-default is-cropped wp-block-gallery-1 is-layout-flex wp-block-gallery-is-layout-flex\">\n<figure class=\"wp-block-image size-large\"><img loading=\"lazy\" decoding=\"async\" width=\"1024\" height=\"673\" data-id=\"278931\" src=\"https:\/\/www.tucomarca.com\/wordpress\/segunda\/wp-content\/uploads\/2025\/09\/MompoAlcaldesaBugarra02-1024x673.jpg\" alt=\"\" class=\"wp-image-278931\" srcset=\"https:\/\/www.tucomarca.com\/wordpress\/segunda\/wp-content\/uploads\/2025\/09\/MompoAlcaldesaBugarra02-1024x673.jpg 1024w, https:\/\/www.tucomarca.com\/wordpress\/segunda\/wp-content\/uploads\/2025\/09\/MompoAlcaldesaBugarra02-300x197.jpg 300w, https:\/\/www.tucomarca.com\/wordpress\/segunda\/wp-content\/uploads\/2025\/09\/MompoAlcaldesaBugarra02-768x505.jpg 768w, https:\/\/www.tucomarca.com\/wordpress\/segunda\/wp-content\/uploads\/2025\/09\/MompoAlcaldesaBugarra02-1536x1010.jpg 1536w, https:\/\/www.tucomarca.com\/wordpress\/segunda\/wp-content\/uploads\/2025\/09\/MompoAlcaldesaBugarra02-2048x1346.jpg 2048w\" sizes=\"auto, (max-width: 1024px) 100vw, 1024px\" \/><\/figure>\n\n\n\n<figure class=\"wp-block-image size-large\"><img loading=\"lazy\" decoding=\"async\" width=\"1024\" height=\"673\" data-id=\"278933\" src=\"https:\/\/www.tucomarca.com\/wordpress\/segunda\/wp-content\/uploads\/2025\/09\/MompoAlcaldesaBugarra03-1024x673.jpg\" alt=\"\" class=\"wp-image-278933\" srcset=\"https:\/\/www.tucomarca.com\/wordpress\/segunda\/wp-content\/uploads\/2025\/09\/MompoAlcaldesaBugarra03-1024x673.jpg 1024w, https:\/\/www.tucomarca.com\/wordpress\/segunda\/wp-content\/uploads\/2025\/09\/MompoAlcaldesaBugarra03-300x197.jpg 300w, https:\/\/www.tucomarca.com\/wordpress\/segunda\/wp-content\/uploads\/2025\/09\/MompoAlcaldesaBugarra03-768x505.jpg 768w, https:\/\/www.tucomarca.com\/wordpress\/segunda\/wp-content\/uploads\/2025\/09\/MompoAlcaldesaBugarra03-1536x1010.jpg 1536w, https:\/\/www.tucomarca.com\/wordpress\/segunda\/wp-content\/uploads\/2025\/09\/MompoAlcaldesaBugarra03-2048x1346.jpg 2048w\" sizes=\"auto, (max-width: 1024px) 100vw, 1024px\" \/><\/figure>\n<\/figure>\n","protected":false},"excerpt":{"rendered":"<div class=\"mh-excerpt\">L&#8217;alcaldessa, Teresa Cervera, es reunix amb el president de la Diputaci\u00f3 de Val\u00e8ncia, Vicent Momp\u00f3, per a traslladar-li els projectes previstos amb el Pla Obert. Bugarra t\u00e9 assignats 729.447 euros del Pla Obert d\u2019Inversions 24\/27, <a class=\"mh-excerpt-more\" href=\"https:\/\/www.tucomarca.com\/wordpress\/segunda\/ca\/bugarra-remodelara-integralment-el-poliesportiu-amb-la-inversio-de-la-diputacio\/\" title=\"Bugarra remodelar\u00e0 integralment el poliesportiu amb la inversi\u00f3 de la Diputaci\u00f3\">[+] <\/a><\/div>\n","protected":false},"author":13,"featured_media":278930,"comment_status":"open","ping_status":"open","sticky":false,"template":"","format":"standard","meta":{"footnotes":""},"categories":[11040,11046,11003,10898,10948,10894,11009,10947,10896],"tags":[19852,21629,12903,11080],"class_list":{"0":"post-278936","1":"post","2":"type-post","3":"status-publish","4":"format-standard","5":"has-post-thumbnail","7":"category-bugarra-ca","8":"category-los-serranos-ca","9":"category-sports","10":"category-ventana-ca","11":"category-infraestructuras-ca","12":"category-la-comarca-ca","13":"category-polideportivo-ca","14":"category-politica","15":"category-seccion-ca","16":"tag-bugarra-ca","17":"tag-carreteras-de-la-diputacion-ca","18":"tag-infraestructuras-ca","19":"tag-los-serranos-ca"},"_links":{"self":[{"href":"https:\/\/www.tucomarca.com\/wordpress\/segunda\/ca\/wp-json\/wp\/v2\/posts\/278936","targetHints":{"allow":["GET"]}}],"collection":[{"href":"https:\/\/www.tucomarca.com\/wordpress\/segunda\/ca\/wp-json\/wp\/v2\/posts"}],"about":[{"href":"https:\/\/www.tucomarca.com\/wordpress\/segunda\/ca\/wp-json\/wp\/v2\/types\/post"}],"author":[{"embeddable":true,"href":"https:\/\/www.tucomarca.com\/wordpress\/segunda\/ca\/wp-json\/wp\/v2\/users\/13"}],"replies":[{"embeddable":true,"href":"https:\/\/www.tucomarca.com\/wordpress\/segunda\/ca\/wp-json\/wp\/v2\/comments?post=278936"}],"version-history":[{"count":0,"href":"https:\/\/www.tucomarca.com\/wordpress\/segunda\/ca\/wp-json\/wp\/v2\/posts\/278936\/revisions"}],"wp:featuredmedia":[{"embeddable":true,"href":"https:\/\/www.tucomarca.com\/wordpress\/segunda\/ca\/wp-json\/wp\/v2\/media\/278930"}],"wp:attachment":[{"href":"https:\/\/www.tucomarca.com\/wordpress\/segunda\/ca\/wp-json\/wp\/v2\/media?parent=278936"}],"wp:term":[{"taxonomy":"category","embeddable":true,"href":"https:\/\/www.tucomarca.com\/wordpress\/segunda\/ca\/wp-json\/wp\/v2\/categories?post=278936"},{"taxonomy":"post_tag","embeddable":true,"href":"https:\/\/www.tucomarca.com\/wordpress\/segunda\/ca\/wp-json\/wp\/v2\/tags?post=278936"}],"curies":[{"name":"wp","href":"https:\/\/api.w.org\/{rel}","templated":true}]}}