{"id":279175,"date":"2025-09-13T09:00:00","date_gmt":"2025-09-13T07:00:00","guid":{"rendered":"https:\/\/www.tucomarca.com\/wordpress\/segunda\/?p=279175"},"modified":"2025-09-15T20:38:03","modified_gmt":"2025-09-15T18:38:03","slug":"el-curs-escolar-2025-26-comenca-amb-3-000-beneficiaris-mes-de-beca-completa-de-menjador-respecte-a-linici-del-curs-passat","status":"publish","type":"post","link":"https:\/\/www.tucomarca.com\/wordpress\/segunda\/ca\/el-curs-escolar-2025-26-comenca-amb-3-000-beneficiaris-mes-de-beca-completa-de-menjador-respecte-a-linici-del-curs-passat\/","title":{"rendered":"El curs escolar 2025-26 comen\u00e7a amb 3.000 beneficiaris m\u00e9s de beca completa de menjador respecte a l&#8217;inici del curs passat"},"content":{"rendered":"\n<h3 class=\"wp-block-heading\">Amb les dades provisionals d&#8217;inici de curs les ajudes de menjador per a alumnat amb necessitats especials ja s&#8217;han vist incrementades en un 17%.<\/h3>\n\n\n\n<h3 class=\"wp-block-heading\">S&#8217;observa un augment de l&#8217;alumnat beneficiari en zones rurals i amb el risc de despoblament en un 8% respecte a l&#8217;inici del curs 24\/25.<\/h3>\n\n\n\n<p>El curs escolar 2025\/2026 ha comen\u00e7at en la Comunitat Valenciana amb 3.000 beneficiaris m\u00e9s de beca completa de menjador respecte a l&#8217;inici del curs passat.<\/p>\n\n\n\n<p>Aix\u00ed es despr\u00e9n de la recopilaci\u00f3 de les dades inicials del curs 2025\/2026, en el qual la Conselleria d&#8217;Educaci\u00f3, Cultura, Universitats i Ocupaci\u00f3 destina 76.275.000 euros a ajudes de menjador escolar.<\/p>\n\n\n\n<p>La Direcci\u00f3 General de Centres Docents ha publicat els llistats provisionals d&#8217;ajudes de menjador, que estan disponibles en tots els centres p\u00fablics amb ensenyaments d&#8217;Educaci\u00f3 Infantil, Prim\u00e0ria, Secund\u00e0ria i Educaci\u00f3 Especial, aix\u00ed com en els centres concertats que disposen de servei de menjador. Les fam\u00edlies disposen fins al 23 de setembre per a presentar al\u00b7legacions a aquests llistats provisionals aportant la documentaci\u00f3 que consideren pertinent.<\/p>\n\n\n\n<p><strong>Alumnes beneficiaris<\/strong><\/p>\n\n\n\n<p>En aquesta primera resoluci\u00f3 provisional s&#8217;han baremat un total de 181.832 sol\u00b7licituds de les quals, ara com ara, s&#8217;han adjudicat 123.021 alumnes amb beca de menjador i d&#8217;eixes, 68.418 alumnes ho s\u00f3n de beca completa de menjador escolar, la qual cosa suposa un increment del 5% respecte a les previsions que es van registrar en l&#8217;inici del curs 2024\/2025.<\/p>\n\n\n\n<p>La resta de les sol\u00b7licituds han sigut baremades en funci\u00f3 de la renda per c\u00e0pita i les seues circumst\u00e0ncies sociofamiliars, establint-se una puntuaci\u00f3 m\u00ednima de 7 punts per a resultar beneficiari d&#8217;una ajuda de menjador escolar.<\/p>\n\n\n\n<p>En les beques de menjador s&#8217;estableix una ajuda m\u00e0xima assignada a cada comensal, de manera que, per cada dia d&#8217;assist\u00e8ncia al menjador, l&#8217;alumne percebr\u00e0 4,35 euros si cursa Educaci\u00f3 Infantil, Prim\u00e0ria i\/o Secund\u00e0ria; 5,54 euros per al cas de l&#8217;alumnat d&#8217;Educaci\u00f3 Especial, i fins a 12,35 euros per a l&#8217;alumnat de les Escola-llar.<\/p>\n\n\n\n<p>Destaca, aix\u00ed mateix, l&#8217;increment de dotaci\u00f3 d&#8217;aules UECO -que atenen alumnat amb necessitats espec\u00edfiques en centres ordinaris- en 20 CEIP i en 19 IES de la Comunitat Valenciana per al 2025-2026, reflectint-se un augment en un 17% respecte a l&#8217;inici del curs anterior de les ajudes de menjador destinades a alumnat amb necessitats especials.<\/p>\n\n\n\n<p>Aix\u00ed mateix, en el cas de zones rurals i amb el risc de despoblament, aquesta ajuda m\u00e0xima s&#8217;ha incrementat fins a 5,65 euros per a garantir la viabilitat econ\u00f2mica del servei. Sobre aquest tema, s&#8217;ha observat un augment de l&#8217;alumnat beneficiat en zones rurals i amb el risc de despoblament en un 8% respecte del curs anterior.<\/p>\n","protected":false},"excerpt":{"rendered":"<div class=\"mh-excerpt\">Amb les dades provisionals d&#8217;inici de curs les ajudes de menjador per a alumnat amb necessitats especials ja s&#8217;han vist incrementades en un 17%. S&#8217;observa un augment de l&#8217;alumnat beneficiari en zones rurals i amb <a class=\"mh-excerpt-more\" href=\"https:\/\/www.tucomarca.com\/wordpress\/segunda\/ca\/el-curs-escolar-2025-26-comenca-amb-3-000-beneficiaris-mes-de-beca-completa-de-menjador-respecte-a-linici-del-curs-passat\/\" title=\"El curs escolar 2025-26 comen\u00e7a amb 3.000 beneficiaris m\u00e9s de beca completa de menjador respecte a l&#8217;inici del curs passat\">[+] <\/a><\/div>\n","protected":false},"author":12,"featured_media":279174,"comment_status":"open","ping_status":"open","sticky":false,"template":"","format":"standard","meta":{"footnotes":""},"categories":[10898,10948,10894,10904,10947,10896],"tags":[22993,22994,11498],"class_list":{"0":"post-279175","1":"post","2":"type-post","3":"status-publish","4":"format-standard","5":"has-post-thumbnail","7":"category-ventana-ca","8":"category-infraestructuras-ca","9":"category-la-comarca-ca","10":"category-sin-categorizar-ca","11":"category-politica","12":"category-seccion-ca","13":"tag-becas-comedor-ca","14":"tag-curso-2025-26-ca","15":"tag-generalitat-valenciana-ca"},"_links":{"self":[{"href":"https:\/\/www.tucomarca.com\/wordpress\/segunda\/ca\/wp-json\/wp\/v2\/posts\/279175","targetHints":{"allow":["GET"]}}],"collection":[{"href":"https:\/\/www.tucomarca.com\/wordpress\/segunda\/ca\/wp-json\/wp\/v2\/posts"}],"about":[{"href":"https:\/\/www.tucomarca.com\/wordpress\/segunda\/ca\/wp-json\/wp\/v2\/types\/post"}],"author":[{"embeddable":true,"href":"https:\/\/www.tucomarca.com\/wordpress\/segunda\/ca\/wp-json\/wp\/v2\/users\/12"}],"replies":[{"embeddable":true,"href":"https:\/\/www.tucomarca.com\/wordpress\/segunda\/ca\/wp-json\/wp\/v2\/comments?post=279175"}],"version-history":[{"count":0,"href":"https:\/\/www.tucomarca.com\/wordpress\/segunda\/ca\/wp-json\/wp\/v2\/posts\/279175\/revisions"}],"wp:featuredmedia":[{"embeddable":true,"href":"https:\/\/www.tucomarca.com\/wordpress\/segunda\/ca\/wp-json\/wp\/v2\/media\/279174"}],"wp:attachment":[{"href":"https:\/\/www.tucomarca.com\/wordpress\/segunda\/ca\/wp-json\/wp\/v2\/media?parent=279175"}],"wp:term":[{"taxonomy":"category","embeddable":true,"href":"https:\/\/www.tucomarca.com\/wordpress\/segunda\/ca\/wp-json\/wp\/v2\/categories?post=279175"},{"taxonomy":"post_tag","embeddable":true,"href":"https:\/\/www.tucomarca.com\/wordpress\/segunda\/ca\/wp-json\/wp\/v2\/tags?post=279175"}],"curies":[{"name":"wp","href":"https:\/\/api.w.org\/{rel}","templated":true}]}}