{"id":279237,"date":"2025-09-15T11:00:00","date_gmt":"2025-09-15T09:00:00","guid":{"rendered":"https:\/\/www.tucomarca.com\/wordpress\/segunda\/?p=279237"},"modified":"2025-09-15T20:53:39","modified_gmt":"2025-09-15T18:53:39","slug":"el-cd-bunyol-semporta-el-derbi-intercomarcal-enfront-del-cd-utiel-1-0-en-el-seu-retorn-a-tercera","status":"publish","type":"post","link":"https:\/\/www.tucomarca.com\/wordpress\/segunda\/ca\/el-cd-bunyol-semporta-el-derbi-intercomarcal-enfront-del-cd-utiel-1-0-en-el-seu-retorn-a-tercera\/","title":{"rendered":"El CD Bunyol s&#8217;emporta el derbi intercomarcal enfront del CD Utiel (1-0) en el seu retorn a Tercera"},"content":{"rendered":"\n<p>El&nbsp;CD Bunyol ha estrenat el seu caseller de vict\u00f2ries en la segona jornada de la&nbsp;Tercera Federaci\u00f3&nbsp;despr\u00e9s d&#8217;imposar-se per&nbsp;0-1 al CD Utiel&nbsp;en el sempre complicat camp La Celadilla; en un derbi intercomarcal entre dos equips que es coneixen molt b\u00e9.<\/p>\n\n\n\n<p>La trobada va estar molt igualat durant la primera part, amb ocasions repartides i un ritme intens en el centre del camp, encara que cap dels dos conjunts va aconseguir trencar l&#8217;empat inicial abans del descans.<\/p>\n\n\n\n<p>El moment decisiu va arribar en el&nbsp;minut 50, quan&nbsp;\u00c1lvaro Peris&nbsp;va aprofitar una bona acci\u00f3 col\u00b7lectiva per a batre al portera local i anotar l&#8217;\u00fanic tant del xoc. El gol va permetre al Bunyol controlar el ritme del partit, defensant amb ordre i buscant eixir al contraatac davant un Utiel que va estr\u00e9nyer fins al final a la recerca de l&#8217;empat.<\/p>\n\n\n\n<p>Amb aquesta vict\u00f2ria, el CD Bunyol suma els seus&nbsp;tres primers punts&nbsp;en la competici\u00f3, mentre que el CD Utiel es queda sense puntuar en aquesta segona jornada.<\/p>\n\n\n\n<p>El pr\u00f2xim comprom\u00eds per als de Bunyol ser\u00e0 en el seu estadi, on tractaran de donar continu\u00eftat a aquest important triomf i confirmar les bones sensacions que ha deixat l&#8217;equip en aquest inici de lliga.<\/p>\n","protected":false},"excerpt":{"rendered":"<div class=\"mh-excerpt\">El&nbsp;CD Bunyol ha estrenat el seu caseller de vict\u00f2ries en la segona jornada de la&nbsp;Tercera Federaci\u00f3&nbsp;despr\u00e9s d&#8217;imposar-se per&nbsp;0-1 al CD Utiel&nbsp;en el sempre complicat camp La Celadilla; en un derbi intercomarcal entre dos equips que <a class=\"mh-excerpt-more\" href=\"https:\/\/www.tucomarca.com\/wordpress\/segunda\/ca\/el-cd-bunyol-semporta-el-derbi-intercomarcal-enfront-del-cd-utiel-1-0-en-el-seu-retorn-a-tercera\/\" title=\"El CD Bunyol s&#8217;emporta el derbi intercomarcal enfront del CD Utiel (1-0) en el seu retorn a Tercera\">[+] <\/a><\/div>\n","protected":false},"author":13,"featured_media":279252,"comment_status":"open","ping_status":"open","sticky":false,"template":"","format":"standard","meta":{"footnotes":""},"categories":[10911,11015,11003,10894,10912,10909,10896,11059],"tags":[10913,11075,10914],"class_list":{"0":"post-279237","1":"post","2":"type-post","3":"status-publish","4":"format-standard","5":"has-post-thumbnail","7":"category-bunol-ca","8":"category-canal-futbol","9":"category-sports","10":"category-la-comarca-ca","11":"category-la-hoya-ca","12":"category-requena-utiel-ca","13":"category-seccion-ca","14":"category-utiel-ca","15":"tag-bunol-ca","16":"tag-futbol-ca","17":"tag-la-hoya-de-bunol-chiva-ca"},"_links":{"self":[{"href":"https:\/\/www.tucomarca.com\/wordpress\/segunda\/ca\/wp-json\/wp\/v2\/posts\/279237","targetHints":{"allow":["GET"]}}],"collection":[{"href":"https:\/\/www.tucomarca.com\/wordpress\/segunda\/ca\/wp-json\/wp\/v2\/posts"}],"about":[{"href":"https:\/\/www.tucomarca.com\/wordpress\/segunda\/ca\/wp-json\/wp\/v2\/types\/post"}],"author":[{"embeddable":true,"href":"https:\/\/www.tucomarca.com\/wordpress\/segunda\/ca\/wp-json\/wp\/v2\/users\/13"}],"replies":[{"embeddable":true,"href":"https:\/\/www.tucomarca.com\/wordpress\/segunda\/ca\/wp-json\/wp\/v2\/comments?post=279237"}],"version-history":[{"count":0,"href":"https:\/\/www.tucomarca.com\/wordpress\/segunda\/ca\/wp-json\/wp\/v2\/posts\/279237\/revisions"}],"wp:featuredmedia":[{"embeddable":true,"href":"https:\/\/www.tucomarca.com\/wordpress\/segunda\/ca\/wp-json\/wp\/v2\/media\/279252"}],"wp:attachment":[{"href":"https:\/\/www.tucomarca.com\/wordpress\/segunda\/ca\/wp-json\/wp\/v2\/media?parent=279237"}],"wp:term":[{"taxonomy":"category","embeddable":true,"href":"https:\/\/www.tucomarca.com\/wordpress\/segunda\/ca\/wp-json\/wp\/v2\/categories?post=279237"},{"taxonomy":"post_tag","embeddable":true,"href":"https:\/\/www.tucomarca.com\/wordpress\/segunda\/ca\/wp-json\/wp\/v2\/tags?post=279237"}],"curies":[{"name":"wp","href":"https:\/\/api.w.org\/{rel}","templated":true}]}}