{"id":279285,"date":"2025-09-16T09:30:00","date_gmt":"2025-09-16T07:30:00","guid":{"rendered":"https:\/\/www.tucomarca.com\/wordpress\/segunda\/?p=279285"},"modified":"2025-09-16T19:14:04","modified_gmt":"2025-09-16T17:14:04","slug":"finalitzen-les-excursions-destiu-per-a-joves-organitzades-per-la-regidoria-de-joventut-de-xest-amb-la-visita-a-terra-mitica","status":"publish","type":"post","link":"https:\/\/www.tucomarca.com\/wordpress\/segunda\/ca\/finalitzen-les-excursions-destiu-per-a-joves-organitzades-per-la-regidoria-de-joventut-de-xest-amb-la-visita-a-terra-mitica\/","title":{"rendered":"Finalitzen les excursions d\u2019estiu per a joves, organitzades per la Regidoria de Joventut de Xest, amb la visita a Terra M\u00edtica"},"content":{"rendered":"\n<p>El passat dijous, 4 de setembre, 48 joves d\u2019entre 12 i 23 anys van participar en l\u2019excursi\u00f3 al parc tem\u00e0tic Terra M\u00edtica, organitzada des de la Regidoria de Joventut. Aquesta activitat se suma a altres tres que s\u2019han dut a terme durant els mesos de juny i juliol, totes d\u2019un dia de duraci\u00f3 i a un preu redu\u00eft de 20 euros per persona. En total, prop de 150 joves de la localitat han participat en les eixides a Aquarama, Tot Aventura-Cortes de Pall\u00e1s, Posidonia Escola de Surf i, finalment, a Terra M\u00edtica, completant-se la majoria de les places disponibles en cadascuna d\u2019elles. Els grups, d\u2019un m\u00e0xim de 48 persones, han estat acompanyats en totes les ocasions per 4 monitores titulades.<\/p>\n\n\n\n<p>\u201cL\u2019organitzaci\u00f3 d\u2019excursions era una proposta sorgida directament de les enquestes realitzades dins del proc\u00e9s d\u2019elaboraci\u00f3 del Pla de Joventut, ja que va ser una de les activitats m\u00e9s votades\u201d, ha declarat el regidor de Joventut, \u00d3scar Gald\u00f3n. \u201cAmb aquesta iniciativa hem oferit una alternativa d\u2019oci durant els mesos d\u2019estiu i, al mateix temps, hem aconseguit establir una via de contacte amb l\u2019\u00e0rea de Joventut, la qual cosa facilita que m\u00e9s joves puguen accedir f\u00e0cilment als recursos que ofereix i s\u2019animen a participar en les propostes. En aquest sentit, en el proc\u00e9s d\u2019inscripci\u00f3 hem prioritzat sempre a qui encara no havia participat perqu\u00e8 el major nombre possible de joves puga gaudir de l\u2019experi\u00e8ncia\u201d.<\/p>\n\n\n\n<h3 class=\"wp-block-heading\">Pr\u00f2ximes actuacions previstes<\/h3>\n\n\n\n<p>Tal com ha explicat el regidor, des de l\u2019\u00e0rea de Joventut s\u2019est\u00e0 treballant en la creaci\u00f3 d\u2019un Espai Jove, la inauguraci\u00f3 del qual est\u00e0 prevista abans que acabe l\u2019any, aix\u00ed com en una programaci\u00f3 estable de tallers i activitats d\u2019octubre a juny. \u201cVolem continuar apostant per una oferta d\u2019oci educatiu i participatiu que responga als interessos de la nostra joventut\u201d, ha apuntat Gald\u00f3n.<\/p>\n\n\n\n<p><\/p>\n","protected":false},"excerpt":{"rendered":"<div class=\"mh-excerpt\">El passat dijous, 4 de setembre, 48 joves d\u2019entre 12 i 23 anys van participar en l\u2019excursi\u00f3 al parc tem\u00e0tic Terra M\u00edtica, organitzada des de la Regidoria de Joventut. Aquesta activitat se suma a altres <a class=\"mh-excerpt-more\" href=\"https:\/\/www.tucomarca.com\/wordpress\/segunda\/ca\/finalitzen-les-excursions-destiu-per-a-joves-organitzades-per-la-regidoria-de-joventut-de-xest-amb-la-visita-a-terra-mitica\/\" title=\"Finalitzen les excursions d\u2019estiu per a joves, organitzades per la Regidoria de Joventut de Xest, amb la visita a Terra M\u00edtica\">[+] <\/a><\/div>\n","protected":false},"author":12,"featured_media":279284,"comment_status":"open","ping_status":"open","sticky":false,"template":"","format":"standard","meta":{"footnotes":""},"categories":[10894,10912,11007,10896,10974],"tags":[11071,10914],"class_list":{"0":"post-279285","1":"post","2":"type-post","3":"status-publish","4":"format-standard","5":"has-post-thumbnail","7":"category-la-comarca-ca","8":"category-la-hoya-ca","9":"category-ocio-y-cultura-ca","10":"category-seccion-ca","11":"category-cheste-ca","12":"tag-cheste","13":"tag-la-hoya-de-bunol-chiva-ca"},"_links":{"self":[{"href":"https:\/\/www.tucomarca.com\/wordpress\/segunda\/ca\/wp-json\/wp\/v2\/posts\/279285","targetHints":{"allow":["GET"]}}],"collection":[{"href":"https:\/\/www.tucomarca.com\/wordpress\/segunda\/ca\/wp-json\/wp\/v2\/posts"}],"about":[{"href":"https:\/\/www.tucomarca.com\/wordpress\/segunda\/ca\/wp-json\/wp\/v2\/types\/post"}],"author":[{"embeddable":true,"href":"https:\/\/www.tucomarca.com\/wordpress\/segunda\/ca\/wp-json\/wp\/v2\/users\/12"}],"replies":[{"embeddable":true,"href":"https:\/\/www.tucomarca.com\/wordpress\/segunda\/ca\/wp-json\/wp\/v2\/comments?post=279285"}],"version-history":[{"count":0,"href":"https:\/\/www.tucomarca.com\/wordpress\/segunda\/ca\/wp-json\/wp\/v2\/posts\/279285\/revisions"}],"wp:featuredmedia":[{"embeddable":true,"href":"https:\/\/www.tucomarca.com\/wordpress\/segunda\/ca\/wp-json\/wp\/v2\/media\/279284"}],"wp:attachment":[{"href":"https:\/\/www.tucomarca.com\/wordpress\/segunda\/ca\/wp-json\/wp\/v2\/media?parent=279285"}],"wp:term":[{"taxonomy":"category","embeddable":true,"href":"https:\/\/www.tucomarca.com\/wordpress\/segunda\/ca\/wp-json\/wp\/v2\/categories?post=279285"},{"taxonomy":"post_tag","embeddable":true,"href":"https:\/\/www.tucomarca.com\/wordpress\/segunda\/ca\/wp-json\/wp\/v2\/tags?post=279285"}],"curies":[{"name":"wp","href":"https:\/\/api.w.org\/{rel}","templated":true}]}}