{"id":279292,"date":"2025-09-17T09:30:00","date_gmt":"2025-09-17T07:30:00","guid":{"rendered":"https:\/\/www.tucomarca.com\/wordpress\/segunda\/?p=279292"},"modified":"2025-09-17T10:30:02","modified_gmt":"2025-09-17T08:30:02","slug":"xest-consolida-el-seu-arxiu-municipal","status":"publish","type":"post","link":"https:\/\/www.tucomarca.com\/wordpress\/segunda\/ca\/xest-consolida-el-seu-arxiu-municipal\/","title":{"rendered":"Xest consolida el seu Arxiu Municipal"},"content":{"rendered":"\n<p>L&#8217;Arxiu Municipal de Xest s&#8217;ha consolidat com un servei a la ciutadania despr\u00e9s de 8 anys de treball, a iniciativa de la Regidoria de Cultura, complint actualment les funcions de conservaci\u00f3, organitzaci\u00f3 i gesti\u00f3 del patrimoni documental del municipi, de lliure acc\u00e9s.<\/p>\n\n\n\n<p>\u201cHem aconseguit centralitzar la documentaci\u00f3 municipal, anteriorment dispersa en diverses ubicacions de Xest, en un \u00fanic espai dotat de millors condicions de conservaci\u00f3, seguretat i accessibilitat. Aquesta centralitzaci\u00f3 ha facilitat el desenvolupament d&#8217;un sistema d&#8217;arxiu p\u00fablic s\u00f2lid, modern, transparent i accessible al servei tant de l&#8217;administraci\u00f3 com de la ciutadania, contribuint activament a l&#8217;enfortiment de la identitat col\u00b7lectiva del municipi\u201d, ha explicat la Regidora, M\u00aa \u00c1ngeles Llorente. \u201cAmb aquesta l\u00ednia de treball busquem acostar la hist\u00f2ria i la cultura a la poblaci\u00f3, ja que l&#8217;arxiu es constitueix a Xest com un recurs educatiu i cultural de primer ordre\u201d.<\/p>\n\n\n\n<p>L&#8217;arxiu, situat al carrer Rosario s\/n, cont\u00e9 documentaci\u00f3 com les actes de ple des de 1936, b\u00e0ndols i edictes, actes de la Comissi\u00f3 Municipal Permanent o llibres de festes i falles, integrant en els seus fons proposades de divulgaci\u00f3 amb enfocament did\u00e0ctic i cultural, tot aix\u00f2 organitzat i accessible tal com s&#8217;estableix en les normatives vigents.<\/p>\n\n\n\n<p>\u201cPr\u00f2ximament durem a terme noves obres d&#8217;ampliaci\u00f3 del local de l&#8217;arxiu, millorant la conservaci\u00f3 dels fons depositats i l&#8217;acc\u00e9s a aquests, aix\u00ed com les condicions de treball del personal que desenvolupa les tasques de cust\u00f2dia, ordenaci\u00f3 i descripci\u00f3 dels documents, entre altres, realitzant una important labor\u201d, ha explicat la regidora.<\/p>\n\n\n\n<p>Les persones interessades a accedir a documentaci\u00f3 hauran de sol\u00b7licitar-ho en l&#8217;Arxiu Municipal en horari de 9.00 a 14.00, de dilluns a divendres, sent recomanable concertar una cita pr\u00e8via contactant a trav\u00e9s del tel\u00e8fon 694 20 64 07 (Gabriel) o del correu electr\u00f2nic archivo@cheste.es.<\/p>\n\n\n\n<p><\/p>\n","protected":false},"excerpt":{"rendered":"<div class=\"mh-excerpt\">L&#8217;Arxiu Municipal de Xest s&#8217;ha consolidat com un servei a la ciutadania despr\u00e9s de 8 anys de treball, a iniciativa de la Regidoria de Cultura, complint actualment les funcions de conservaci\u00f3, organitzaci\u00f3 i gesti\u00f3 del <a class=\"mh-excerpt-more\" href=\"https:\/\/www.tucomarca.com\/wordpress\/segunda\/ca\/xest-consolida-el-seu-arxiu-municipal\/\" title=\"Xest consolida el seu Arxiu Municipal\">[+] <\/a><\/div>\n","protected":false},"author":12,"featured_media":279290,"comment_status":"open","ping_status":"open","sticky":false,"template":"","format":"standard","meta":{"footnotes":""},"categories":[10948,10894,10912,11007,10947,10896,10974],"tags":[23003,11071,10914],"class_list":{"0":"post-279292","1":"post","2":"type-post","3":"status-publish","4":"format-standard","5":"has-post-thumbnail","7":"category-infraestructuras-ca","8":"category-la-comarca-ca","9":"category-la-hoya-ca","10":"category-ocio-y-cultura-ca","11":"category-politica","12":"category-seccion-ca","13":"category-cheste-ca","14":"tag-archivo-municipal-ca","15":"tag-cheste","16":"tag-la-hoya-de-bunol-chiva-ca"},"_links":{"self":[{"href":"https:\/\/www.tucomarca.com\/wordpress\/segunda\/ca\/wp-json\/wp\/v2\/posts\/279292","targetHints":{"allow":["GET"]}}],"collection":[{"href":"https:\/\/www.tucomarca.com\/wordpress\/segunda\/ca\/wp-json\/wp\/v2\/posts"}],"about":[{"href":"https:\/\/www.tucomarca.com\/wordpress\/segunda\/ca\/wp-json\/wp\/v2\/types\/post"}],"author":[{"embeddable":true,"href":"https:\/\/www.tucomarca.com\/wordpress\/segunda\/ca\/wp-json\/wp\/v2\/users\/12"}],"replies":[{"embeddable":true,"href":"https:\/\/www.tucomarca.com\/wordpress\/segunda\/ca\/wp-json\/wp\/v2\/comments?post=279292"}],"version-history":[{"count":0,"href":"https:\/\/www.tucomarca.com\/wordpress\/segunda\/ca\/wp-json\/wp\/v2\/posts\/279292\/revisions"}],"wp:featuredmedia":[{"embeddable":true,"href":"https:\/\/www.tucomarca.com\/wordpress\/segunda\/ca\/wp-json\/wp\/v2\/media\/279290"}],"wp:attachment":[{"href":"https:\/\/www.tucomarca.com\/wordpress\/segunda\/ca\/wp-json\/wp\/v2\/media?parent=279292"}],"wp:term":[{"taxonomy":"category","embeddable":true,"href":"https:\/\/www.tucomarca.com\/wordpress\/segunda\/ca\/wp-json\/wp\/v2\/categories?post=279292"},{"taxonomy":"post_tag","embeddable":true,"href":"https:\/\/www.tucomarca.com\/wordpress\/segunda\/ca\/wp-json\/wp\/v2\/tags?post=279292"}],"curies":[{"name":"wp","href":"https:\/\/api.w.org\/{rel}","templated":true}]}}