{"id":279316,"date":"2025-09-15T10:00:00","date_gmt":"2025-09-15T08:00:00","guid":{"rendered":"https:\/\/www.tucomarca.com\/wordpress\/segunda\/?p=279316"},"modified":"2025-09-16T19:54:42","modified_gmt":"2025-09-16T17:54:42","slug":"opinio-a-bocajarro-els-amos-despanya-per-joseh-larrazabal","status":"publish","type":"post","link":"https:\/\/www.tucomarca.com\/wordpress\/segunda\/ca\/opinio-a-bocajarro-els-amos-despanya-per-joseh-larrazabal\/","title":{"rendered":"Opini\u00f3: A bocajarro: \u00abEls amos d\u2019Espanya\u00bb per J\u00f3seh Larraz\u00e1bal"},"content":{"rendered":"<div class=\"wp-block-image\">\n<figure class=\"alignleft size-full is-resized\"><img loading=\"lazy\" decoding=\"async\" width=\"279\" height=\"280\" src=\"http:\/\/www.tucomarca.com\/wordpress\/segunda\/wp-content\/uploads\/2024\/01\/Larrazabalnueva.jpg\" alt=\"\" class=\"wp-image-208146\" style=\"width:174px;height:auto\"\/><\/figure>\n<\/div>\n\n\n<p>El Real Madrid es resisteix a perdre eixe mant de protecci\u00f3 arbitral que des de la seua fundaci\u00f3, fa m\u00e9s de 100 anys, li ha proporcionat tants i tants triomfs immerescuts i, en conseq\u00fc\u00e8ncia, tants t\u00edtols.<br>Creuen que eixes ajudes arbitrals els pertanyen per dret propi i que ning\u00fa t\u00e9 poder per a discutir-les.<\/p>\n\n\n\n<p>\u00bfQuantes de les lligues, Champions i altres t\u00edtols no constarien en les seues vitrines sense les inestimables heretgies dels seus aliats arbitrals?<br>La seua arrog\u00e0ncia i prepot\u00e8ncia els impedeix assumir que la imparcialitat arbitral ha de prevaldre i que el reglament ha de ser el mateix per a tots els equips, siga quina siga la seua hist\u00f2ria o la seua classificaci\u00f3 en la taula.<\/p>\n\n\n\n<p>A m\u00e9s, eixa arrog\u00e0ncia i prepot\u00e8ncia es transforma en intoler\u00e0ncia, plors, queixes sense sentit i en l\u2019exig\u00e8ncia de comptar en cada partit amb les ajudes de sempre, sense voler acceptar que l\u2019arbitratge que reben dega ser imparcial i just per a tots.<br>No poden admetre que alguns errors arbitrals puguen ser en contra seua. Han enviat una protesta a la FIFA perqu\u00e8 dissabte, davant la Real Sociedad, l\u2019\u00e0rbitre els va expulsar, segons ells injustament, a un jugador.<\/p>\n\n\n\n<p>\u00c9s el club m\u00e9s afavorit de la hist\u00f2ria i volen continuar sent-ho. No conceben una altra alternativa.<br>Totes les institucions del futbol espanyol estan governades per madridistes. Per qu\u00e8?<br>Em pregunte el motiu pel qual els alts c\u00e0rrecs de la Federaci\u00f3, la Lliga, l\u2019AFE, el CTA\u2026 estan dirigits per madridistes.<\/p>\n\n\n\n<p>Florentino P\u00e9rez, president del Real Madrid, s\u2019ha convertit en el Cap d\u2019este circ; ell \u00e9s qui mou els fils, qui maneja tots estos jerarques posats a dit, i utilitza els mitjans de comunicaci\u00f3 com a titelles.<br>El temen, s\u00f3n els seus lacais i, per si no f\u00f3ra prou, s\u00f3n madridistes fins a la medul\u00b7la.<\/p>\n\n\n\n<p>El futbol necessita una renovaci\u00f3 profunda, comen\u00e7ant per eixos menyspreables alts c\u00e0rrecs.<br>L\u2019ambici\u00f3 desmesurada, la cobd\u00edcia, el desig de poder, l\u2019amor als diners, la vanitat\u2026 s\u00f3n elements que dominen les seues vides i les seues accions. S\u00f3n sentiments dels quals no poden ni volen prescindir.<\/p>\n\n\n\n<p>I el Bar\u00e7a calla, potser perqu\u00e8 fuig d\u2019una campanya nacional antibarcelonista. No interessa en estos moments. Fan b\u00e9.<br>Si no van cometre cap il\u00b7legalitat, no tenen per qu\u00e8 t\u00e9mer res. M\u00e9s greus i nombrosos han sigut els robatoris arbitrals a favor del Madrid, aix\u00f2 s\u00ed\u2026 sense contracte. Per\u00f2 entenc que, coneixent estos manipuladors, enfurits, que es creuen els amos d\u2019Espanya, siga millor deixar-los estar i continuar guanyant i lluitant per tots els t\u00edtols. Ja arribar\u00e0 l\u2019hora de passar-los factura.<\/p>\n\n\n\n<p>Hi ha equip, hi ha entrenador, hi ha il\u00b7lusi\u00f3, hi ha ambici\u00f3\u2026<br>Ara toca jugar i\u2026 guanyar. \u00c9s el moment.<\/p>\n\n\n\n<p>Ah, ac\u00ed parlem de futbol, nom\u00e9s de futbol.<\/p>\n\n\n\n<p><strong>Visca el Bar\u00e7a!<\/strong><br><strong>Visca Val\u00e8ncia!<\/strong><\/p>\n\n\n\n<p><\/p>\n","protected":false},"excerpt":{"rendered":"<div class=\"mh-excerpt\">El Real Madrid es resisteix a perdre eixe mant de protecci\u00f3 arbitral que des de la seua fundaci\u00f3, fa m\u00e9s de 100 anys, li ha proporcionat tants i tants triomfs immerescuts i, en conseq\u00fc\u00e8ncia, tants <a class=\"mh-excerpt-more\" href=\"https:\/\/www.tucomarca.com\/wordpress\/segunda\/ca\/opinio-a-bocajarro-els-amos-despanya-per-joseh-larrazabal\/\" title=\"Opini\u00f3: A bocajarro: \u00abEls amos d\u2019Espanya\u00bb per J\u00f3seh Larraz\u00e1bal\">[+] <\/a><\/div>\n","protected":false},"author":12,"featured_media":208147,"comment_status":"open","ping_status":"open","sticky":false,"template":"","format":"standard","meta":{"footnotes":""},"categories":[11014,11003,11021,12000,10896],"tags":[15481,12606],"class_list":{"0":"post-279316","1":"post","2":"type-post","3":"status-publish","4":"format-standard","5":"has-post-thumbnail","7":"category-canal-valencia-cf-ca","8":"category-sports","9":"category-opinion-ca-2","10":"category-opinion-lectores-ca","11":"category-seccion-ca","12":"tag-joseh-larrazabal-ca","13":"tag-valencia-cf-ca"},"_links":{"self":[{"href":"https:\/\/www.tucomarca.com\/wordpress\/segunda\/ca\/wp-json\/wp\/v2\/posts\/279316","targetHints":{"allow":["GET"]}}],"collection":[{"href":"https:\/\/www.tucomarca.com\/wordpress\/segunda\/ca\/wp-json\/wp\/v2\/posts"}],"about":[{"href":"https:\/\/www.tucomarca.com\/wordpress\/segunda\/ca\/wp-json\/wp\/v2\/types\/post"}],"author":[{"embeddable":true,"href":"https:\/\/www.tucomarca.com\/wordpress\/segunda\/ca\/wp-json\/wp\/v2\/users\/12"}],"replies":[{"embeddable":true,"href":"https:\/\/www.tucomarca.com\/wordpress\/segunda\/ca\/wp-json\/wp\/v2\/comments?post=279316"}],"version-history":[{"count":0,"href":"https:\/\/www.tucomarca.com\/wordpress\/segunda\/ca\/wp-json\/wp\/v2\/posts\/279316\/revisions"}],"wp:featuredmedia":[{"embeddable":true,"href":"https:\/\/www.tucomarca.com\/wordpress\/segunda\/ca\/wp-json\/wp\/v2\/media\/208147"}],"wp:attachment":[{"href":"https:\/\/www.tucomarca.com\/wordpress\/segunda\/ca\/wp-json\/wp\/v2\/media?parent=279316"}],"wp:term":[{"taxonomy":"category","embeddable":true,"href":"https:\/\/www.tucomarca.com\/wordpress\/segunda\/ca\/wp-json\/wp\/v2\/categories?post=279316"},{"taxonomy":"post_tag","embeddable":true,"href":"https:\/\/www.tucomarca.com\/wordpress\/segunda\/ca\/wp-json\/wp\/v2\/tags?post=279316"}],"curies":[{"name":"wp","href":"https:\/\/api.w.org\/{rel}","templated":true}]}}