{"id":279336,"date":"2025-09-17T11:50:00","date_gmt":"2025-09-17T09:50:00","guid":{"rendered":"https:\/\/www.tucomarca.com\/wordpress\/segunda\/?p=279336"},"modified":"2025-09-17T15:02:08","modified_gmt":"2025-09-17T13:02:08","slug":"las-ventas-de-bunyol-honra-amb-devocio-a-la-virgen-de-los-dolores","status":"publish","type":"post","link":"https:\/\/www.tucomarca.com\/wordpress\/segunda\/ca\/las-ventas-de-bunyol-honra-amb-devocio-a-la-virgen-de-los-dolores\/","title":{"rendered":"Las Ventas de Bunyol honra amb devoci\u00f3 a la Virgen de los Dolores"},"content":{"rendered":"\n<p>Las Ventas de Bunyol ha viscut un cap de setmana marcat per la devoci\u00f3 i l\u2019alegria en honor a la seua patrona, la Virgen de los Dolores. La festivitat, que cada any reuneix a centenars de venteros i venteras, va tornar a posar de manifest el fort vincle de la comunitat amb les seues tradicions.<\/p>\n\n\n\n<p>Els actes van comen\u00e7ar amb la solemne missa en honor a la Virgen, seguida de l\u2019esperada process\u00f3 pels carrers de Les Ventas, en la qual la imatge de Nuestra Se\u00f1ora de los Dolores va ser acompanyada per la Cofrad\u00eda de la Virgen i per ve\u00efns i ve\u00efnes que mostraren la seua fe i afecte.<\/p>\n\n\n\n<p>A m\u00e9s dels actes religiosos, no van faltar les activitats festives i tradicionals que, any rere any, fan d\u2019estes celebracions un punt de trobada per a fam\u00edlies i amics.<\/p>\n\n\n\n<p>Un any m\u00e9s, les festes en honor a la Virgen de los Dolores han reflectit l\u2019esperit d\u2019unitat i conviv\u00e8ncia de Las Ventas de Bunyol, refor\u00e7ant la fe i el sentiment de pertinen\u00e7a de tots els venteros i venteras.<\/p>\n","protected":false},"excerpt":{"rendered":"<div class=\"mh-excerpt\">Las Ventas de Bunyol ha viscut un cap de setmana marcat per la devoci\u00f3 i l\u2019alegria en honor a la seua patrona, la Virgen de los Dolores. La festivitat, que cada any reuneix a centenars <a class=\"mh-excerpt-more\" href=\"https:\/\/www.tucomarca.com\/wordpress\/segunda\/ca\/las-ventas-de-bunyol-honra-amb-devocio-a-la-virgen-de-los-dolores\/\" title=\"Las Ventas de Bunyol honra amb devoci\u00f3 a la Virgen de los Dolores\">[+] <\/a><\/div>\n","protected":false},"author":12,"featured_media":279334,"comment_status":"open","ping_status":"open","sticky":false,"template":"","format":"standard","meta":{"footnotes":""},"categories":[10911,10894,10912,11004,11007,11008,10896],"tags":[10913,10914,19649],"class_list":{"0":"post-279336","1":"post","2":"type-post","3":"status-publish","4":"format-standard","5":"has-post-thumbnail","7":"category-bunol-ca","8":"category-la-comarca-ca","9":"category-la-hoya-ca","10":"category-la-semana-en-imagenes-ca","11":"category-ocio-y-cultura-ca","12":"category-pueblos-en-fiestas-ca","13":"category-seccion-ca","14":"tag-bunol-ca","15":"tag-la-hoya-de-bunol-chiva-ca","16":"tag-las-ventas-de-bunol-ca"},"_links":{"self":[{"href":"https:\/\/www.tucomarca.com\/wordpress\/segunda\/ca\/wp-json\/wp\/v2\/posts\/279336","targetHints":{"allow":["GET"]}}],"collection":[{"href":"https:\/\/www.tucomarca.com\/wordpress\/segunda\/ca\/wp-json\/wp\/v2\/posts"}],"about":[{"href":"https:\/\/www.tucomarca.com\/wordpress\/segunda\/ca\/wp-json\/wp\/v2\/types\/post"}],"author":[{"embeddable":true,"href":"https:\/\/www.tucomarca.com\/wordpress\/segunda\/ca\/wp-json\/wp\/v2\/users\/12"}],"replies":[{"embeddable":true,"href":"https:\/\/www.tucomarca.com\/wordpress\/segunda\/ca\/wp-json\/wp\/v2\/comments?post=279336"}],"version-history":[{"count":0,"href":"https:\/\/www.tucomarca.com\/wordpress\/segunda\/ca\/wp-json\/wp\/v2\/posts\/279336\/revisions"}],"wp:featuredmedia":[{"embeddable":true,"href":"https:\/\/www.tucomarca.com\/wordpress\/segunda\/ca\/wp-json\/wp\/v2\/media\/279334"}],"wp:attachment":[{"href":"https:\/\/www.tucomarca.com\/wordpress\/segunda\/ca\/wp-json\/wp\/v2\/media?parent=279336"}],"wp:term":[{"taxonomy":"category","embeddable":true,"href":"https:\/\/www.tucomarca.com\/wordpress\/segunda\/ca\/wp-json\/wp\/v2\/categories?post=279336"},{"taxonomy":"post_tag","embeddable":true,"href":"https:\/\/www.tucomarca.com\/wordpress\/segunda\/ca\/wp-json\/wp\/v2\/tags?post=279336"}],"curies":[{"name":"wp","href":"https:\/\/api.w.org\/{rel}","templated":true}]}}