{"id":279446,"date":"2025-09-17T09:15:00","date_gmt":"2025-09-17T07:15:00","guid":{"rendered":"https:\/\/www.tucomarca.com\/wordpress\/segunda\/?p=279446"},"modified":"2025-09-17T14:57:42","modified_gmt":"2025-09-17T12:57:42","slug":"xest-celebrara-la-seua-primera-fira-de-la-caca-esportiva","status":"publish","type":"post","link":"https:\/\/www.tucomarca.com\/wordpress\/segunda\/ca\/xest-celebrara-la-seua-primera-fira-de-la-caca-esportiva\/","title":{"rendered":"Xest celebrar\u00e0 la seua primera Fira de la Ca\u00e7a Esportiva"},"content":{"rendered":"\n<p>La Regidoria d&#8217;Esports ha organitzat una Fira de la Ca\u00e7a Esportiva els dies 4 i 5 d&#8217;octubre, al parc de La Lomiquia, amb un ampli programa que contempla la celebraci\u00f3 del Campionat Auton\u00f2mic de Xarnego Valenci\u00e0, el dissabte; aix\u00ed com una Copa de Xest i una Copa Jove, el diumenge.<\/p>\n\n\n<div class=\"wp-block-image\">\n<figure class=\"alignleft size-large is-resized\"><img loading=\"lazy\" decoding=\"async\" width=\"585\" height=\"1024\" src=\"http:\/\/www.tucomarca.com\/wordpress\/segunda\/wp-content\/uploads\/2025\/09\/ChesteFeriaCazaDeportiva2-585x1024.jpg\" alt=\"\" class=\"wp-image-279441\" style=\"width:427px;height:auto\" srcset=\"https:\/\/www.tucomarca.com\/wordpress\/segunda\/wp-content\/uploads\/2025\/09\/ChesteFeriaCazaDeportiva2-585x1024.jpg 585w, https:\/\/www.tucomarca.com\/wordpress\/segunda\/wp-content\/uploads\/2025\/09\/ChesteFeriaCazaDeportiva2-171x300.jpg 171w, https:\/\/www.tucomarca.com\/wordpress\/segunda\/wp-content\/uploads\/2025\/09\/ChesteFeriaCazaDeportiva2-768x1344.jpg 768w, https:\/\/www.tucomarca.com\/wordpress\/segunda\/wp-content\/uploads\/2025\/09\/ChesteFeriaCazaDeportiva2-877x1536.jpg 877w, https:\/\/www.tucomarca.com\/wordpress\/segunda\/wp-content\/uploads\/2025\/09\/ChesteFeriaCazaDeportiva2.jpg 886w\" sizes=\"auto, (max-width: 585px) 100vw, 585px\" \/><\/figure>\n<\/div>\n\n\n<p>Durant tot el cap de setmana el parc albergar\u00e0 estands comercials de material cineg\u00e8tic i d&#8217;alimentaci\u00f3 animal; i divulgatius, entre els quals es comptaran els de les associacions participants i un en particular sobre bones pr\u00e0ctiques cineg\u00e8tiques. Tamb\u00e9 hi haur\u00e0 oferta gastron\u00f2mica, amb beguda i carn de ca\u00e7a, i activitats paral\u00b7leles entre les quals s&#8217;inclouen exhibicions de podencos, un concurs de fotografia cineg\u00e8tica i un altre morfol\u00f2gic de races, exposicions de dules, actuacions de flamenc en directe, sortejos, tallers educatius i activitats infantils i juvenils.<\/p>\n\n\n\n<p>La fira obrir\u00e0 les seues portes al p\u00fablic el dissabte a les 11.00 i ser\u00e0 inaugurada oficialment a les 12.30. La programaci\u00f3 acabar\u00e0 el diumenge a la vesprada amb l&#8217;\u00faltima exhibici\u00f3 de podencos, a les 17.30.<\/p>\n\n\n\n<p>El programa complet es pot consultar en les xarxes socials municipals i en la web cheste.es: <a href=\"https:\/\/www.cheste.es\/evento\/feria-caza-deportiva-cheste\">https:\/\/www.cheste.es\/evento\/feria-caza-deportiva-cheste<\/a><\/p>\n","protected":false},"excerpt":{"rendered":"<div class=\"mh-excerpt\">La Regidoria d&#8217;Esports ha organitzat una Fira de la Ca\u00e7a Esportiva els dies 4 i 5 d&#8217;octubre, al parc de La Lomiquia, amb un ampli programa que contempla la celebraci\u00f3 del Campionat Auton\u00f2mic de Xarnego <a class=\"mh-excerpt-more\" href=\"https:\/\/www.tucomarca.com\/wordpress\/segunda\/ca\/xest-celebrara-la-seua-primera-fira-de-la-caca-esportiva\/\" title=\"Xest celebrar\u00e0 la seua primera Fira de la Ca\u00e7a Esportiva\">[+] <\/a><\/div>\n","protected":false},"author":12,"featured_media":279444,"comment_status":"open","ping_status":"open","sticky":false,"template":"","format":"standard","meta":{"footnotes":""},"categories":[11019,11003,10894,10912,11009,10896,10974],"tags":[11071,23011,10914],"class_list":{"0":"post-279446","1":"post","2":"type-post","3":"status-publish","4":"format-standard","5":"has-post-thumbnail","7":"category-agenda-ca","8":"category-sports","9":"category-la-comarca-ca","10":"category-la-hoya-ca","11":"category-polideportivo-ca","12":"category-seccion-ca","13":"category-cheste-ca","14":"tag-cheste","15":"tag-feria-de-la-caza-deportiva-ca","16":"tag-la-hoya-de-bunol-chiva-ca"},"_links":{"self":[{"href":"https:\/\/www.tucomarca.com\/wordpress\/segunda\/ca\/wp-json\/wp\/v2\/posts\/279446","targetHints":{"allow":["GET"]}}],"collection":[{"href":"https:\/\/www.tucomarca.com\/wordpress\/segunda\/ca\/wp-json\/wp\/v2\/posts"}],"about":[{"href":"https:\/\/www.tucomarca.com\/wordpress\/segunda\/ca\/wp-json\/wp\/v2\/types\/post"}],"author":[{"embeddable":true,"href":"https:\/\/www.tucomarca.com\/wordpress\/segunda\/ca\/wp-json\/wp\/v2\/users\/12"}],"replies":[{"embeddable":true,"href":"https:\/\/www.tucomarca.com\/wordpress\/segunda\/ca\/wp-json\/wp\/v2\/comments?post=279446"}],"version-history":[{"count":0,"href":"https:\/\/www.tucomarca.com\/wordpress\/segunda\/ca\/wp-json\/wp\/v2\/posts\/279446\/revisions"}],"wp:featuredmedia":[{"embeddable":true,"href":"https:\/\/www.tucomarca.com\/wordpress\/segunda\/ca\/wp-json\/wp\/v2\/media\/279444"}],"wp:attachment":[{"href":"https:\/\/www.tucomarca.com\/wordpress\/segunda\/ca\/wp-json\/wp\/v2\/media?parent=279446"}],"wp:term":[{"taxonomy":"category","embeddable":true,"href":"https:\/\/www.tucomarca.com\/wordpress\/segunda\/ca\/wp-json\/wp\/v2\/categories?post=279446"},{"taxonomy":"post_tag","embeddable":true,"href":"https:\/\/www.tucomarca.com\/wordpress\/segunda\/ca\/wp-json\/wp\/v2\/tags?post=279446"}],"curies":[{"name":"wp","href":"https:\/\/api.w.org\/{rel}","templated":true}]}}