{"id":279675,"date":"2025-09-20T11:55:00","date_gmt":"2025-09-20T09:55:00","guid":{"rendered":"https:\/\/www.tucomarca.com\/wordpress\/segunda\/?p=279675"},"modified":"2025-09-21T12:41:28","modified_gmt":"2025-09-21T10:41:28","slug":"la-iv-fira-del-moscatell-de-godelleta-reunira-cultura-agricultura-i-gastronomia","status":"publish","type":"post","link":"https:\/\/www.tucomarca.com\/wordpress\/segunda\/ca\/la-iv-fira-del-moscatell-de-godelleta-reunira-cultura-agricultura-i-gastronomia\/","title":{"rendered":"La IV Fira del Moscatell de Godelleta reunir\u00e0 cultura, agricultura i gastronomia"},"content":{"rendered":"\n<h3 class=\"wp-block-heading\">L\u2019esperat esdeveniment anual tindr\u00e0 lloc els dies 26, 27 i 28 de setembre al parc \u201cEl Plant\u00edo\u201d.<\/h3>\n\n\n\n<p>Godelleta es prepara per a viure tres dies de celebraci\u00f3 al voltant dels seus productes m\u00e9s emblem\u00e0tics: el moscatell, el vi de la zona, el caqui, els c\u00edtrics i els fruiters de pinyol. La IV Fira del Moscatell, que se celebrar\u00e0 del 26 al 28 de setembre, es consolida com un esdeveniment que dona el protagonisme a l\u2019agricultura, i que reuneix gastronomia, cultura, m\u00fasica i comer\u00e7 en un ambient festiu.<\/p>\n\n\n\n<p>L\u2019alcaldessa, Amparo Pardo, ha assenyalat: \u201caquesta fira \u00e9s una mostra del que som: agricultura, gent treballadora i productes de qualitat. Volem que el ve\u00efnat i visitants gaudisquen dels nostres productes, que s\u00f3n part essencial de la nostra identitat\u201d. Jos\u00e9 Miguel Caballero, regidor d\u2019Agricultura, Ind\u00fastria, Comer\u00e7 i Transport, ha afegit: \u201cla fira \u00e9s una oportunitat per a assaborir la mistela, el suc de caqui i c\u00edtrics, descobrir els nostres comer\u00e7os i estands, i gaudir de la cultura local. \u00c9s una cita per a tots els p\u00fablics, on l\u2019agricultura i la tradici\u00f3 es donen la m\u00e0\u201d.<\/p>\n\n\n\n<p><strong>Programaci\u00f3 de la IV Fira del Moscatell de Godelleta<\/strong><\/p>\n\n\n<div class=\"wp-block-image\">\n<figure class=\"alignleft size-large is-resized\"><img loading=\"lazy\" decoding=\"async\" width=\"819\" height=\"1024\" src=\"https:\/\/www.tucomarca.com\/wordpress\/segunda\/wp-content\/uploads\/2025\/09\/GodelletaProgramacion_Feria_Moscatel-819x1024.png\" alt=\"\" class=\"wp-image-279672\" style=\"width:433px;height:auto\" srcset=\"https:\/\/www.tucomarca.com\/wordpress\/segunda\/wp-content\/uploads\/2025\/09\/GodelletaProgramacion_Feria_Moscatel-819x1024.png 819w, https:\/\/www.tucomarca.com\/wordpress\/segunda\/wp-content\/uploads\/2025\/09\/GodelletaProgramacion_Feria_Moscatel-240x300.png 240w, https:\/\/www.tucomarca.com\/wordpress\/segunda\/wp-content\/uploads\/2025\/09\/GodelletaProgramacion_Feria_Moscatel-768x960.png 768w, https:\/\/www.tucomarca.com\/wordpress\/segunda\/wp-content\/uploads\/2025\/09\/GodelletaProgramacion_Feria_Moscatel-1229x1536.png 1229w, https:\/\/www.tucomarca.com\/wordpress\/segunda\/wp-content\/uploads\/2025\/09\/GodelletaProgramacion_Feria_Moscatel-1638x2048.png 1638w\" sizes=\"auto, (max-width: 819px) 100vw, 819px\" \/><\/figure>\n<\/div>\n\n\n<p>La inauguraci\u00f3 oficial tindr\u00e0 lloc el divendres 26 a les 19:30 hores, despr\u00e9s del tradicional passeig d\u2019autoritats i associacions essencials des de l\u2019ajuntament fins al recinte firal, en companyia de la Banda Juvenil de la Uni\u00f3 Musical de Godelleta. A continuaci\u00f3, es retr\u00e0 homenatge a Ana Carlota Suria Mateu per la seua destacada traject\u00f2ria en el m\u00f3n agrari, i la nit culminar\u00e0 amb un castell de focs artificials i un vi d\u2019honor al Centre Social.<\/p>\n\n\n\n<p>El dissabte des de les 10:00 hores obrir\u00e0 el recinte firal al parc \u201cEl Plant\u00edo\u201d amb la III Exposici\u00f3 de Maquin\u00e0ria Agr\u00edcola i el Mercat Artes\u00e0, on qui visite la fira podr\u00e0 con\u00e9ixer productes locals, artesania i tecnologia agr\u00edcola. A les 11:00 hores, s\u2019oferir\u00e0 una visita guiada a la Cooperativa Vin\u00edcola Sant Pere Ap\u00f2stol, \u201cuna oportunitat per a con\u00e9ixer les seues instal\u00b7lacions i proc\u00e9s d\u2019elaboraci\u00f3 de la mistela\u201d, descriu Jos\u00e9 Miguel Caballero.<\/p>\n\n\n\n<p>A migdia, la poblaci\u00f3 gaudir\u00e0 d\u2019un <em>showcooking<\/em> de cocteleria amb productes locals, al que l\u2019alcaldessa afegeix: \u201cser\u00e0 una experi\u00e8ncia per a gaudir de les diferents opcions que ofereix la nostra agricultura\u201d. A la vesprada, la m\u00fasica prendr\u00e0 el protagonisme amb el Quartet de Trombons de la UMG i la desfilada de la Parada Mora de la Falla Godayla. La jornada acabar\u00e0 amb un espectacle de focs artificials a la Pla\u00e7a Espanya i una macrodiscom\u00f2bil al Poliesportiu Municipal.<\/p>\n\n\n\n<p>El diumenge, la fira continuar\u00e0 amb activitats per a tota la fam\u00edlia: exhibici\u00f3 de k\u00e0rate, jocs infantils, nova visita guiada al celler i un <em>showcooking<\/em> d\u2019arrossos a c\u00e0rrec del restaurant El Coso. La m\u00fasica tornar\u00e0 a sonar a la vesprada amb l\u2019actuaci\u00f3 de Romanticsax, i a les 22:00 hores es tancar\u00e0 el recinte firal, posant fi a tres dies de celebraci\u00f3.<\/p>\n\n\n\n<p>La IV Fira del Moscatell \u00e9s molt m\u00e9s que una fira: \u00e9s una experi\u00e8ncia per als sentits, una finestra per a posar en valor l\u2019agricultura de Godelleta i la comarca, aix\u00ed com una oportunitat de con\u00e9ixer i visibilitzar el producte de la zona, els comer\u00e7os locals i els productes d\u2019altres zones que s\u2019uneixen per a mostrar a la ciutadania la qualitat artesanal i gastron\u00f2mica.<\/p>\n","protected":false},"excerpt":{"rendered":"<div class=\"mh-excerpt\">L\u2019esperat esdeveniment anual tindr\u00e0 lloc els dies 26, 27 i 28 de setembre al parc \u201cEl Plant\u00edo\u201d. Godelleta es prepara per a viure tres dies de celebraci\u00f3 al voltant dels seus productes m\u00e9s emblem\u00e0tics: el <a class=\"mh-excerpt-more\" href=\"https:\/\/www.tucomarca.com\/wordpress\/segunda\/ca\/la-iv-fira-del-moscatell-de-godelleta-reunira-cultura-agricultura-i-gastronomia\/\" title=\"La IV Fira del Moscatell de Godelleta reunir\u00e0 cultura, agricultura i gastronomia\">[+] <\/a><\/div>\n","protected":false},"author":12,"featured_media":278501,"comment_status":"open","ping_status":"open","sticky":false,"template":"","format":"standard","meta":{"footnotes":""},"categories":[11019,11006,10977,10894,10912,11007,10896],"tags":[19697,11087,10914],"class_list":{"0":"post-279675","1":"post","2":"type-post","3":"status-publish","4":"format-standard","5":"has-post-thumbnail","7":"category-agenda-ca","8":"category-canal-vinos","9":"category-godelleta-ca","10":"category-la-comarca-ca","11":"category-la-hoya-ca","12":"category-ocio-y-cultura-ca","13":"category-seccion-ca","14":"tag-feria-del-moscatel-de-godelleta-ca","15":"tag-godelleta-ca","16":"tag-la-hoya-de-bunol-chiva-ca"},"_links":{"self":[{"href":"https:\/\/www.tucomarca.com\/wordpress\/segunda\/ca\/wp-json\/wp\/v2\/posts\/279675","targetHints":{"allow":["GET"]}}],"collection":[{"href":"https:\/\/www.tucomarca.com\/wordpress\/segunda\/ca\/wp-json\/wp\/v2\/posts"}],"about":[{"href":"https:\/\/www.tucomarca.com\/wordpress\/segunda\/ca\/wp-json\/wp\/v2\/types\/post"}],"author":[{"embeddable":true,"href":"https:\/\/www.tucomarca.com\/wordpress\/segunda\/ca\/wp-json\/wp\/v2\/users\/12"}],"replies":[{"embeddable":true,"href":"https:\/\/www.tucomarca.com\/wordpress\/segunda\/ca\/wp-json\/wp\/v2\/comments?post=279675"}],"version-history":[{"count":0,"href":"https:\/\/www.tucomarca.com\/wordpress\/segunda\/ca\/wp-json\/wp\/v2\/posts\/279675\/revisions"}],"wp:featuredmedia":[{"embeddable":true,"href":"https:\/\/www.tucomarca.com\/wordpress\/segunda\/ca\/wp-json\/wp\/v2\/media\/278501"}],"wp:attachment":[{"href":"https:\/\/www.tucomarca.com\/wordpress\/segunda\/ca\/wp-json\/wp\/v2\/media?parent=279675"}],"wp:term":[{"taxonomy":"category","embeddable":true,"href":"https:\/\/www.tucomarca.com\/wordpress\/segunda\/ca\/wp-json\/wp\/v2\/categories?post=279675"},{"taxonomy":"post_tag","embeddable":true,"href":"https:\/\/www.tucomarca.com\/wordpress\/segunda\/ca\/wp-json\/wp\/v2\/tags?post=279675"}],"curies":[{"name":"wp","href":"https:\/\/api.w.org\/{rel}","templated":true}]}}