{"id":279685,"date":"2025-09-19T11:30:00","date_gmt":"2025-09-19T09:30:00","guid":{"rendered":"https:\/\/www.tucomarca.com\/wordpress\/segunda\/?p=279685"},"modified":"2025-09-19T17:52:05","modified_gmt":"2025-09-19T15:52:05","slug":"la-generalitat-retirara-els-enderrocs-generats-en-la-reconstruccio-despres-de-les-riuades-a-traves-de-les-empreses-que-ja-gestionen-els-residus-municipals","status":"publish","type":"post","link":"https:\/\/www.tucomarca.com\/wordpress\/segunda\/ca\/la-generalitat-retirara-els-enderrocs-generats-en-la-reconstruccio-despres-de-les-riuades-a-traves-de-les-empreses-que-ja-gestionen-els-residus-municipals\/","title":{"rendered":"La Generalitat retirar\u00e0 els enderrocs generats en la reconstrucci\u00f3 despr\u00e9s de les riuades a trav\u00e9s de les empreses que ja gestionen els residus municipals"},"content":{"rendered":"\n<h3 class=\"wp-block-heading\">Vicente Mart\u00ednez Mus s&#8217;ha reunit amb els 15 ajuntaments que han sol\u00b7licitat l&#8217;ajuda a la Generalitat en la gesti\u00f3 d&#8217;aquests residus.<\/h3>\n\n\n\n<h3 class=\"wp-block-heading\">La Conselleria de Medi Ambient, Infraestructures i Territori ha ampliat el pla de xoc inicial per a retirar els nous residus generats amb les tasques de reconstrucci\u00f3.<\/h3>\n\n\n\n<p>La Generalitat ha traslladat als ajuntaments que utilitzar\u00e0 les empreses que gestionen els residus municipals per a retirar els enderrocs generats en les diferents tasques de reconstrucci\u00f3 privades que s&#8217;han escom\u00e9s despr\u00e9s de les inundacions del passat mes d&#8217;octubre.<\/p>\n\n\n\n<p>Aix\u00ed ho ha confirmat el conseller de Medi Ambient, Infraestructures i Territori, Vicente Mart\u00ednez Mus, que s&#8217;ha reunit amb el director general de qualitat i Educaci\u00f3 Ambiental, Jorge Blanco, i els alcaldes dels 15 municipis que han sol\u00b7licitat ajuda a la Generalitat per a abordar les q\u00fcestions d&#8217;aquesta nova fase del pla de xoc que permeta donar resposta a les necessitats plantejades.<\/p>\n\n\n\n<p>Mart\u00ednez Mus ha assenyalat que des de la Conselleria de Medi Ambient es formalitzar\u00e0 un nou contracte per a ajudar als ajuntaments d&#8217;Aldaia, Catarroja, Quart de Poblet, Riba-roja de T\u00faria, Sedav\u00ed, Utiel, Xiva, Xestalgar, Montserrat, Paiporta, Benet\u00fasser, L&#8217;Alc\u00fadia, Albal, Catadau i Xirivella. \u201cMalgrat que la gesti\u00f3 de residus \u00e9s compet\u00e8ncia municipal, s&#8217;ha optat per recolzar als municipis en aquest treball\u201d ha indicat el conseller. Per a la seua agilitaci\u00f3 s&#8217;ha optat per utilitzar a les empreses que gestionen ja els residus dels municipis.<\/p>\n\n\n\n<p>La mesura s&#8217;emmarca en l&#8217;ampliaci\u00f3 del pla aprovat pel Consell per a fer costat als municipis afectats i respon a la impossibilitat de moltes corporacions locals d&#8217;assumir en solitari el cost d&#8217;aquestes actuacions. Amb aquest refor\u00e7, \u201cla Generalitat garanteix la retirada dels residus i contribueix a la restauraci\u00f3 de la normalitat en les localitats m\u00e9s castigades per les riuades\u201d ha destacat Mart\u00ednez Mus.<\/p>\n\n\n\n<p><strong>Un mili\u00f3 de tones de residus<\/strong><\/p>\n\n\n\n<p>Cal recordar que, despr\u00e9s de les inundacions del passat mes d&#8217;octubre, es va posar en marxa un dispositiu dotat amb 180 milions d&#8217;euros que ha perm\u00e9s retirar aproximadament un mili\u00f3 de tones de residus, aix\u00ed com llot i cotxes afectats. Ara, aquest dispositiu s&#8217;ampliar\u00e0 amb la gesti\u00f3 dels residus d&#8217;obres de construcci\u00f3 i de reparaci\u00f3 d&#8217;habitatges i locals que han de ser tractats per part de gestors autoritzats en instal\u00b7lacions com els ecoparcs.<\/p>\n","protected":false},"excerpt":{"rendered":"<div class=\"mh-excerpt\">Vicente Mart\u00ednez Mus s&#8217;ha reunit amb els 15 ajuntaments que han sol\u00b7licitat l&#8217;ajuda a la Generalitat en la gesti\u00f3 d&#8217;aquests residus. La Conselleria de Medi Ambient, Infraestructures i Territori ha ampliat el pla de xoc <a class=\"mh-excerpt-more\" href=\"https:\/\/www.tucomarca.com\/wordpress\/segunda\/ca\/la-generalitat-retirara-els-enderrocs-generats-en-la-reconstruccio-despres-de-les-riuades-a-traves-de-les-empreses-que-ja-gestionen-els-residus-municipals\/\" title=\"La Generalitat retirar\u00e0 els enderrocs generats en la reconstrucci\u00f3 despr\u00e9s de les riuades a trav\u00e9s de les empreses que ja gestionen els residus municipals\">[+] <\/a><\/div>\n","protected":false},"author":1,"featured_media":279683,"comment_status":"open","ping_status":"open","sticky":false,"template":"","format":"standard","meta":{"footnotes":""},"categories":[10892,10991,11046,10898,11034,10948,10995,10894,10912,10902,10903,11000,10947,10909,10906,10896,10897,11059,10975],"tags":[15674,15409,11199,11957,11077],"class_list":{"0":"post-279685","1":"post","2":"type-post","3":"status-publish","4":"format-standard","5":"has-post-thumbnail","7":"category-camp-de-turia-ca","8":"category-catadau-ca","9":"category-los-serranos-ca","10":"category-ventana-ca","11":"category-gestalgar-ca","12":"category-infraestructuras-ca","13":"category-lalcudia-ca","14":"category-la-comarca-ca","15":"category-la-hoya-ca","16":"category-la-ribera-ca","17":"category-medio-ambiente-la-comarca-ca","18":"category-monserrat-ca","19":"category-politica","20":"category-requena-utiel-ca","21":"category-riba-roja-ca","22":"category-seccion-ca","23":"category-sucesos-la-comarca-ca","24":"category-utiel-ca","25":"category-chiva-ca","26":"tag-camp-de-turia-2-ca","27":"tag-dana-2-ca","28":"tag-la-comunitat-ca","29":"tag-la-hoya-de-buno-chiva-ca","30":"tag-la-ribera-alta-ca"},"_links":{"self":[{"href":"https:\/\/www.tucomarca.com\/wordpress\/segunda\/ca\/wp-json\/wp\/v2\/posts\/279685","targetHints":{"allow":["GET"]}}],"collection":[{"href":"https:\/\/www.tucomarca.com\/wordpress\/segunda\/ca\/wp-json\/wp\/v2\/posts"}],"about":[{"href":"https:\/\/www.tucomarca.com\/wordpress\/segunda\/ca\/wp-json\/wp\/v2\/types\/post"}],"author":[{"embeddable":true,"href":"https:\/\/www.tucomarca.com\/wordpress\/segunda\/ca\/wp-json\/wp\/v2\/users\/1"}],"replies":[{"embeddable":true,"href":"https:\/\/www.tucomarca.com\/wordpress\/segunda\/ca\/wp-json\/wp\/v2\/comments?post=279685"}],"version-history":[{"count":0,"href":"https:\/\/www.tucomarca.com\/wordpress\/segunda\/ca\/wp-json\/wp\/v2\/posts\/279685\/revisions"}],"wp:featuredmedia":[{"embeddable":true,"href":"https:\/\/www.tucomarca.com\/wordpress\/segunda\/ca\/wp-json\/wp\/v2\/media\/279683"}],"wp:attachment":[{"href":"https:\/\/www.tucomarca.com\/wordpress\/segunda\/ca\/wp-json\/wp\/v2\/media?parent=279685"}],"wp:term":[{"taxonomy":"category","embeddable":true,"href":"https:\/\/www.tucomarca.com\/wordpress\/segunda\/ca\/wp-json\/wp\/v2\/categories?post=279685"},{"taxonomy":"post_tag","embeddable":true,"href":"https:\/\/www.tucomarca.com\/wordpress\/segunda\/ca\/wp-json\/wp\/v2\/tags?post=279685"}],"curies":[{"name":"wp","href":"https:\/\/api.w.org\/{rel}","templated":true}]}}