{"id":279746,"date":"2025-09-19T13:00:00","date_gmt":"2025-09-19T11:00:00","guid":{"rendered":"https:\/\/www.tucomarca.com\/wordpress\/segunda\/?p=279746"},"modified":"2025-09-19T19:58:14","modified_gmt":"2025-09-19T17:58:14","slug":"susana-camarero-destaca-el-consens-amb-els-agents-socials-per-a-avancar-en-el-desenvolupament-del-pla-endavant-i-el-pacte-valencia-per-la-prosperitat-la-inclusio-i-la-sostenibilitat","status":"publish","type":"post","link":"https:\/\/www.tucomarca.com\/wordpress\/segunda\/ca\/susana-camarero-destaca-el-consens-amb-els-agents-socials-per-a-avancar-en-el-desenvolupament-del-pla-endavant-i-el-pacte-valencia-per-la-prosperitat-la-inclusio-i-la-sostenibilitat\/","title":{"rendered":"Susana Camarero destaca el consens amb els agents socials per a avan\u00e7ar en el desenvolupament del Pla Endavant i el Pacte Valenci\u00e0 per la Prosperitat, la Inclusi\u00f3 i la Sostenibilitat"},"content":{"rendered":"\n<h3 class=\"wp-block-heading\">La vicepresidenta ha anunciat la creaci\u00f3 d&#8217;una taula de coordinaci\u00f3 per al desenvolupament del Pla Endavant, un instrument prioritari per al Consell en la recuperaci\u00f3 i reconstrucci\u00f3 de la zona DANA.<\/h3>\n\n\n\n<h3 class=\"wp-block-heading\">Les aportacions al Pacte Valenci\u00e0 per la Prosperitat, la Inclusi\u00f3 i la Sostenibilitat permeten iniciar les taules de treball per a ultimar un gran acord a la fi d&#8217;any.<\/h3>\n\n\n\n<p>La vicepresidenta primera i consellera de Serveis Socials, Igualtat i Habitatge, Susana Camarero, ha informat aquest divendres, despr\u00e9s de la celebraci\u00f3 de la Mesa de Di\u00e0leg Social juntament amb el president de la Generalitat, Carlos Maz\u00f3n, dels avan\u00e7os aconseguits sobre el Pla Endavant i el Pacte Valenci\u00e0 per a la Prosperitat, la Inclusi\u00f3 i la Sostenibilitat. La reuni\u00f3, en la qual han participat sindicats i patronal, ha sigut qualificada per la portaveu del Consell com a \u201cfruct\u00edfera i participativa\u201d.<\/p>\n\n\n\n<p>Durant la seua intervenci\u00f3 davant els mitjans de comunicaci\u00f3, Camarero ha explicat que s&#8217;ha acordat amb els agents socials la posada en marxa d&#8217;una taula de coordinaci\u00f3 per a seguir l&#8217;evoluci\u00f3 i el desenvolupament del Pla Endavant, \u201cun instrument prioritari per al Consell en la recuperaci\u00f3 i reconstrucci\u00f3 de la zona dana, que exigeix un di\u00e0leg continu, i no sols inicial, entre tots els agents implicats que han participat en la seua elaboraci\u00f3\u201d.<\/p>\n\n\n\n<p>La vicepresidenta ha subratllat tamb\u00e9 que en la trobada s&#8217;ha tractat la import\u00e0ncia de refor\u00e7ar la prevenci\u00f3 i l&#8217;anticipaci\u00f3 davant futures emerg\u00e8ncies, aix\u00ed com la necessitat de multiplicar la coordinaci\u00f3 entre administracions. \u201c\u00c9s imprescindible la coordinaci\u00f3 entre les diferents administracions i, evidentment, tamb\u00e9 entre els agents socials\u201d.<\/p>\n\n\n\n<p>Quant al Pacte Valenci\u00e0 per la Prosperitat, la Inclusi\u00f3 i la Sostenibilitat, la consellera ha explicat que la Generalitat remetr\u00e0 en els pr\u00f2xims dies als sindicats i a la patronal les aportacions de totes les conselleries sobre l&#8217;esborrany del document rebut el mes de juny, \u201camb l&#8217;objectiu d&#8217;iniciar les taules de treball per a avan\u00e7ar i culminar un gran acord abans de finalitzar l&#8217;any\u201d.<\/p>\n\n\n\n<p>\u201cHem analitzat com ser\u00e0 el desenvolupament durant les pr\u00f2ximes setmanes d&#8217;aquest gran pacte valenci\u00e0 que sustentar\u00e0 un di\u00e0leg social que continuarem implementant\u201d, ha destacat Camarero.<\/p>\n","protected":false},"excerpt":{"rendered":"<div class=\"mh-excerpt\">La vicepresidenta ha anunciat la creaci\u00f3 d&#8217;una taula de coordinaci\u00f3 per al desenvolupament del Pla Endavant, un instrument prioritari per al Consell en la recuperaci\u00f3 i reconstrucci\u00f3 de la zona DANA. Les aportacions al Pacte <a class=\"mh-excerpt-more\" href=\"https:\/\/www.tucomarca.com\/wordpress\/segunda\/ca\/susana-camarero-destaca-el-consens-amb-els-agents-socials-per-a-avancar-en-el-desenvolupament-del-pla-endavant-i-el-pacte-valencia-per-la-prosperitat-la-inclusio-i-la-sostenibilitat\/\" title=\"Susana Camarero destaca el consens amb els agents socials per a avan\u00e7ar en el desenvolupament del Pla Endavant i el Pacte Valenci\u00e0 per la Prosperitat, la Inclusi\u00f3 i la Sostenibilitat\">[+] <\/a><\/div>\n","protected":false},"author":12,"featured_media":279745,"comment_status":"open","ping_status":"open","sticky":false,"template":"","format":"standard","meta":{"footnotes":""},"categories":[21466,10898,10948,10894,10904,10903,10947,10896,10897],"tags":[15409,11498,23040,23039,21391],"class_list":{"0":"post-279746","1":"post","2":"type-post","3":"status-publish","4":"format-standard","5":"has-post-thumbnail","7":"category-dana-ca","8":"category-ventana-ca","9":"category-infraestructuras-ca","10":"category-la-comarca-ca","11":"category-sin-categorizar-ca","12":"category-medio-ambiente-la-comarca-ca","13":"category-politica","14":"category-seccion-ca","15":"category-sucesos-la-comarca-ca","16":"tag-dana-2-ca","17":"tag-generalitat-valenciana-ca","18":"tag-pacte-valencia-per-la-prosperitat","19":"tag-plan-endavant-ca","20":"tag-susana-camarero-ca"},"_links":{"self":[{"href":"https:\/\/www.tucomarca.com\/wordpress\/segunda\/ca\/wp-json\/wp\/v2\/posts\/279746","targetHints":{"allow":["GET"]}}],"collection":[{"href":"https:\/\/www.tucomarca.com\/wordpress\/segunda\/ca\/wp-json\/wp\/v2\/posts"}],"about":[{"href":"https:\/\/www.tucomarca.com\/wordpress\/segunda\/ca\/wp-json\/wp\/v2\/types\/post"}],"author":[{"embeddable":true,"href":"https:\/\/www.tucomarca.com\/wordpress\/segunda\/ca\/wp-json\/wp\/v2\/users\/12"}],"replies":[{"embeddable":true,"href":"https:\/\/www.tucomarca.com\/wordpress\/segunda\/ca\/wp-json\/wp\/v2\/comments?post=279746"}],"version-history":[{"count":0,"href":"https:\/\/www.tucomarca.com\/wordpress\/segunda\/ca\/wp-json\/wp\/v2\/posts\/279746\/revisions"}],"wp:featuredmedia":[{"embeddable":true,"href":"https:\/\/www.tucomarca.com\/wordpress\/segunda\/ca\/wp-json\/wp\/v2\/media\/279745"}],"wp:attachment":[{"href":"https:\/\/www.tucomarca.com\/wordpress\/segunda\/ca\/wp-json\/wp\/v2\/media?parent=279746"}],"wp:term":[{"taxonomy":"category","embeddable":true,"href":"https:\/\/www.tucomarca.com\/wordpress\/segunda\/ca\/wp-json\/wp\/v2\/categories?post=279746"},{"taxonomy":"post_tag","embeddable":true,"href":"https:\/\/www.tucomarca.com\/wordpress\/segunda\/ca\/wp-json\/wp\/v2\/tags?post=279746"}],"curies":[{"name":"wp","href":"https:\/\/api.w.org\/{rel}","templated":true}]}}