{"id":279988,"date":"2025-09-22T10:30:00","date_gmt":"2025-09-22T08:30:00","guid":{"rendered":"https:\/\/www.tucomarca.com\/wordpress\/segunda\/?p=279988"},"modified":"2025-09-22T18:34:38","modified_gmt":"2025-09-22T16:34:38","slug":"el-cd-bunyol-cau-contra-el-at-sagunti-2-0-en-un-partit-marcat-per-la-polemica-arbitral","status":"publish","type":"post","link":"https:\/\/www.tucomarca.com\/wordpress\/segunda\/ca\/el-cd-bunyol-cau-contra-el-at-sagunti-2-0-en-un-partit-marcat-per-la-polemica-arbitral\/","title":{"rendered":"El CD Bunyol cau contra el At Sagunt\u00ed (2-0) en un partit marcat per la pol\u00e8mica arbitral"},"content":{"rendered":"\n<p>El Club Esportiu Bunyol no va poder sumar en la seua visita a l&#8217;Atl\u00e8tic Sagunt\u00ed, on va caure derrotat per 2 gols a 0 en una trobada amb diverses decisions arbitrals que van condicionar el desenvolupament del xoc.<\/p>\n\n\n\n<p>El partit es va mantindre igualat durant la primera mitja hora, amb alternatives per a tots dos equips, fins que en el minut 40 el conjunt local va obrir el marcador amb el primer dels seus gols.<\/p>\n\n\n\n<p>La pol\u00e8mica va arribar en la segona part, concretament en el minut 55, quan l&#8217;\u00e0rbitre del partit va expulsar al jugador del CD Bunyol V\u00edctor despr\u00e9s de mostrar-li la segona targeta groga en una acci\u00f3 molt discutida per l&#8217;equip visitant i per la seua afici\u00f3.<\/p>\n\n\n\n<p>Malgrat quedar-se amb un menys, el Bunyol va mantindre el pols a la trobada; i en el minut 68 l&#8217;Atl\u00e8tic Sagunt\u00ed tamb\u00e9 es va quedar amb un jugador menys despr\u00e9s de l&#8217;expulsi\u00f3 d&#8217;un dels seus futbolistes per doble groga. No obstant aix\u00f2, quan semblava que els blancs podien reaccionar, en el minut 76 va arribar el segon gol local que va sentenciar definitivament el xoc.<\/p>\n\n\n\n<p>Amb aquest resultat, el CD Bunyol suma la seua primera derrota en l&#8217;acabada d&#8217;estrenar Tercera Divisi\u00f3 en un xoc marcat per la igualtat, l&#8217;esfor\u00e7 dels jugadors i la pol\u00e8mica arbitral que va deixar a l&#8217;equip condicionat gran part de la segona meitat.<\/p>\n\n\n\n<p>Despr\u00e9s d&#8217;aquesta tercera jornada de lliga, els blancs se situen en la part central de la taula, concretament en la novena posici\u00f3 gr\u00e0cies als seus quatre punts sumats despr\u00e9s del seu empat sense gols de la primera jornada enfront del Vall de Ux\u00f3 a casa i la seua vict\u00f2ria enfront del CD Utiel per la m\u00ednima a domicili.<\/p>\n","protected":false},"excerpt":{"rendered":"<div class=\"mh-excerpt\">El Club Esportiu Bunyol no va poder sumar en la seua visita a l&#8217;Atl\u00e8tic Sagunt\u00ed, on va caure derrotat per 2 gols a 0 en una trobada amb diverses decisions arbitrals que van condicionar el <a class=\"mh-excerpt-more\" href=\"https:\/\/www.tucomarca.com\/wordpress\/segunda\/ca\/el-cd-bunyol-cau-contra-el-at-sagunti-2-0-en-un-partit-marcat-per-la-polemica-arbitral\/\" title=\"El CD Bunyol cau contra el At Sagunt\u00ed (2-0) en un partit marcat per la pol\u00e8mica arbitral\">[+] <\/a><\/div>\n","protected":false},"author":12,"featured_media":279985,"comment_status":"open","ping_status":"open","sticky":false,"template":"","format":"standard","meta":{"footnotes":""},"categories":[10911,11015,11003,10894,10912,10896],"tags":[10913,11074,11075,10914,14916],"class_list":{"0":"post-279988","1":"post","2":"type-post","3":"status-publish","4":"format-standard","5":"has-post-thumbnail","7":"category-bunol-ca","8":"category-canal-futbol","9":"category-sports","10":"category-la-comarca-ca","11":"category-la-hoya-ca","12":"category-seccion-ca","13":"tag-bunol-ca","14":"tag-deportes-ca","15":"tag-futbol-ca","16":"tag-la-hoya-de-bunol-chiva-ca","17":"tag-tercera-division-ca"},"_links":{"self":[{"href":"https:\/\/www.tucomarca.com\/wordpress\/segunda\/ca\/wp-json\/wp\/v2\/posts\/279988","targetHints":{"allow":["GET"]}}],"collection":[{"href":"https:\/\/www.tucomarca.com\/wordpress\/segunda\/ca\/wp-json\/wp\/v2\/posts"}],"about":[{"href":"https:\/\/www.tucomarca.com\/wordpress\/segunda\/ca\/wp-json\/wp\/v2\/types\/post"}],"author":[{"embeddable":true,"href":"https:\/\/www.tucomarca.com\/wordpress\/segunda\/ca\/wp-json\/wp\/v2\/users\/12"}],"replies":[{"embeddable":true,"href":"https:\/\/www.tucomarca.com\/wordpress\/segunda\/ca\/wp-json\/wp\/v2\/comments?post=279988"}],"version-history":[{"count":0,"href":"https:\/\/www.tucomarca.com\/wordpress\/segunda\/ca\/wp-json\/wp\/v2\/posts\/279988\/revisions"}],"wp:featuredmedia":[{"embeddable":true,"href":"https:\/\/www.tucomarca.com\/wordpress\/segunda\/ca\/wp-json\/wp\/v2\/media\/279985"}],"wp:attachment":[{"href":"https:\/\/www.tucomarca.com\/wordpress\/segunda\/ca\/wp-json\/wp\/v2\/media?parent=279988"}],"wp:term":[{"taxonomy":"category","embeddable":true,"href":"https:\/\/www.tucomarca.com\/wordpress\/segunda\/ca\/wp-json\/wp\/v2\/categories?post=279988"},{"taxonomy":"post_tag","embeddable":true,"href":"https:\/\/www.tucomarca.com\/wordpress\/segunda\/ca\/wp-json\/wp\/v2\/tags?post=279988"}],"curies":[{"name":"wp","href":"https:\/\/api.w.org\/{rel}","templated":true}]}}