{"id":280202,"date":"2025-09-23T17:00:00","date_gmt":"2025-09-23T15:00:00","guid":{"rendered":"https:\/\/www.tucomarca.com\/wordpress\/segunda\/?p=280202"},"modified":"2025-09-23T19:05:50","modified_gmt":"2025-09-23T17:05:50","slug":"mazon-anuncia-un-nou-paquet-dajudes-directes-per-a-afectats-per-la-dana-amb-fons-per-a-la-compra-dhabitatge-i-material-escolar-i-lactivacio-dun-xec-bebe","status":"publish","type":"post","link":"https:\/\/www.tucomarca.com\/wordpress\/segunda\/ca\/mazon-anuncia-un-nou-paquet-dajudes-directes-per-a-afectats-per-la-dana-amb-fons-per-a-la-compra-dhabitatge-i-material-escolar-i-lactivacio-dun-xec-bebe\/","title":{"rendered":"Maz\u00f3n anuncia un nou paquet d&#8217;ajudes directes per a afectats per la DANA amb fons per a la compra d&#8217;habitatge i material escolar i l&#8217;activaci\u00f3 d&#8217;un \u2018Xec beb\u00e9\u2019"},"content":{"rendered":"\n<h3 class=\"wp-block-heading\">Avan\u00e7a que la Generalitat destinar\u00e0 30 milions d&#8217;euros per a cobrir fins al 10% del cost de l&#8217;habitatge amb un m\u00e0xim de 20.000 euros per a les persones que adquirisquen un immoble en els municipis damnificats.<\/h3>\n\n\n\n<h3 class=\"wp-block-heading\">Impulsa un xec de fins a 2.500 euros per naixement a trav\u00e9s d&#8217;una targeta prepagament canviable en comer\u00e7os de la zona dana, aix\u00ed com una aportaci\u00f3 extra de 500 euros per a la compra de material escolar als alumnes d&#8217;aquestes \u00e0rees.\u00a0<\/h3>\n\n\n\n<h3 class=\"wp-block-heading\">Destaca que en menys de 15 dies i sense cap tr\u00e0mit per als afectats ja s&#8217;han pagat 26.536 ajudes de b\u00e9ns de primera necessitat per 80 milions d&#8217;euros i 40.000 ajudes per a vehicles per 74 milions d&#8217;euros.\u00a0<\/h3>\n\n\n\n<h3 class=\"wp-block-heading\">Remarca que en 11 mesos la Generalitat ha mobilitzat 2.496 milions d&#8217;euros de \u201ca pulm\u00f3\u201d en ajudes directes i contractes d&#8217;emerg\u00e8ncies per a la reconstrucci\u00f3 \u201cen temps r\u00e8cord\u201d d&#8217;infraestructures vi\u00e0ries i ferrovi\u00e0ries.<\/h3>\n\n\n\n<h3 class=\"wp-block-heading\">Lamenta \u201cel purgatori burocr\u00e0tic i l&#8217;infern fiscal\u201d del Govern central amb els damnificats, la falta de suport financer a la Generalitat i critica el silenci per a crear una Comissi\u00f3 Mixta.<\/h3>\n\n\n\n<p>El president de la Generalitat, Carlos Maz\u00f3n, ha anunciat durant el Debat de Pol\u00edtica General un nou paquet d&#8217;ajudes directes per a la compra d&#8217;habitatges i el suport a les fam\u00edlies a trav\u00e9s d&#8217;un xec beb\u00e9 i l&#8217;adquisici\u00f3 de material escolar \u201cper a continuar amb la recuperaci\u00f3 de la zones afectades per les riuades\u201d.<\/p>\n\n\n\n<p>El president ha iniciat el seu discurs amb un record a les v\u00edctimes i persones afectades per la riuada i els ha recordat \u201cla m\u00e0 tendida i la porta oberta del Consell\u201d.\u00a0<\/p>\n\n\n\n<p>Durant la seua intervenci\u00f3, ha avan\u00e7at que la Generalitat destinar\u00e0 30 milions d&#8217;euros en ajudes directes perqu\u00e8 fins a 1.500 fam\u00edlies dels municipis damnificats per la dana \u201cpuguen tornar a tindre una llar\u201d.\u00a0<\/p>\n\n\n\n<p>Maz\u00f3n ha detallat que \u201camb aquesta l\u00ednia, que es publicar\u00e0 a l&#8217;octubre i arribaran immediatament, cobrirem fins al 10% del cost de l&#8217;habitatge, amb un m\u00e0xim de 20.000 euros, per als qui compren una casa en aquestes localitats, prioritzant als que van tindre el seu immoble danyat o destru\u00eft per la riuada\u201d.<\/p>\n\n\n\n<p>En aquesta l\u00ednia, tamb\u00e9 ha assenyalat la creaci\u00f3 d&#8217;un Xec Beb\u00e9 Dana dotat amb fins a 2.500 euros per fill que podr\u00e0 beneficiar a m\u00e9s de 16.000 naixements i adopcions que s&#8217;articular\u00e0 a trav\u00e9s de \u201cuna targeta prepagament que nom\u00e9s podr\u00e0 usar-se en els comer\u00e7os dels municipis damnificats el que suposar\u00e0 un impuls a l&#8217;economia local\u201d, ha indicat el president.<\/p>\n\n\n\n<p>Igualment, Maz\u00f3n ha destacat la posada en marxa de \u201cuna ajuda extraordin\u00e0ria de 500 euros per a la compra de material escolar destinada als alumnes de les zones afectades per a ajudar a les seues fam\u00edlies en aquest inici de curs\u201d.<\/p>\n\n\n\n<p>A m\u00e9s, tamb\u00e9 es destinar\u00e0 un mili\u00f3 d&#8217;euros per a llibreries afectades, centrals de distribuci\u00f3 de llibres, i ajudes a arxius i biblioteques municipals que van ser afectades per la riuada.<\/p>\n\n\n\n<p>El m\u00e0xim representant de l&#8217;Executiu valenci\u00e0 ha posat l&#8217;accent el comprom\u00eds de la Generalitat de \u201ccontinuar treballant en la reconstrucci\u00f3 econ\u00f2mica i social de la Comunitat Valenciana\u201d.<\/p>\n\n\n\n<p>D&#8217;aquesta manera, ha posat com a exemple l&#8217;actualitzaci\u00f3 d&#8217;ajudes\u201d directes, autom\u00e0tiques i sense paperassa\u201d per a l&#8217;adquisici\u00f3 de b\u00e9ns de primera necessitat, p\u00e8rdua de vehicles, treballadors afectats per ERTO i ajudes a aut\u00f2noms sense empleats que es van anunciar a principis d&#8217;aquest mes.<\/p>\n\n\n\n<p>Sobre aquest tema, Maz\u00f3n ha remarcat que \u201cen menys de 15 dies i sense tr\u00e0mits per als beneficiaris ja s&#8217;han pagat 26.536 ajudes de b\u00e9ns de primera necessitat per 80 milions d&#8217;euros i 40.000 ajudes per a vehicles per 74 milions d&#8217;euros\u201d. \u00a0<\/p>\n\n\n\n<p>Aquests 154 milions d&#8217;euros se sumen als 331,5 milions que la Generalitat ja havia abonat per aquests mateixos conceptes a les fam\u00edlies i empreses afectades per la dana, de manera que el total per a aquestes dues partides aconsegueix ja els 485 milions d&#8217;euros.<br>D&#8217;igual manera, ha recordat l&#8217;ampliaci\u00f3 en 35 milions d&#8217;euros en l\u00ednies per a fam\u00edlies nombroses, acollidores i monoparentals amb la m\u00ednima burocr\u00e0cia perqu\u00e8 els diners aquest en el seu compte corrent en el menor termini.<\/p>\n\n\n\n<p><br><strong>2.500 milions d&#8217;euros mobilitzats<\/strong><\/p>\n\n\n\n<p>El cap del Consell ha posat en valor que la Generalitat ha mobilitzat, comprom\u00e9s o gestionat partides per 2.496 milions d&#8217;euros de \u201cfons propis i a pulm\u00f3\u201d sense m\u00e9s opci\u00f3 per part del Govern central que \u201cendeutar-nos m\u00e9s\u201d.<\/p>\n\n\n\n<p>El president ha explicat que \u201caquest esfor\u00e7 inversor, t\u00e8cnic, hum\u00e0 i material ha perm\u00e9s donar ajudes directes a persones i empreses, reconstruir infraestructures i serveis b\u00e0sics per a recuperar la normalitat i atendre la salut mental dels damnificats\u201d.<\/p>\n\n\n\n<p>En concret, l&#8217;Executiu valenci\u00e0 ha activat 1.486 milions d&#8217;euros en 35 l\u00ednies d&#8217;ajudes directes per a fam\u00edlies, aut\u00f2noms, empreses, associacions, ajuntaments i mancomunitats.\u00a0<\/p>\n\n\n\n<p>D&#8217;aquestes, el 40% d&#8217;elles presenta un grau de pagament superior al 80% per un valor de 578,7 milions d&#8217;euros i m\u00e9s de la meitat estan ja al 100%. Entre elles, cal destacar que ja s&#8217;han abonat el 95% de les sol\u00b7licituds v\u00e0lides per a l&#8217;adquisici\u00f3 de b\u00e9ns de primera necessitat i el 98% per a la reposici\u00f3 de vehicles.\u00a0<br>Respecte a les ajudes a adaptaci\u00f3 de vehicles, lloguer d&#8217;habitatge, empreses i aut\u00f2noms amb i sense empleats, el complement per a treballadors afectats per ERTEs, a fam\u00edlies acollidores, mancomunitats, associacions c\u00edviques i culturals i comunitats de regants han arribat al 100%.<\/p>\n\n\n\n<p>El president ha ressaltat l&#8217;efic\u00e0cia d&#8217;unes ajudes de la Generalitat que \u201cfunciona, no cal retornar i sense burocr\u00e0cia\u201d enfront del purgatori burocr\u00e0tic i l&#8217;infern fiscal del Govern d&#8217;Espanya que \u201cdamunt tira la culpa als ciutadans per no demanar-les\u201d.<\/p>\n\n\n\n<p>En aquest sentit, ha retret a l&#8217;Executiu central que dels 16.600 milions d&#8217;ajudes anunciades \u201ccompte com a pr\u00f2pies les compensacions del Consorci d&#8217;Assegurances amb el que les ajudes reals es limiten a 2.650 milions d&#8217;euros amb fons a retornar, impostos i excessiva burocr\u00e0cia\u201d com la inclusi\u00f3 de cr\u00e8dits ICO dels quals una part \u201cles empreses hauran de reembossar amb interessos\u201d.<\/p>\n\n\n\n<p>A m\u00e9s, ha criticat la \u201cinefic\u00e0cia\u201d de les ajudes del Govern que nom\u00e9s ha atorgat el 16% i ha posat com a exemples que \u201c36.000 fam\u00edlies no han rebut ni un euro i continuen esperant les ajudes de primera necessitat i que nom\u00e9s ha abonat 1 de cada 5 subvencions del Pla Reinicia Acte\u201d.<\/p>\n\n\n\n<p>El cap del Consell ha sol\u00b7licitat l&#8217;IVA zero per al canvi de vehicles i treballs de rehabilitaci\u00f3 d&#8217;habitatge, l&#8217;extensi\u00f3 a 2025 de l&#8217;exempci\u00f3 de l&#8217;Impost sobre B\u00e9ns immobles i de l&#8217;Impost sobre Activitats Econ\u00f2miques, l&#8217;exempci\u00f3 total de tributaci\u00f3 de les ajudes concedides per la Generalitat a pimes i aut\u00f2noms, aix\u00ed com una soluci\u00f3 per als propietaris de 800 vehicles que no han aparegut i que no poden donar de baixa ni percebre ajudes del Govern.<\/p>\n\n\n\n<p><strong>Recuperaci\u00f3 d&#8217;infraestructures estrat\u00e8giques<\/strong><\/p>\n\n\n\n<p>D&#8217;altra banda, el president ha indicat que la Generalitat ja ha mobilitzat 1.010 milions d&#8217;euros en la reconstrucci\u00f3 \u201cen temps r\u00e8cord\u201d d&#8217;infraestructures estrat\u00e8giques i reposici\u00f3 de b\u00e9ns que suposen \u201c2,8 milions d&#8217;euros al dia\u201d.<\/p>\n\n\n\n<p>Aix\u00ed, entre altres, ha fet refer\u00e8ncia als 75 milions per a reconstruir les 18 carreteres auton\u00f2miques, 12 ponts i 4 passarel\u00b7les danyades per les riuades en \u201ctan sols 10 mesos\u201d, als quals cal sumar 50 milions d&#8217;euros per a reparar m\u00e9s de 60 infraestructures de titularitat municipal en m\u00e9s de 50 poblacions i la reconstrucci\u00f3 de 2.755 quil\u00f2metres de pistes forestals danyades per les riuades per un valor de 93 milions d&#8217;euros.<\/p>\n\n\n\n<p>Tamb\u00e9 ha destacat la recuperaci\u00f3 en huit mesos el tram entre Val\u00e8ncia Sud-Castell\u00f3 i la posada en marxa de tot el servei de Metrovalencia amb actuacions com la noves estacions a Val\u00e8ncia Sud i Paiporta, la reconstrucci\u00f3 del pont ferroviari sobre el barranc del Pedr\u00eds a Paiporta, i l&#8217;activaci\u00f3 de 25 l\u00ednies d&#8217;autobusos llan\u00e7adora per a garantir la connectivitat de les zones afectades i el trasllat dels treballadors a les \u00e0rees industrials.<\/p>\n\n\n\n<p>Maz\u00f3n ha posat en valor la rehabilitaci\u00f3 del port de Cullera amb una inversi\u00f3 de sis milions d&#8217;euros que \u201ciniciem la setmana passada amb el major dragatge que la Generalitat haja realitzat mai\u201d, al mateix temps que ha avan\u00e7at que \u201cassumirem la regeneraci\u00f3 de les platges de Tavernes de la Valldigna i Cullera a pesar que aquesta tasca \u00e9s compet\u00e8ncia de l&#8217;Executiu central\u201d.<\/p>\n\n\n\n<p>Aix\u00ed mateix, el president ha assenyalat els 100 milions d&#8217;euros destinats per a reparar 150 quil\u00f2metres de col\u00b7lectors i 123 depuradores danyades per la dana que \u201cestaven operatives des de desembre mitjan\u00e7ant solucions provisionals que va permetre aconseguir l&#8217;abocament 0 d&#8217;aig\u00fces residuals a l\u2019Albufera\u201d, aix\u00ed com el desemborsament de 180 milions d&#8217;euros per a la retirada de m\u00e9s de 800.000 tones de residus i de 110.00 vehicles traslladats a centres autoritzats de tractaments.<\/p>\n\n\n\n<p>El president ha subratllat que la Generalitat ha destinat 140 milions d&#8217;euros per a fer possible que \u201ctots els alumnes afectats estiguen fent classes en els seus municipis i que el 93% dels 115 centres tornen a estar operatius\u201d. Aix\u00ed, cal assenyalar que els alumnes dels huit centres amb danys irreparables han sigut reubicats en m\u00f2duls provisionals i ha reiterat el comprom\u00eds de \u201ccontinuar treballant en infraestructures m\u00e9s segures i amb millors prestacions\u201d.<\/p>\n\n\n\n<p><strong>Sense respostes del Govern central<\/strong><\/p>\n\n\n\n<p>Durant la seua intervenci\u00f3, Maz\u00f3n ha incidit a sol\u00b7licitar al Govern central la inclusi\u00f3 dels 28 municipis de la prov\u00edncia de Val\u00e8ncia i 70 de la prov\u00edncia de Castell\u00f3 que van quedar fora del decret d&#8217;ajudes estatals i europees, la col\u00b7laboraci\u00f3 per a reposar l&#8217;equipament escolar danyat per valor de 1.134 milions d&#8217;euros, l&#8217;habilitaci\u00f3 d&#8217;una partida extraordin\u00e0ria de 250 milions d&#8217;euros per a la reparaci\u00f3 de resid\u00e8ncies de majors i 140 milions d&#8217;euros per a rehabilitar centres sanitaris i cofinan\u00e7ar la targeta de transport gratu\u00eft per als habitants de les zones afectades.\u00a0<\/p>\n\n\n\n<p>El cap del Consell ha ressaltat que la Generalitat \u201cha complit dins del termini i en la forma corresponent amb el calendari que ens hav\u00edem marcat per a elaborar el pla Endavant, que a m\u00e9s compta amb una consignaci\u00f3 pressupost\u00e0ria de 2.364 milions d&#8217;euros\u201d.<\/p>\n\n\n\n<p>Aquest Pla, que compta amb 12 grans l\u00ednies i 339 mesures per a dissenyar, crear i garantir \u201caccions per a disposar d&#8217;infraestructures de defensa davant les inundacions, ordenar millor el territori per a tal fi i generar entre la ciutadania una veritable cultura de l&#8217;emerg\u00e8ncia\u201d.<\/p>\n\n\n\n<p>Aix\u00ed, Maz\u00f3n ha apel\u00b7lat a tota la societat valenciana al fet que s&#8217;unisca \u201cen les justes demandes i reivindicacions que ens ajuden a recuperar-nos al m\u00e9s prompte possible i a fer del nostre territori un lloc m\u00e9s segur i resilient davant els riscos naturals\u201d.<\/p>\n\n\n\n<p>Per aix\u00f2, el president ha enlletgit al Govern que \u201creconega ara que la Confederaci\u00f3 Hidrogr\u00e0fica del X\u00faquer no tinga instal\u00b7lat un Sistema de Alertas Primerenques (SAT) com ja t\u00e9 la conca de l&#8217;Ebre\u201d i ha criticat que \u201cquasi un any despr\u00e9s aquest sistema nom\u00e9s est\u00e0 en tramitaci\u00f3 administrativa amb una inversi\u00f3 de zero euros per a 2025\u201d.<\/p>\n\n\n\n<p>D&#8217;aquesta manera, ha reclamat \u201ccoordinar esfor\u00e7os i evitar duplicitats que facen perdre el temps als afectats pel que insistim a exigir al Govern d&#8217;Espanya la creaci\u00f3 d&#8217;una Comissi\u00f3 Mixta\u201d.<\/p>\n\n\n\n<p>Tamb\u00e9 ha tornat a demandar a l&#8217;Executiu central la creaci\u00f3 d&#8217;un Fons Extraordinari Nacional per a Cat\u00e0strofes i un Pacte Nacional contra les Inundacions com ja va plantejar en la Confer\u00e8ncia de Presidents.<\/p>\n","protected":false},"excerpt":{"rendered":"<div class=\"mh-excerpt\">Avan\u00e7a que la Generalitat destinar\u00e0 30 milions d&#8217;euros per a cobrir fins al 10% del cost de l&#8217;habitatge amb un m\u00e0xim de 20.000 euros per a les persones que adquirisquen un immoble en els municipis <a class=\"mh-excerpt-more\" href=\"https:\/\/www.tucomarca.com\/wordpress\/segunda\/ca\/mazon-anuncia-un-nou-paquet-dajudes-directes-per-a-afectats-per-la-dana-amb-fons-per-a-la-compra-dhabitatge-i-material-escolar-i-lactivacio-dun-xec-bebe\/\" title=\"Maz\u00f3n anuncia un nou paquet d&#8217;ajudes directes per a afectats per la DANA amb fons per a la compra d&#8217;habitatge i material escolar i l&#8217;activaci\u00f3 d&#8217;un \u2018Xec beb\u00e9\u2019\">[+] <\/a><\/div>\n","protected":false},"author":12,"featured_media":280201,"comment_status":"open","ping_status":"open","sticky":false,"template":"","format":"standard","meta":{"footnotes":""},"categories":[21466,10898,10948,10894,10904,10903,10947,10896,10897],"tags":[21788,18807,23064,15409,11498],"class_list":{"0":"post-280202","1":"post","2":"type-post","3":"status-publish","4":"format-standard","5":"has-post-thumbnail","7":"category-dana-ca","8":"category-ventana-ca","9":"category-infraestructuras-ca","10":"category-la-comarca-ca","11":"category-sin-categorizar-ca","12":"category-medio-ambiente-la-comarca-ca","13":"category-politica","14":"category-seccion-ca","15":"category-sucesos-la-comarca-ca","16":"tag-ayudas-dana-ca","17":"tag-carlos-mazon-ca","18":"tag-cheque-bebe-ca","19":"tag-dana-2-ca","20":"tag-generalitat-valenciana-ca"},"_links":{"self":[{"href":"https:\/\/www.tucomarca.com\/wordpress\/segunda\/ca\/wp-json\/wp\/v2\/posts\/280202","targetHints":{"allow":["GET"]}}],"collection":[{"href":"https:\/\/www.tucomarca.com\/wordpress\/segunda\/ca\/wp-json\/wp\/v2\/posts"}],"about":[{"href":"https:\/\/www.tucomarca.com\/wordpress\/segunda\/ca\/wp-json\/wp\/v2\/types\/post"}],"author":[{"embeddable":true,"href":"https:\/\/www.tucomarca.com\/wordpress\/segunda\/ca\/wp-json\/wp\/v2\/users\/12"}],"replies":[{"embeddable":true,"href":"https:\/\/www.tucomarca.com\/wordpress\/segunda\/ca\/wp-json\/wp\/v2\/comments?post=280202"}],"version-history":[{"count":0,"href":"https:\/\/www.tucomarca.com\/wordpress\/segunda\/ca\/wp-json\/wp\/v2\/posts\/280202\/revisions"}],"wp:featuredmedia":[{"embeddable":true,"href":"https:\/\/www.tucomarca.com\/wordpress\/segunda\/ca\/wp-json\/wp\/v2\/media\/280201"}],"wp:attachment":[{"href":"https:\/\/www.tucomarca.com\/wordpress\/segunda\/ca\/wp-json\/wp\/v2\/media?parent=280202"}],"wp:term":[{"taxonomy":"category","embeddable":true,"href":"https:\/\/www.tucomarca.com\/wordpress\/segunda\/ca\/wp-json\/wp\/v2\/categories?post=280202"},{"taxonomy":"post_tag","embeddable":true,"href":"https:\/\/www.tucomarca.com\/wordpress\/segunda\/ca\/wp-json\/wp\/v2\/tags?post=280202"}],"curies":[{"name":"wp","href":"https:\/\/api.w.org\/{rel}","templated":true}]}}