{"id":280237,"date":"2025-09-24T09:00:00","date_gmt":"2025-09-24T07:00:00","guid":{"rendered":"https:\/\/www.tucomarca.com\/wordpress\/segunda\/?p=280237"},"modified":"2025-09-24T18:58:24","modified_gmt":"2025-09-24T16:58:24","slug":"la-fundacion-el-olmo-i-cecova-signen-un-conveni-per-a-impulsar-la-innovacio-en-latencio-des-del-cit-ruraltec","status":"publish","type":"post","link":"https:\/\/www.tucomarca.com\/wordpress\/segunda\/ca\/la-fundacion-el-olmo-i-cecova-signen-un-conveni-per-a-impulsar-la-innovacio-en-latencio-des-del-cit-ruraltec\/","title":{"rendered":"La Fundaci\u00f3n El Olmo i CECOVA signen un conveni per a impulsar la innovaci\u00f3 en l\u2019atenci\u00f3 des del CIT RuralTEC"},"content":{"rendered":"\n<p>Esta setmana ha quedat formalitzada la signatura del conveni de col\u00b7laboraci\u00f3 entre Rafael Gim\u00e9nez, president de la Fundaci\u00f3n El Olmo (organisme impulsor del CIT RuralTEC), i Juan Jos\u00e9 Tirado, president del Consell de Col\u00b7legis d\u2019Infermeres i Infermers de la Comunitat Valenciana (CECOVA).<\/p>\n\n\n\n<p>L\u2019acord establix un marc de cooperaci\u00f3 destinat a aportar experi\u00e8ncies i projectes innovadors als Centres d\u2019Innovaci\u00f3 Territorial RuralTEC, en els entorns de l\u2019Alto Turia, Rinc\u00f3n de Ademuz i Utiel-Requena, amb l\u2019objectiu de millorar l\u2019atenci\u00f3 i la qualitat de vida de les persones, especialment de la poblaci\u00f3 major que viu en les zones rurals on ambdues entitats desenvolupen la seua activitat.<\/p>\n\n\n\n<p>La Fundaci\u00f3n El Olmo posar\u00e0 a disposici\u00f3 d\u2019este conveni els recursos del seu <strong>Centre d\u2019Innovaci\u00f3 Territorial RuralTEC<\/strong>, amb seus a Aras de los Olmos i <strong>Ve<\/strong>nta del Moro, mentre que CECOVA implicar\u00e0 als professionals d\u2019infermeria col\u00b7legiats, aportant la seua experi\u00e8ncia en salut comunit\u00e0ria, cures i promoci\u00f3 de l\u2019autonomia.<\/p>\n\n\n\n<p>Amb esta alian\u00e7a, ambdues institucions reforcen el seu comprom\u00eds amb el desenvolupament territorial sostenible, l\u2019equitat en l\u2019acc\u00e9s a les cures i la dignificaci\u00f3 de l\u2019atenci\u00f3 sociosanit\u00e0ria en l\u2019\u00e0mbit rural, contribuint a millorar la qualitat de vida de la ciutadania, especialment de les persones majors.<\/p>\n\n\n\n<p>Cal assenyalar que este tipus d\u2019accions de col\u00b7laboraci\u00f3 entronca directament amb la finalitat del CIT RuralTEC, ja que permet detectar i impulsar projectes i activitats que, des de l\u2019impuls de la tecnologia, milloren la qualitat de vida de les persones que habiten en entorns rurals.<\/p>\n\n\n\n<p>D\u2019este acord sorgixen diverses l\u00ednies d\u2019actuaci\u00f3 que seran impulsades de manera immediata per ambdues entitats.<\/p>\n","protected":false},"excerpt":{"rendered":"<div class=\"mh-excerpt\">Esta setmana ha quedat formalitzada la signatura del conveni de col\u00b7laboraci\u00f3 entre Rafael Gim\u00e9nez, president de la Fundaci\u00f3n El Olmo (organisme impulsor del CIT RuralTEC), i Juan Jos\u00e9 Tirado, president del Consell de Col\u00b7legis d\u2019Infermeres <a class=\"mh-excerpt-more\" href=\"https:\/\/www.tucomarca.com\/wordpress\/segunda\/ca\/la-fundacion-el-olmo-i-cecova-signen-un-conveni-per-a-impulsar-la-innovacio-en-latencio-des-del-cit-ruraltec\/\" title=\"La Fundaci\u00f3n El Olmo i CECOVA signen un conveni per a impulsar la innovaci\u00f3 en l\u2019atenci\u00f3 des del CIT RuralTEC\">[+] <\/a><\/div>\n","protected":false},"author":12,"featured_media":280235,"comment_status":"open","ping_status":"open","sticky":false,"template":"","format":"standard","meta":{"footnotes":""},"categories":[10890,11042,11046,10948,10894,10903,10947,10909,10896,11060],"tags":[14714,22054,22055,21666,11080],"class_list":{"0":"post-280237","1":"post","2":"type-post","3":"status-publish","4":"format-standard","5":"has-post-thumbnail","7":"category-ademus","8":"category-aras-de-olmos-ca","9":"category-los-serranos-ca","10":"category-infraestructuras-ca","11":"category-la-comarca-ca","12":"category-medio-ambiente-la-comarca-ca","13":"category-politica","14":"category-requena-utiel-ca","15":"category-seccion-ca","16":"category-venta-del-moro-ca","17":"tag-aras-de-los-olmos-ca","18":"tag-cecova-ca","19":"tag-cit-ruraltec-ca","20":"tag-fundacion-el-olmo-ca","21":"tag-los-serranos-ca"},"_links":{"self":[{"href":"https:\/\/www.tucomarca.com\/wordpress\/segunda\/ca\/wp-json\/wp\/v2\/posts\/280237","targetHints":{"allow":["GET"]}}],"collection":[{"href":"https:\/\/www.tucomarca.com\/wordpress\/segunda\/ca\/wp-json\/wp\/v2\/posts"}],"about":[{"href":"https:\/\/www.tucomarca.com\/wordpress\/segunda\/ca\/wp-json\/wp\/v2\/types\/post"}],"author":[{"embeddable":true,"href":"https:\/\/www.tucomarca.com\/wordpress\/segunda\/ca\/wp-json\/wp\/v2\/users\/12"}],"replies":[{"embeddable":true,"href":"https:\/\/www.tucomarca.com\/wordpress\/segunda\/ca\/wp-json\/wp\/v2\/comments?post=280237"}],"version-history":[{"count":0,"href":"https:\/\/www.tucomarca.com\/wordpress\/segunda\/ca\/wp-json\/wp\/v2\/posts\/280237\/revisions"}],"wp:featuredmedia":[{"embeddable":true,"href":"https:\/\/www.tucomarca.com\/wordpress\/segunda\/ca\/wp-json\/wp\/v2\/media\/280235"}],"wp:attachment":[{"href":"https:\/\/www.tucomarca.com\/wordpress\/segunda\/ca\/wp-json\/wp\/v2\/media?parent=280237"}],"wp:term":[{"taxonomy":"category","embeddable":true,"href":"https:\/\/www.tucomarca.com\/wordpress\/segunda\/ca\/wp-json\/wp\/v2\/categories?post=280237"},{"taxonomy":"post_tag","embeddable":true,"href":"https:\/\/www.tucomarca.com\/wordpress\/segunda\/ca\/wp-json\/wp\/v2\/tags?post=280237"}],"curies":[{"name":"wp","href":"https:\/\/api.w.org\/{rel}","templated":true}]}}