{"id":280395,"date":"2025-09-25T10:00:00","date_gmt":"2025-09-25T08:00:00","guid":{"rendered":"https:\/\/www.tucomarca.com\/wordpress\/segunda\/?p=280395"},"modified":"2025-09-25T12:56:51","modified_gmt":"2025-09-25T10:56:51","slug":"lajuntament-de-bunyol-realitza-obres-de-millora-en-el-ceip-cervantes-amb-actuacions-al-pati-i-la-calefaccio","status":"publish","type":"post","link":"https:\/\/www.tucomarca.com\/wordpress\/segunda\/ca\/lajuntament-de-bunyol-realitza-obres-de-millora-en-el-ceip-cervantes-amb-actuacions-al-pati-i-la-calefaccio\/","title":{"rendered":"L&#8217;Ajuntament de Bunyol realitza obres de millora en el CEIP Cervantes amb actuacions al pati i la calefacci\u00f3"},"content":{"rendered":"\n<p>L\u2019Ajuntament de Bunyol ha posat en marxa diverses obres de millora i condicionament en el CEIP Cervantes, amb l\u2019objectiu d\u2019oferir a l\u2019alumnat unes instal\u00b7lacions en millors condicions, m\u00e9s segures, sostenibles i confortables.<\/p>\n\n\n\n<p>En estos moments s\u2019est\u00e0 duent a terme la substituci\u00f3 del paviment del pati posterior del centre educatiu. Pr\u00e8viament, ja s\u2019havia renovat la caldera del col\u00b7legi, que ara funciona amb gas natural, despr\u00e9s de la retirada i condicionament de l\u2019antic sistema de gasoil.<\/p>\n\n\n\n<p>Des del consistori destaquen que estes actuacions formen part del comprom\u00eds municipal amb la millora cont\u00ednua dels centres educatius, garantint que el curs escolar es desenvolupe en un entorn de qualitat per a l\u2019alumnat i la comunitat educativa.<\/p>\n\n\n\n<figure class=\"wp-block-image size-large\"><img loading=\"lazy\" decoding=\"async\" width=\"1024\" height=\"691\" src=\"http:\/\/www.tucomarca.com\/wordpress\/segunda\/wp-content\/uploads\/2025\/09\/BunolCervanteesObras2-1024x691.jpg\" alt=\"\" class=\"wp-image-280392\" srcset=\"https:\/\/www.tucomarca.com\/wordpress\/segunda\/wp-content\/uploads\/2025\/09\/BunolCervanteesObras2-1024x691.jpg 1024w, https:\/\/www.tucomarca.com\/wordpress\/segunda\/wp-content\/uploads\/2025\/09\/BunolCervanteesObras2-300x202.jpg 300w, https:\/\/www.tucomarca.com\/wordpress\/segunda\/wp-content\/uploads\/2025\/09\/BunolCervanteesObras2-768x518.jpg 768w, https:\/\/www.tucomarca.com\/wordpress\/segunda\/wp-content\/uploads\/2025\/09\/BunolCervanteesObras2.jpg 1181w\" sizes=\"auto, (max-width: 1024px) 100vw, 1024px\" \/><\/figure>\n","protected":false},"excerpt":{"rendered":"<div class=\"mh-excerpt\">L\u2019Ajuntament de Bunyol ha posat en marxa diverses obres de millora i condicionament en el CEIP Cervantes, amb l\u2019objectiu d\u2019oferir a l\u2019alumnat unes instal\u00b7lacions en millors condicions, m\u00e9s segures, sostenibles i confortables. En estos moments <a class=\"mh-excerpt-more\" href=\"https:\/\/www.tucomarca.com\/wordpress\/segunda\/ca\/lajuntament-de-bunyol-realitza-obres-de-millora-en-el-ceip-cervantes-amb-actuacions-al-pati-i-la-calefaccio\/\" title=\"L&#8217;Ajuntament de Bunyol realitza obres de millora en el CEIP Cervantes amb actuacions al pati i la calefacci\u00f3\">[+] <\/a><\/div>\n","protected":false},"author":12,"featured_media":280391,"comment_status":"open","ping_status":"open","sticky":false,"template":"","format":"standard","meta":{"footnotes":""},"categories":[10911,10948,10894,10912,10947,10896],"tags":[10913,10914,23079],"class_list":{"0":"post-280395","1":"post","2":"type-post","3":"status-publish","4":"format-standard","5":"has-post-thumbnail","7":"category-bunol-ca","8":"category-infraestructuras-ca","9":"category-la-comarca-ca","10":"category-la-hoya-ca","11":"category-politica","12":"category-seccion-ca","13":"tag-bunol-ca","14":"tag-la-hoya-de-bunol-chiva-ca","15":"tag-obras-ceip-cervantes-ca"},"_links":{"self":[{"href":"https:\/\/www.tucomarca.com\/wordpress\/segunda\/ca\/wp-json\/wp\/v2\/posts\/280395","targetHints":{"allow":["GET"]}}],"collection":[{"href":"https:\/\/www.tucomarca.com\/wordpress\/segunda\/ca\/wp-json\/wp\/v2\/posts"}],"about":[{"href":"https:\/\/www.tucomarca.com\/wordpress\/segunda\/ca\/wp-json\/wp\/v2\/types\/post"}],"author":[{"embeddable":true,"href":"https:\/\/www.tucomarca.com\/wordpress\/segunda\/ca\/wp-json\/wp\/v2\/users\/12"}],"replies":[{"embeddable":true,"href":"https:\/\/www.tucomarca.com\/wordpress\/segunda\/ca\/wp-json\/wp\/v2\/comments?post=280395"}],"version-history":[{"count":0,"href":"https:\/\/www.tucomarca.com\/wordpress\/segunda\/ca\/wp-json\/wp\/v2\/posts\/280395\/revisions"}],"wp:featuredmedia":[{"embeddable":true,"href":"https:\/\/www.tucomarca.com\/wordpress\/segunda\/ca\/wp-json\/wp\/v2\/media\/280391"}],"wp:attachment":[{"href":"https:\/\/www.tucomarca.com\/wordpress\/segunda\/ca\/wp-json\/wp\/v2\/media?parent=280395"}],"wp:term":[{"taxonomy":"category","embeddable":true,"href":"https:\/\/www.tucomarca.com\/wordpress\/segunda\/ca\/wp-json\/wp\/v2\/categories?post=280395"},{"taxonomy":"post_tag","embeddable":true,"href":"https:\/\/www.tucomarca.com\/wordpress\/segunda\/ca\/wp-json\/wp\/v2\/tags?post=280395"}],"curies":[{"name":"wp","href":"https:\/\/api.w.org\/{rel}","templated":true}]}}