{"id":280467,"date":"2025-09-26T09:15:00","date_gmt":"2025-09-26T07:15:00","guid":{"rendered":"https:\/\/www.tucomarca.com\/wordpress\/segunda\/?p=280467"},"modified":"2025-09-26T19:17:59","modified_gmt":"2025-09-26T17:17:59","slug":"lart-la-moda-i-la-sostenibilitat-es-donen-cita-a-la-sala-loscurico-de-bunyol","status":"publish","type":"post","link":"https:\/\/www.tucomarca.com\/wordpress\/segunda\/ca\/lart-la-moda-i-la-sostenibilitat-es-donen-cita-a-la-sala-loscurico-de-bunyol\/","title":{"rendered":"L\u2019art, la moda i la sostenibilitat es donen cita a la sala \u201cL\u2019Oscurico\u201d de Bunyol"},"content":{"rendered":"<div class=\"wp-block-image\">\n<figure class=\"alignleft size-large is-resized\"><img loading=\"lazy\" decoding=\"async\" width=\"819\" height=\"1024\" src=\"http:\/\/www.tucomarca.com\/wordpress\/segunda\/wp-content\/uploads\/2025\/09\/Otonoapinceladas-819x1024.jpg\" alt=\"\" class=\"wp-image-280464\" style=\"width:394px;height:auto\" srcset=\"https:\/\/www.tucomarca.com\/wordpress\/segunda\/wp-content\/uploads\/2025\/09\/Otonoapinceladas-819x1024.jpg 819w, https:\/\/www.tucomarca.com\/wordpress\/segunda\/wp-content\/uploads\/2025\/09\/Otonoapinceladas-240x300.jpg 240w, https:\/\/www.tucomarca.com\/wordpress\/segunda\/wp-content\/uploads\/2025\/09\/Otonoapinceladas-768x960.jpg 768w, https:\/\/www.tucomarca.com\/wordpress\/segunda\/wp-content\/uploads\/2025\/09\/Otonoapinceladas.jpg 1080w\" sizes=\"auto, (max-width: 819px) 100vw, 819px\" \/><\/figure>\n<\/div>\n\n\n<p>Amb motiu del <strong>Dia Mundial del Turisme<\/strong>, este dissabte 27 de setembre se celebrar\u00e0 a Bunyol una nova edici\u00f3 del <strong>Festival d\u2019Arts \u201cTardor a pinzellades III\u201d<\/strong>, que s\u2019obrir\u00e0 amb la inauguraci\u00f3 de l\u2019exposici\u00f3 <strong>\u201cSorolla. Moda i sostenibilitat\u201d<\/strong> a la sala de L\u2019Oscurico del Castell.<\/p>\n\n\n\n<p>La mostra reunix una selecci\u00f3 de vestits sostenibles sobre els quals es projecten algunes de les obres m\u00e9s emblem\u00e0tiques del pintor valenci\u00e0, oferint una fusi\u00f3 original entre art, moda i consci\u00e8ncia mediambiental.<\/p>\n\n\n\n<p>La vetlada comptar\u00e0, a m\u00e9s, amb l\u2019actuaci\u00f3 en directe del Duo AlMa, que posar\u00e0 la banda sonora a esta experi\u00e8ncia cultural \u00fanica.<\/p>\n\n\n\n<p>L\u2019exposici\u00f3 romandr\u00e0 oberta al p\u00fablic fins al 9 de novembre de 2025.<\/p>\n","protected":false},"excerpt":{"rendered":"<div class=\"mh-excerpt\">Amb motiu del Dia Mundial del Turisme, este dissabte 27 de setembre se celebrar\u00e0 a Bunyol una nova edici\u00f3 del Festival d\u2019Arts \u201cTardor a pinzellades III\u201d, que s\u2019obrir\u00e0 amb la inauguraci\u00f3 de l\u2019exposici\u00f3 \u201cSorolla. Moda <a class=\"mh-excerpt-more\" href=\"https:\/\/www.tucomarca.com\/wordpress\/segunda\/ca\/lart-la-moda-i-la-sostenibilitat-es-donen-cita-a-la-sala-loscurico-de-bunyol\/\" title=\"L\u2019art, la moda i la sostenibilitat es donen cita a la sala \u201cL\u2019Oscurico\u201d de Bunyol\">[+] <\/a><\/div>\n","protected":false},"author":12,"featured_media":280465,"comment_status":"open","ping_status":"open","sticky":false,"template":"","format":"standard","meta":{"footnotes":""},"categories":[11019,10911,10894,10912,11007,10896],"tags":[10913,10914,23086],"class_list":{"0":"post-280467","1":"post","2":"type-post","3":"status-publish","4":"format-standard","5":"has-post-thumbnail","7":"category-agenda-ca","8":"category-bunol-ca","9":"category-la-comarca-ca","10":"category-la-hoya-ca","11":"category-ocio-y-cultura-ca","12":"category-seccion-ca","13":"tag-bunol-ca","14":"tag-la-hoya-de-bunol-chiva-ca","15":"tag-otono-a-pinceladas-iii-ca"},"_links":{"self":[{"href":"https:\/\/www.tucomarca.com\/wordpress\/segunda\/ca\/wp-json\/wp\/v2\/posts\/280467","targetHints":{"allow":["GET"]}}],"collection":[{"href":"https:\/\/www.tucomarca.com\/wordpress\/segunda\/ca\/wp-json\/wp\/v2\/posts"}],"about":[{"href":"https:\/\/www.tucomarca.com\/wordpress\/segunda\/ca\/wp-json\/wp\/v2\/types\/post"}],"author":[{"embeddable":true,"href":"https:\/\/www.tucomarca.com\/wordpress\/segunda\/ca\/wp-json\/wp\/v2\/users\/12"}],"replies":[{"embeddable":true,"href":"https:\/\/www.tucomarca.com\/wordpress\/segunda\/ca\/wp-json\/wp\/v2\/comments?post=280467"}],"version-history":[{"count":0,"href":"https:\/\/www.tucomarca.com\/wordpress\/segunda\/ca\/wp-json\/wp\/v2\/posts\/280467\/revisions"}],"wp:featuredmedia":[{"embeddable":true,"href":"https:\/\/www.tucomarca.com\/wordpress\/segunda\/ca\/wp-json\/wp\/v2\/media\/280465"}],"wp:attachment":[{"href":"https:\/\/www.tucomarca.com\/wordpress\/segunda\/ca\/wp-json\/wp\/v2\/media?parent=280467"}],"wp:term":[{"taxonomy":"category","embeddable":true,"href":"https:\/\/www.tucomarca.com\/wordpress\/segunda\/ca\/wp-json\/wp\/v2\/categories?post=280467"},{"taxonomy":"post_tag","embeddable":true,"href":"https:\/\/www.tucomarca.com\/wordpress\/segunda\/ca\/wp-json\/wp\/v2\/tags?post=280467"}],"curies":[{"name":"wp","href":"https:\/\/api.w.org\/{rel}","templated":true}]}}