{"id":280512,"date":"2025-09-26T11:00:00","date_gmt":"2025-09-26T09:00:00","guid":{"rendered":"https:\/\/www.tucomarca.com\/wordpress\/segunda\/?p=280512"},"modified":"2025-09-26T19:12:53","modified_gmt":"2025-09-26T17:12:53","slug":"pp-acusa-psoe-i-compromis-de-rebutjar-una-subvencio-de-diputacio-de-255-000e-a-leliana","status":"publish","type":"post","link":"https:\/\/www.tucomarca.com\/wordpress\/segunda\/ca\/pp-acusa-psoe-i-compromis-de-rebutjar-una-subvencio-de-diputacio-de-255-000e-a-leliana\/","title":{"rendered":"El PP acusa PSOE i Comprom\u00eds de &#8220;rebutjar una subvenci\u00f3 de Diputaci\u00f3 de 255.000\u20ac a l&#8217;Eliana&#8221;"},"content":{"rendered":"\n<h3 class=\"wp-block-heading\">Mar\u00eda Jos\u00e9 Marco (PP): \u201cMomp\u00f3 \u00e9s el president de la Diputaci\u00f3 que m\u00e9s est\u00e0 invertint a l\u2019Eliana\u201d.<\/h3>\n\n\n\n<h3 class=\"wp-block-heading\">PSOE, Comprom\u00eds i Vox s\u2019alineen perqu\u00e8 s\u2019invertisca a l\u2019Eliana per inter\u00e9s pol\u00edtic.<\/h3>\n\n\n\n<p>El Partit Popular de l\u2019Eliana critica que PSOE i Comprom\u00eds hagen votat en contra de la subvenci\u00f3 de la Diputaci\u00f3 per a la rehabilitaci\u00f3 del <strong>trinquet municipal<\/strong>: <em>\u201cel govern de la Diputaci\u00f3 t\u00e9 prevista esta ajuda, de m\u00e9s de 255.000 \u20ac, que beneficia el nostre municipi i el nostre esport aut\u00f2cton, i es troba amb una oposici\u00f3 est\u00e8ril, que actua, per pur oportunisme pol\u00edtic, en contra dels interessos dels ve\u00efns\u201d<\/em>.<\/p>\n\n\n\n<p>En la mateixa l\u00ednia, han destacat que <em>\u201cestos partits a l\u2019Eliana hauran de demanar explicacions als seus companys de la Diputaci\u00f3 de per qu\u00e8 s\u2019oposen al fet que esta inversi\u00f3 arribe al nostre municipi. El m\u00ednim que s\u2019espera d\u2019estes sigles a nivell municipal \u00e9s que anteposen els interessos del municipi als del seu partit\u201d<\/em>. Preguntats en el plenari municipal d\u2019este dijous, el PSOE i Comprom\u00eds van mantindre la seua posici\u00f3 pol\u00edtica per damunt dels interessos elianers.<\/p>\n\n\n\n<p>De la mateixa manera, ha defensat la seua portaveu, Mar\u00eda Jos\u00e9 Marco: <em>\u201chauran d\u2019explicar a la ciutadania de l\u2019Eliana quins motius tenen els seus partits per a actuar en contra dels interessos de l\u2019Eliana. Els ciutadans i ciutadanes de l\u2019Eliana tenen dret a saber quines s\u00f3n les prioritats de cada partit i si el seu objectiu \u00e9s aportar o posar pals a la roda als avan\u00e7os municipals\u201d<\/em>.<\/p>\n\n\n\n<p>Per contra, ha assegurat que <em>\u201cel govern de la Diputaci\u00f3, presidit pel popular Vicent Momp\u00f3, qui ha realitzat m\u00e9s inversions a l\u2019Eliana, com per exemple la rotonda de <strong>Las Vegas<\/strong> i nombroses inversions baix el seu mandat, no sols ha definit el Pla de Trinquets entre els quals es troba el de l\u2019Eliana, sin\u00f3 que no es dona per ven\u00e7ut i tornar\u00e0 a portar a ple les subvencions perqu\u00e8 es puga dur a terme \u00edntegrament\u201d<\/em>. <em>\u201cEsperem que esta vegada PSPV i Comprom\u00eds rectifiquen i voten afirmativament una mesura que no ent\u00e9n de color pol\u00edtic i que nom\u00e9s suposa una millora per al nostre municipi\u201d<\/em>, han subratllat.<\/p>\n","protected":false},"excerpt":{"rendered":"<div class=\"mh-excerpt\">Mar\u00eda Jos\u00e9 Marco (PP): \u201cMomp\u00f3 \u00e9s el president de la Diputaci\u00f3 que m\u00e9s est\u00e0 invertint a l\u2019Eliana\u201d. PSOE, Comprom\u00eds i Vox s\u2019alineen perqu\u00e8 s\u2019invertisca a l\u2019Eliana per inter\u00e9s pol\u00edtic. El Partit Popular de l\u2019Eliana critica <a class=\"mh-excerpt-more\" href=\"https:\/\/www.tucomarca.com\/wordpress\/segunda\/ca\/pp-acusa-psoe-i-compromis-de-rebutjar-una-subvencio-de-diputacio-de-255-000e-a-leliana\/\" title=\"El PP acusa PSOE i Comprom\u00eds de &#8220;rebutjar una subvenci\u00f3 de Diputaci\u00f3 de 255.000\u20ac a l&#8217;Eliana&#8221;\">[+] <\/a><\/div>\n","protected":false},"author":12,"featured_media":104395,"comment_status":"open","ping_status":"open","sticky":false,"template":"","format":"standard","meta":{"footnotes":""},"categories":[10892,10948,10894,10893,10947,10896],"tags":[10899,20431],"class_list":{"0":"post-280512","1":"post","2":"type-post","3":"status-publish","4":"format-standard","5":"has-post-thumbnail","7":"category-camp-de-turia-ca","8":"category-infraestructuras-ca","9":"category-la-comarca-ca","10":"category-leliana-ca","11":"category-politica","12":"category-seccion-ca","13":"tag-camp-de-turia-ca","14":"tag-pp-de-leliana-3-ca"},"_links":{"self":[{"href":"https:\/\/www.tucomarca.com\/wordpress\/segunda\/ca\/wp-json\/wp\/v2\/posts\/280512","targetHints":{"allow":["GET"]}}],"collection":[{"href":"https:\/\/www.tucomarca.com\/wordpress\/segunda\/ca\/wp-json\/wp\/v2\/posts"}],"about":[{"href":"https:\/\/www.tucomarca.com\/wordpress\/segunda\/ca\/wp-json\/wp\/v2\/types\/post"}],"author":[{"embeddable":true,"href":"https:\/\/www.tucomarca.com\/wordpress\/segunda\/ca\/wp-json\/wp\/v2\/users\/12"}],"replies":[{"embeddable":true,"href":"https:\/\/www.tucomarca.com\/wordpress\/segunda\/ca\/wp-json\/wp\/v2\/comments?post=280512"}],"version-history":[{"count":0,"href":"https:\/\/www.tucomarca.com\/wordpress\/segunda\/ca\/wp-json\/wp\/v2\/posts\/280512\/revisions"}],"wp:featuredmedia":[{"embeddable":true,"href":"https:\/\/www.tucomarca.com\/wordpress\/segunda\/ca\/wp-json\/wp\/v2\/media\/104395"}],"wp:attachment":[{"href":"https:\/\/www.tucomarca.com\/wordpress\/segunda\/ca\/wp-json\/wp\/v2\/media?parent=280512"}],"wp:term":[{"taxonomy":"category","embeddable":true,"href":"https:\/\/www.tucomarca.com\/wordpress\/segunda\/ca\/wp-json\/wp\/v2\/categories?post=280512"},{"taxonomy":"post_tag","embeddable":true,"href":"https:\/\/www.tucomarca.com\/wordpress\/segunda\/ca\/wp-json\/wp\/v2\/tags?post=280512"}],"curies":[{"name":"wp","href":"https:\/\/api.w.org\/{rel}","templated":true}]}}