{"id":280546,"date":"2025-09-26T12:00:00","date_gmt":"2025-09-26T10:00:00","guid":{"rendered":"https:\/\/www.tucomarca.com\/wordpress\/segunda\/?p=280546"},"modified":"2025-09-26T19:41:28","modified_gmt":"2025-09-26T17:41:28","slug":"la-diputacio-fa-una-crida-a-les-autoritats-europees-per-a-actuar-conjuntament-enfront-de-catastrofes","status":"publish","type":"post","link":"https:\/\/www.tucomarca.com\/wordpress\/segunda\/ca\/la-diputacio-fa-una-crida-a-les-autoritats-europees-per-a-actuar-conjuntament-enfront-de-catastrofes\/","title":{"rendered":"La Diputaci\u00f3 fa una crida a les autoritats europees per a actuar conjuntament enfront de cat\u00e0strofes"},"content":{"rendered":"\n<h3 class=\"wp-block-heading\">La corporaci\u00f3 provincial ha reunit en la Benefic\u00e8ncia a autoritats i experts de tota Europa per a posar en com\u00fa el paper que han de jugar les entitats locals interm\u00e8dies en la gesti\u00f3 d&#8217;una crisi.<\/h3>\n\n\n\n<h3 class=\"wp-block-heading\">El president Vicent Momp\u00f3, les vicepresidentes Nat\u00e0lia Enguix i Reme Mazzolari, i el diputat Juan Ram\u00f3n Adsuara, han compartit la seua experi\u00e8ncia al capdavant de la reconstrucci\u00f3 despr\u00e9s de la DANA.<\/h3>\n\n\n\n<figure class=\"wp-block-image size-large\"><img loading=\"lazy\" decoding=\"async\" width=\"1024\" height=\"691\" src=\"http:\/\/www.tucomarca.com\/wordpress\/segunda\/wp-content\/uploads\/2025\/09\/MompoCongresoEuropaCatastrofes-1-1024x691.jpg\" alt=\"\" class=\"wp-image-280554\" srcset=\"https:\/\/www.tucomarca.com\/wordpress\/segunda\/wp-content\/uploads\/2025\/09\/MompoCongresoEuropaCatastrofes-1-1024x691.jpg 1024w, https:\/\/www.tucomarca.com\/wordpress\/segunda\/wp-content\/uploads\/2025\/09\/MompoCongresoEuropaCatastrofes-1-300x202.jpg 300w, https:\/\/www.tucomarca.com\/wordpress\/segunda\/wp-content\/uploads\/2025\/09\/MompoCongresoEuropaCatastrofes-1-768x518.jpg 768w, https:\/\/www.tucomarca.com\/wordpress\/segunda\/wp-content\/uploads\/2025\/09\/MompoCongresoEuropaCatastrofes-1.jpg 1181w\" sizes=\"auto, (max-width: 1024px) 100vw, 1024px\" \/><\/figure>\n\n\n\n<p>La Diputaci\u00f3 de Val\u00e8ncia ha reunit, al llarg de dos jornades, a representants de diferents prov\u00edncies de la Uni\u00f3 Europea per a debatre i posar en com\u00fa les experi\u00e8ncies viscudes en la gesti\u00f3 de crisi i cat\u00e0strofes naturals, amb l&#8217;objectiu final d&#8217;avan\u00e7ar cap a un model de cooperaci\u00f3 entre entitats locals interm\u00e8dies d&#8217;Europa que reforce la preparaci\u00f3 i la capacitat de resposta davant futurs episodis. Els participants han coincidit a reclamar a les autoritats comunit\u00e0ries actuar de manera conjunta i cohesionada enfront d&#8217;un d&#8217;estos esdeveniments.<\/p>\n\n\n\n<p>La celebraci\u00f3 d&#8217;este congr\u00e9s, que ha transcorregut en La Benefic\u00e8ncia i que ha incl\u00f2s la visita a zones afectades de Torrent i Massanassa, s&#8217;emmarca dins del programa europeu ESPON, el qual analitza com els governs intermedis (prov\u00edncies, regions) de diferents pa\u00efsos de la Uni\u00f3 Europea afronten i superen situacions de crisis relacionades amb cat\u00e0strofes naturals i crisis socials.&nbsp;<\/p>\n\n\n\n<p>El seu objectiu \u00e9s identificar fortaleses, debilitats i bones pr\u00e0ctiques en els processos de resili\u00e8ncia territorial. A trav\u00e9s de casos comparatius, com el de la Diputaci\u00f3 en la dana, es busca extraure aprenentatges transferibles que enfortisquen la capacitat de resposta i reconstrucci\u00f3 d&#8217;estes administracions.<\/p>\n\n\n\n<p>Aix\u00ed, el president de la corporaci\u00f3, Vicent Momp\u00f3, les vicepresidentes Nat\u00e0lia Enguix i Reme Mazzolari, el diputat de Fons Europeus, Juan Ram\u00f3n Adsuara, aix\u00ed com t\u00e8cnics, bombers i representants d&#8217;altres cossos de seguretat locals, han detallat les actuacions i el paper que va exercir la Diputaci\u00f3 com a govern intermedi en la gesti\u00f3 de la reconstrucci\u00f3 i la cohesi\u00f3 social, amb la intenci\u00f3 de servir d&#8217;exemple a la resta d&#8217;Europa.<\/p>\n\n\n\n<figure class=\"wp-block-gallery has-nested-images columns-default is-cropped wp-block-gallery-1 is-layout-flex wp-block-gallery-is-layout-flex\">\n<figure class=\"wp-block-image size-large\"><img loading=\"lazy\" decoding=\"async\" width=\"1024\" height=\"691\" data-id=\"280543\" src=\"https:\/\/www.tucomarca.com\/wordpress\/segunda\/wp-content\/uploads\/2025\/09\/EnguixCongresoEuropaCatastrofes-1024x691.jpg\" alt=\"\" class=\"wp-image-280543\" srcset=\"https:\/\/www.tucomarca.com\/wordpress\/segunda\/wp-content\/uploads\/2025\/09\/EnguixCongresoEuropaCatastrofes-1024x691.jpg 1024w, https:\/\/www.tucomarca.com\/wordpress\/segunda\/wp-content\/uploads\/2025\/09\/EnguixCongresoEuropaCatastrofes-300x202.jpg 300w, https:\/\/www.tucomarca.com\/wordpress\/segunda\/wp-content\/uploads\/2025\/09\/EnguixCongresoEuropaCatastrofes-768x518.jpg 768w, https:\/\/www.tucomarca.com\/wordpress\/segunda\/wp-content\/uploads\/2025\/09\/EnguixCongresoEuropaCatastrofes.jpg 1181w\" sizes=\"auto, (max-width: 1024px) 100vw, 1024px\" \/><\/figure>\n<\/figure>\n\n\n\n<p>Momp\u00f3, encarregat d&#8217;obrir el congr\u00e9s, ha destacat que, des del primer moment despr\u00e9s de les tr\u00e0giques inundacions, \u201cla Diputaci\u00f3 va adquirir un comprom\u00eds decidit amb els nostres pobles i ciutadans, assumint responsabilitats que no eren pr\u00f2pies i coordinant amb rapidesa els recursos necessaris per a garantir que cap poblaci\u00f3 quedara desatesa\u201d.&nbsp;<\/p>\n\n\n\n<p>Despr\u00e9s de repassar les actuacions escomeses en reparaci\u00f3 d&#8217;infraestructures, neteja de garatges i platges, subministrament d&#8217;equips inform\u00e0tics i cotxes als ajuntaments, el president provincial ha assenyalat que, \u201cm\u00e9s enll\u00e0 de les xifres, el m\u00e9s important ha sigut garantir la continu\u00eftat de la vida quotidiana dels nostres ciutadans i restablir la cohesi\u00f3 social en tots els municipis afectats\u201d.<\/p>\n\n\n\n<p>Momp\u00f3 ha concl\u00f2s ressaltant la import\u00e0ncia d&#8217;esta trobada amb altres prov\u00edncies europees, \u201cja que ens oferix l&#8217;oportunitat de compartir l&#8217;apr\u00e9s, d&#8217;escoltar altres experi\u00e8ncies i de construir junts un model de resposta m\u00e9s s\u00f2lid, m\u00e9s \u00e0gil i m\u00e9s hum\u00e0 enfront de les crisis que, inevitablement, continuaran arribant\u201d.<\/p>\n\n\n\n<p><strong>La for\u00e7a del municipalisme<\/strong><\/p>\n\n\n\n<p>Per part seua, la vicepresidenta primera, Nat\u00e0lia Enguix, ha situat el municipalisme en el punt de partida de la resposta immediata als problemes de la ciutadania: &#8220;els ajuntaments i la Diputaci\u00f3 van ser les primeres corporacions a fer front a la dana, per\u00f2 continuem necessitant l&#8217;ajuda d&#8217;institucions superiors per a afrontar els reptes del futur&#8221;.&nbsp;<\/p>\n\n\n\n<p>Enguix ha iniciat la seua intervenci\u00f3 assenyalant que Europa &#8220;afronta riscos creixents amb els fen\u00f2mens naturals agreujats pel canvi clim\u00e0tic, una realitat que exigix enfortir la gesti\u00f3 del risc de desastres en tots els nivells&#8221;. La vicepresidenta t\u00e9 ple coneixement de la mat\u00e8ria, ja que el seu municipi Ontinyent, &#8220;va patir el colp d&#8217;una dana que va arrasar un dels nostres barris, convertit hui en parc inundable per a gaudi de la ciutadania&#8221;.<\/p>\n\n\n\n<p>Precisament eixe \u00e9s el repte que Nat\u00e0lia Enguix trasllada a la Diputaci\u00f3, amb l&#8217;objectiu de respondre a la crisi amb &#8220;solucions que enfortisquen la resili\u00e8ncia i la cohesi\u00f3 territorial a les nostres comarques&#8221;. En este punt, la responsable provincial de Cooperaci\u00f3 ha repassat les actuacions d&#8217;emerg\u00e8ncia i les encaminades a recuperar la normalitat en els municipis afectats des de les \u00e0rees que dirigix. Entre les primeres, ha destacat &#8220;el treball d&#8217;Egevasa ajudant a m\u00e9s de 90 municipis amb problemes d&#8217;aigua, clavegueram i depuraci\u00f3, un treball que ja hav\u00edem iniciat abans de la dana modernitzant infraestructures h\u00eddriques en el que anomenem la legislatura de l&#8217;aigua&#8221;.<\/p>\n\n\n\n<p>Quant a les pol\u00edtiques encaminades a la reconstrucci\u00f3 i la resili\u00e8ncia, la vicepresidenta ha ressaltat l&#8217;efici\u00e8ncia de &#8220;un pla obert d&#8217;inversions amb 350 milions d&#8217;euros que est\u00e0 fent dels nostres pobles espais m\u00e9s humans i preparats per als reptes del segle XXI, i que permet donar respostes a necessitats sobrevingudes com la dana, reflectides en l&#8217;increment de les obres del cicle de l&#8217;aigua&#8221;. A m\u00e9s, Enguix ha recordat la posada en marxa de la campanya Bono Comer\u00e7 Dana, amb una inversi\u00f3 de cinc milions i un impacte estimat de 10 milions per als establiments de 26 municipis greument afectats per la riuada; una iniciativa que allibera els beneficiaris de burocr\u00e0cia i que compta ja amb un miler de comer\u00e7os adherits&#8221;.<\/p>\n\n\n\n<figure class=\"wp-block-gallery has-nested-images columns-default is-cropped wp-block-gallery-2 is-layout-flex wp-block-gallery-is-layout-flex\">\n<figure class=\"wp-block-image size-large\"><img loading=\"lazy\" decoding=\"async\" width=\"1024\" height=\"691\" data-id=\"280539\" src=\"https:\/\/www.tucomarca.com\/wordpress\/segunda\/wp-content\/uploads\/2025\/09\/MazzolariCongresoEuropaCatastrofes-1024x691.jpg\" alt=\"\" class=\"wp-image-280539\" srcset=\"https:\/\/www.tucomarca.com\/wordpress\/segunda\/wp-content\/uploads\/2025\/09\/MazzolariCongresoEuropaCatastrofes-1024x691.jpg 1024w, https:\/\/www.tucomarca.com\/wordpress\/segunda\/wp-content\/uploads\/2025\/09\/MazzolariCongresoEuropaCatastrofes-300x202.jpg 300w, https:\/\/www.tucomarca.com\/wordpress\/segunda\/wp-content\/uploads\/2025\/09\/MazzolariCongresoEuropaCatastrofes-768x518.jpg 768w, https:\/\/www.tucomarca.com\/wordpress\/segunda\/wp-content\/uploads\/2025\/09\/MazzolariCongresoEuropaCatastrofes.jpg 1181w\" sizes=\"auto, (max-width: 1024px) 100vw, 1024px\" \/><\/figure>\n<\/figure>\n\n\n\n<p><strong>Experts locals i europeus<\/strong><\/p>\n\n\n\n<p>Durant les dos jornades s&#8217;han succe\u00eft diferents debats sobre la q\u00fcesti\u00f3 de la gesti\u00f3 de crisi per part de les autoritats locals interm\u00e8dies. En la primera taula redona, titulada \u2018Actuacions d&#8217;emerg\u00e8ncia despr\u00e9s de la dana\u2019, representants de policies locals, de Protecci\u00f3 Civil, i del Consorci Provincial de Bombers, han explicat les primeres actuacions que van dur a terme els diferents cossos de seguretat i protecci\u00f3 el dia 29 d&#8217;octubre de 2024.<\/p>\n\n\n\n<p>La segona de les taules, \u2018Reconstrucci\u00f3 i resili\u00e8ncia despr\u00e9s de la dana\u2019, s&#8217;ha centrat en la reconstrucci\u00f3 realitzada en diferents \u00e0mbits com les carreteres o la xarxa d&#8217;aig\u00fces. En ella han intervingut la vicepresidenta segona de la Diputaci\u00f3, Reme Mazzolari, al costat de t\u00e8cnics de la corporaci\u00f3 i a Lu\u00eds Blanch, enginyer t\u00e8cnic i agricultor premiat per la gesti\u00f3 al Parc Natural de l&#8217;Albufera.<\/p>\n\n\n\n<p>Mazzolari, tamb\u00e9 diputada de Carreteres, ha compartit la seua experi\u00e8ncia en la reconstrucci\u00f3 de 869 quil\u00f2metres de carreteres i 29 ponts de la prov\u00edncia afectats, i ha posat l&#8217;accent que \u201cesta confer\u00e8ncia no sols ens permet reflexionar sobre el que hem fet, sin\u00f3 tamb\u00e9 projectar el que encara podem aconseguir. La resili\u00e8ncia ha de ser transversal, inclusiva i basada en l&#8217;evid\u00e8ncia. I per a aix\u00f2, \u00e9s fonamental que les autoritats locals interm\u00e8dies disposen dels recursos, les compet\u00e8ncies i el reconeixement que els permeta exercir el seu paper amb efic\u00e0cia\u201d.<\/p>\n\n\n\n<p>En la segona jornada del congr\u00e9s els protagonistes han sigut les autoritats i els experts procedents de la Uni\u00f3 Europea. En diferents confer\u00e8ncies i taules redones, representants de prov\u00edncies i entitats interm\u00e8dies de pa\u00efsos com Alemanya, It\u00e0lia o Pol\u00f2nia, a m\u00e9s del diputat de Fons Europeus Juan Ram\u00f3n Adsuara, han discutit sobre quin paper han de jugar les autoritats locals interm\u00e8dies per a reaccionar millor davant una crisi.<\/p>\n\n\n\n<p>\u201cPer a nosaltres \u00e9s fonamental tindre en estes aliances europees dades, estudis i coneixements a la disposici\u00f3 de diputacions i ajuntaments, ja que s\u00f3n una ferramenta imprescindible en la presa de decisions davant cat\u00e0strofes. Hem de fer una crida a la mateixa Uni\u00f3 Europea perqu\u00e8, a partir d&#8217;ara, davant qualsevol crisi que sorgisca en una zona de la uni\u00f3, actuem conjuntament i de manera coordinada\u201d, ha afirmat Adsuara.<\/p>\n\n\n\n<p>Els resultats del programa ESPON, en el qual s&#8217;emmarca la celebraci\u00f3 d&#8217;este congr\u00e9s, s&#8217;empraran com a guia estrat\u00e8gica per a millorar la preparaci\u00f3 i cooperaci\u00f3 entre prov\u00edncies europees davant futurs desafiaments.<\/p>\n","protected":false},"excerpt":{"rendered":"<div class=\"mh-excerpt\">La corporaci\u00f3 provincial ha reunit en la Benefic\u00e8ncia a autoritats i experts de tota Europa per a posar en com\u00fa el paper que han de jugar les entitats locals interm\u00e8dies en la gesti\u00f3 d&#8217;una crisi. <a class=\"mh-excerpt-more\" href=\"https:\/\/www.tucomarca.com\/wordpress\/segunda\/ca\/la-diputacio-fa-una-crida-a-les-autoritats-europees-per-a-actuar-conjuntament-enfront-de-catastrofes\/\" title=\"La Diputaci\u00f3 fa una crida a les autoritats europees per a actuar conjuntament enfront de cat\u00e0strofes\">[+] <\/a><\/div>\n","protected":false},"author":12,"featured_media":280561,"comment_status":"open","ping_status":"open","sticky":false,"template":"","format":"standard","meta":{"footnotes":""},"categories":[21466,10898,10948,10894,10904,10903,10947,10896,10897],"tags":[15409,11246],"class_list":{"0":"post-280546","1":"post","2":"type-post","3":"status-publish","4":"format-standard","5":"has-post-thumbnail","7":"category-dana-ca","8":"category-ventana-ca","9":"category-infraestructuras-ca","10":"category-la-comarca-ca","11":"category-sin-categorizar-ca","12":"category-medio-ambiente-la-comarca-ca","13":"category-politica","14":"category-seccion-ca","15":"category-sucesos-la-comarca-ca","16":"tag-dana-2-ca","17":"tag-diputacio-de-valencia-ca"},"_links":{"self":[{"href":"https:\/\/www.tucomarca.com\/wordpress\/segunda\/ca\/wp-json\/wp\/v2\/posts\/280546","targetHints":{"allow":["GET"]}}],"collection":[{"href":"https:\/\/www.tucomarca.com\/wordpress\/segunda\/ca\/wp-json\/wp\/v2\/posts"}],"about":[{"href":"https:\/\/www.tucomarca.com\/wordpress\/segunda\/ca\/wp-json\/wp\/v2\/types\/post"}],"author":[{"embeddable":true,"href":"https:\/\/www.tucomarca.com\/wordpress\/segunda\/ca\/wp-json\/wp\/v2\/users\/12"}],"replies":[{"embeddable":true,"href":"https:\/\/www.tucomarca.com\/wordpress\/segunda\/ca\/wp-json\/wp\/v2\/comments?post=280546"}],"version-history":[{"count":0,"href":"https:\/\/www.tucomarca.com\/wordpress\/segunda\/ca\/wp-json\/wp\/v2\/posts\/280546\/revisions"}],"wp:featuredmedia":[{"embeddable":true,"href":"https:\/\/www.tucomarca.com\/wordpress\/segunda\/ca\/wp-json\/wp\/v2\/media\/280561"}],"wp:attachment":[{"href":"https:\/\/www.tucomarca.com\/wordpress\/segunda\/ca\/wp-json\/wp\/v2\/media?parent=280546"}],"wp:term":[{"taxonomy":"category","embeddable":true,"href":"https:\/\/www.tucomarca.com\/wordpress\/segunda\/ca\/wp-json\/wp\/v2\/categories?post=280546"},{"taxonomy":"post_tag","embeddable":true,"href":"https:\/\/www.tucomarca.com\/wordpress\/segunda\/ca\/wp-json\/wp\/v2\/tags?post=280546"}],"curies":[{"name":"wp","href":"https:\/\/api.w.org\/{rel}","templated":true}]}}