{"id":280588,"date":"2025-09-26T08:45:00","date_gmt":"2025-09-26T06:45:00","guid":{"rendered":"https:\/\/www.tucomarca.com\/wordpress\/segunda\/?p=280588"},"modified":"2025-09-26T20:14:45","modified_gmt":"2025-09-26T18:14:45","slug":"la-diputacio-ha-venut-ja-38-000-bons-dana-i-compta-amb-mes-de-mil-comercos-adherits-a-la-campanya","status":"publish","type":"post","link":"https:\/\/www.tucomarca.com\/wordpress\/segunda\/ca\/la-diputacio-ha-venut-ja-38-000-bons-dana-i-compta-amb-mes-de-mil-comercos-adherits-a-la-campanya\/","title":{"rendered":"La Diputaci\u00f3 ha venut ja 38.000 bons dana i compta amb m\u00e9s de mil comer\u00e7os adherits a la campanya"},"content":{"rendered":"\n<h3 class=\"wp-block-heading\">La iniciativa impulsada per la delegaci\u00f3 de Promoci\u00f3 Econ\u00f2mica que coordina la vicepresidenta Nat\u00e0lia Enguix, amb un impacte de 10 milions d&#8217;euros per al comer\u00e7 local, compta amb la col\u00b7laboraci\u00f3 de C\u00e1mara Valencia.<\/h3>\n\n\n\n<h3 class=\"wp-block-heading\">Enguix destaca la participaci\u00f3 ciutadana per a recuperar el comer\u00e7 local i avan\u00e7a que s&#8217;amplia fins al 20 d&#8217;octubre el termini d&#8217;inscripci\u00f3 dels establiments, per a donar-los l&#8217;oportunitat de sumar-se a la iniciativa.<\/h3>\n\n\n\n<h3 class=\"wp-block-heading\">El dilluns 29 de setembre s&#8217;inicia l&#8217;entrega dels bons adquirits en oficines de Caixa Popular i els espais habilitats pels ajuntaments i les associacions de comerciants en cadascun dels municipis.<\/h3>\n\n\n\n<p>La Diputaci\u00f3 de Val\u00e8ncia ha venut ja 38.000 dels 95.000 bons comer\u00e7 dana emesos junt amb C\u00e1mara Valencia i Caixa Popular per a contribuir a la recuperaci\u00f3 del comer\u00e7 local en 26 municipis greument afectats per la dana. La vicepresidenta primera i responsable de Promoci\u00f3 Econ\u00f2mica, Nat\u00e0lia Enguix, destaca que la iniciativa compta amb una inversi\u00f3 de cinc milions d&#8217;euros per part de la Diputaci\u00f3, i s&#8217;espera \u201cun impacte de 10 milions en els comer\u00e7os adherits a la campanya, gr\u00e0cies a la participaci\u00f3 ciutadana que est\u00e0 demostrant la seua implicaci\u00f3 en la iniciativa\u201d.<\/p>\n\n\n\n<p>La responsable de Cooperaci\u00f3 explica que una de les claus de la campanya \u00e9s \u201cl&#8217;eliminaci\u00f3 de la burocr\u00e0cia per als ajuntaments, els comerciants i els usuaris, amb la gesti\u00f3 directa de la Diputaci\u00f3 i la col\u00b7laboraci\u00f3 de C\u00e1mara Valencia i Caixa Popular, que s&#8217;encarreguen de la coordinaci\u00f3, el funcionament de la plataforma i els costos d&#8217;emissi\u00f3 dels bons\u201d. Nat\u00e0lia Enguix assenyala que l&#8217;elecci\u00f3 dels pobles \u201cs&#8217;ha fet sobre la base d&#8217;un estudi de C\u00e1mara Valencia sobre l&#8217;afectaci\u00f3 del teixit comercial en els municipis dana, i en funci\u00f3 de com evolucione el programa no descartem ampliar-lo a altres localitats\u201d.<\/p>\n\n\n\n<p>La persona interessada pot adquirir el seu bo a trav\u00e9s del portal <a href=\"https:\/\/bonocomerciodana.com\/,%2520\">https:\/\/bonocomerciodana.com\/,<\/a> amb un cost de 50 euros que es tradu\u00efxen en 100. Fins al 10 d&#8217;octubre, tenen prefer\u00e8ncia els ve\u00efns i ve\u00efnes empadronats en estos municipis, i a partir d&#8217;eixa data la venda s&#8217;obrir\u00e0 a la resta d&#8217;usuaris d&#8217;altres localitats, si b\u00e9 els habitants d&#8217;estos pobles tindran l&#8217;opci\u00f3 d&#8217;adquirir un segon bo comer\u00e7 amb altres 100 euros de cr\u00e8dit.<\/p>\n\n\n\n<p>Dilluns que ve, 29 de setembre, s&#8217;inicia l&#8217;entrega dels bons adquirits en oficines de Caixa Popular i els espais habilitats pels ajuntaments i les associacions de comerciants en cada municipi. Uni\u00f3 Gremial i Confecomer\u00e7 col\u00b7laboren en la campanya.<\/p>\n\n\n\n<figure class=\"wp-block-image size-large\"><img loading=\"lazy\" decoding=\"async\" width=\"1024\" height=\"691\" src=\"http:\/\/www.tucomarca.com\/wordpress\/segunda\/wp-content\/uploads\/2025\/09\/DipuBonoscomercioDANA-1024x691.jpg\" alt=\"\" class=\"wp-image-280585\" srcset=\"https:\/\/www.tucomarca.com\/wordpress\/segunda\/wp-content\/uploads\/2025\/09\/DipuBonoscomercioDANA-1024x691.jpg 1024w, https:\/\/www.tucomarca.com\/wordpress\/segunda\/wp-content\/uploads\/2025\/09\/DipuBonoscomercioDANA-300x202.jpg 300w, https:\/\/www.tucomarca.com\/wordpress\/segunda\/wp-content\/uploads\/2025\/09\/DipuBonoscomercioDANA-768x518.jpg 768w, https:\/\/www.tucomarca.com\/wordpress\/segunda\/wp-content\/uploads\/2025\/09\/DipuBonoscomercioDANA.jpg 1181w\" sizes=\"auto, (max-width: 1024px) 100vw, 1024px\" \/><\/figure>\n\n\n\n<p><strong>M\u00e9s d&#8217;un miler de comer\u00e7os<\/strong><\/p>\n\n\n\n<p>En l&#8217;actualitat s\u00f3n m\u00e9s d&#8217;un miler els comer\u00e7os adherits a la campanya. Establiments de tots els \u00e0mbits i sectors, com boutiques, merceries, joieries, perfumeries, \u00f2ptiques, ortop\u00e8dies, cal\u00e7at i alimentaci\u00f3, en l&#8217;\u00e0mbit personal; electrodom\u00e8stics, telefonia, ferreteria, decoraci\u00f3, mobles i il\u00b7luminaci\u00f3, en l&#8217;\u00e0mbit de la llar; i perruqueries, mercats ambulants, tintoreries, tallers o fotografia en l&#8217;\u00e0mbit dels servicis.<\/p>\n\n\n\n<p>La vicepresidenta Enguix ha avan\u00e7at que el termini d&#8217;adhesi\u00f3 dels comer\u00e7os, fixat en principi fins al 30 de setembre, s&#8217;amplia fins al 20 d&#8217;octubre per a \u201cdonar l&#8217;oportunitat a tots els comerciants afectats de sumar-se a una iniciativa que pot ajudar-los a recuperar a poc a poc el pols de la seua activitat econ\u00f2mica\u201d.<\/p>\n\n\n\n<p>En opini\u00f3 del m\u00e0xim responsable provincial, Vicent Momp\u00f3, \u201ceste tipus d&#8217;iniciatives demostren que la Diputaci\u00f3 est\u00e0 molt prop dels ajuntaments i de les persones que habiten els nostres pobles i ciutats per a donar resposta a les seues necessitats\u201d. En el cas concret dels bons comer\u00e7, \u201chem donat un pas m\u00e9s per a facilitar el procediment tant als comerciants com als consumidors, eliminant eixa burocr\u00e0cia que s&#8217;ha convertit en una segona cat\u00e0strofe per als negocis\u201d.<\/p>\n\n\n\n<p>Els municipis contemplats en el conveni entre la Diputaci\u00f3 i C\u00e1mara Valencia s\u00f3n Catarroja, Aldaia, Alfafar, Paiporta, Alaqu\u00e0s, Xirivella, Benet\u00fasser, Sedav\u00ed, Massanassa, Albal, Picanya, Llocnou de la Corona i Beniparrell a l&#8217;Horta Sud; Algemes\u00ed, L&#8217;Alc\u00fadia, Catadau, Montroi, Llombai i Guaddassuar a la Ribera Alta; Chiva i Cheste en l&#8217;Hoya de Bu\u00f1ol; Sot de Chera i Pedralba en la Serran\u00eda; Utiel a la Plana Utiel-Requena; Loriguilla al Camp de T\u00faria; i Riola a la Ribera Baixa.<\/p>\n","protected":false},"excerpt":{"rendered":"<div class=\"mh-excerpt\">La iniciativa impulsada per la delegaci\u00f3 de Promoci\u00f3 Econ\u00f2mica que coordina la vicepresidenta Nat\u00e0lia Enguix, amb un impacte de 10 milions d&#8217;euros per al comer\u00e7 local, compta amb la col\u00b7laboraci\u00f3 de C\u00e1mara Valencia. Enguix destaca <a class=\"mh-excerpt-more\" href=\"https:\/\/www.tucomarca.com\/wordpress\/segunda\/ca\/la-diputacio-ha-venut-ja-38-000-bons-dana-i-compta-amb-mes-de-mil-comercos-adherits-a-la-campanya\/\" title=\"La Diputaci\u00f3 ha venut ja 38.000 bons dana i compta amb m\u00e9s de mil comer\u00e7os adherits a la campanya\">[+] <\/a><\/div>\n","protected":false},"author":12,"featured_media":280584,"comment_status":"open","ping_status":"open","sticky":false,"template":"","format":"standard","meta":{"footnotes":""},"categories":[10892,21466,11046,10898,10948,10894,10904,10912,10902,10947,10909,10896],"tags":[23090,15409,11246],"class_list":{"0":"post-280588","1":"post","2":"type-post","3":"status-publish","4":"format-standard","5":"has-post-thumbnail","7":"category-camp-de-turia-ca","8":"category-dana-ca","9":"category-los-serranos-ca","10":"category-ventana-ca","11":"category-infraestructuras-ca","12":"category-la-comarca-ca","13":"category-sin-categorizar-ca","14":"category-la-hoya-ca","15":"category-la-ribera-ca","16":"category-politica","17":"category-requena-utiel-ca","18":"category-seccion-ca","19":"tag-bonos-comercio-dana-ca","20":"tag-dana-2-ca","21":"tag-diputacio-de-valencia-ca"},"_links":{"self":[{"href":"https:\/\/www.tucomarca.com\/wordpress\/segunda\/ca\/wp-json\/wp\/v2\/posts\/280588","targetHints":{"allow":["GET"]}}],"collection":[{"href":"https:\/\/www.tucomarca.com\/wordpress\/segunda\/ca\/wp-json\/wp\/v2\/posts"}],"about":[{"href":"https:\/\/www.tucomarca.com\/wordpress\/segunda\/ca\/wp-json\/wp\/v2\/types\/post"}],"author":[{"embeddable":true,"href":"https:\/\/www.tucomarca.com\/wordpress\/segunda\/ca\/wp-json\/wp\/v2\/users\/12"}],"replies":[{"embeddable":true,"href":"https:\/\/www.tucomarca.com\/wordpress\/segunda\/ca\/wp-json\/wp\/v2\/comments?post=280588"}],"version-history":[{"count":0,"href":"https:\/\/www.tucomarca.com\/wordpress\/segunda\/ca\/wp-json\/wp\/v2\/posts\/280588\/revisions"}],"wp:featuredmedia":[{"embeddable":true,"href":"https:\/\/www.tucomarca.com\/wordpress\/segunda\/ca\/wp-json\/wp\/v2\/media\/280584"}],"wp:attachment":[{"href":"https:\/\/www.tucomarca.com\/wordpress\/segunda\/ca\/wp-json\/wp\/v2\/media?parent=280588"}],"wp:term":[{"taxonomy":"category","embeddable":true,"href":"https:\/\/www.tucomarca.com\/wordpress\/segunda\/ca\/wp-json\/wp\/v2\/categories?post=280588"},{"taxonomy":"post_tag","embeddable":true,"href":"https:\/\/www.tucomarca.com\/wordpress\/segunda\/ca\/wp-json\/wp\/v2\/tags?post=280588"}],"curies":[{"name":"wp","href":"https:\/\/api.w.org\/{rel}","templated":true}]}}