{"id":280603,"date":"2025-09-26T10:00:00","date_gmt":"2025-09-26T08:00:00","guid":{"rendered":"https:\/\/www.tucomarca.com\/wordpress\/segunda\/?p=280603"},"modified":"2025-09-26T20:38:15","modified_gmt":"2025-09-26T18:38:15","slug":"la-societat-musical-turisense-presenta-les-seues-muses","status":"publish","type":"post","link":"https:\/\/www.tucomarca.com\/wordpress\/segunda\/ca\/la-societat-musical-turisense-presenta-les-seues-muses\/","title":{"rendered":"La Societat Musical Turisense presenta les seues Muses"},"content":{"rendered":"\n<p>La Societat Musical Turisense va presentar en un bonic acte les seues muses d\u2019este any, que seran les encarregades de representar la societat.<\/p>\n\n\n\n<p>L\u2019acte va estar condu\u00eft per Toni Jim\u00e9nez i va comptar amb el mestre Jos\u00e9 Vicente Herrera, \u201cEl Torro\u201d, que va oferir un magistral discurs com a mantenidor.<\/p>\n\n\n\n<p>La Reina de les Festes, Diana Vicente, acompanyada pel regidor Toni Segura, va entregar un detall a les cinc muses. Per la seua part, l\u2019alcalde, Francisco Ricau, i la regidora de Cultura, Sonia Sancho, els van imposar la ins\u00edgnia d\u2019or de l\u2019ajuntament.<\/p>\n\n\n\n<p>Amb un breu concert on el p\u00fablic va poder escoltar <em>El Pixorro<\/em> i el pasdoble <em>Amparito Roca<\/em> (en el seu centenari), la Societat Musical Turisense va posar el punt final a la vesprada, durant la qual tamb\u00e9 es va presentar la temporada 2025-2026. Informa,<strong> E. Mora.<\/strong><\/p>\n\n\n\n<figure class=\"wp-block-gallery has-nested-images columns-1 is-cropped wp-block-gallery-1 is-layout-flex wp-block-gallery-is-layout-flex\">\n<figure class=\"wp-block-image size-large\"><img loading=\"lazy\" decoding=\"async\" width=\"1024\" height=\"576\" data-id=\"280594\" src=\"https:\/\/www.tucomarca.com\/wordpress\/segunda\/wp-content\/uploads\/2025\/09\/TurisMusas1-1024x576.jpg\" alt=\"\" class=\"wp-image-280594\" srcset=\"https:\/\/www.tucomarca.com\/wordpress\/segunda\/wp-content\/uploads\/2025\/09\/TurisMusas1-1024x576.jpg 1024w, https:\/\/www.tucomarca.com\/wordpress\/segunda\/wp-content\/uploads\/2025\/09\/TurisMusas1-300x169.jpg 300w, https:\/\/www.tucomarca.com\/wordpress\/segunda\/wp-content\/uploads\/2025\/09\/TurisMusas1-768x432.jpg 768w, https:\/\/www.tucomarca.com\/wordpress\/segunda\/wp-content\/uploads\/2025\/09\/TurisMusas1-678x381.jpg 678w, https:\/\/www.tucomarca.com\/wordpress\/segunda\/wp-content\/uploads\/2025\/09\/TurisMusas1.jpg 1181w\" sizes=\"auto, (max-width: 1024px) 100vw, 1024px\" \/><\/figure>\n\n\n\n<figure class=\"wp-block-image size-large\"><img loading=\"lazy\" decoding=\"async\" width=\"1024\" height=\"576\" data-id=\"280596\" src=\"https:\/\/www.tucomarca.com\/wordpress\/segunda\/wp-content\/uploads\/2025\/09\/TurisMusas2-1024x576.jpg\" alt=\"\" class=\"wp-image-280596\" srcset=\"https:\/\/www.tucomarca.com\/wordpress\/segunda\/wp-content\/uploads\/2025\/09\/TurisMusas2-1024x576.jpg 1024w, https:\/\/www.tucomarca.com\/wordpress\/segunda\/wp-content\/uploads\/2025\/09\/TurisMusas2-300x169.jpg 300w, https:\/\/www.tucomarca.com\/wordpress\/segunda\/wp-content\/uploads\/2025\/09\/TurisMusas2-768x432.jpg 768w, https:\/\/www.tucomarca.com\/wordpress\/segunda\/wp-content\/uploads\/2025\/09\/TurisMusas2-678x381.jpg 678w, https:\/\/www.tucomarca.com\/wordpress\/segunda\/wp-content\/uploads\/2025\/09\/TurisMusas2.jpg 1181w\" sizes=\"auto, (max-width: 1024px) 100vw, 1024px\" \/><\/figure>\n\n\n\n<figure class=\"wp-block-image size-large\"><img loading=\"lazy\" decoding=\"async\" width=\"1024\" height=\"576\" data-id=\"280598\" src=\"https:\/\/www.tucomarca.com\/wordpress\/segunda\/wp-content\/uploads\/2025\/09\/TurisMusas3-1024x576.jpg\" alt=\"\" class=\"wp-image-280598\" srcset=\"https:\/\/www.tucomarca.com\/wordpress\/segunda\/wp-content\/uploads\/2025\/09\/TurisMusas3-1024x576.jpg 1024w, https:\/\/www.tucomarca.com\/wordpress\/segunda\/wp-content\/uploads\/2025\/09\/TurisMusas3-300x169.jpg 300w, https:\/\/www.tucomarca.com\/wordpress\/segunda\/wp-content\/uploads\/2025\/09\/TurisMusas3-768x432.jpg 768w, https:\/\/www.tucomarca.com\/wordpress\/segunda\/wp-content\/uploads\/2025\/09\/TurisMusas3-678x381.jpg 678w, https:\/\/www.tucomarca.com\/wordpress\/segunda\/wp-content\/uploads\/2025\/09\/TurisMusas3.jpg 1181w\" sizes=\"auto, (max-width: 1024px) 100vw, 1024px\" \/><\/figure>\n<\/figure>\n","protected":false},"excerpt":{"rendered":"<div class=\"mh-excerpt\">La Societat Musical Turisense va presentar en un bonic acte les seues muses d\u2019este any, que seran les encarregades de representar la societat. L\u2019acte va estar condu\u00eft per Toni Jim\u00e9nez i va comptar amb el <a class=\"mh-excerpt-more\" href=\"https:\/\/www.tucomarca.com\/wordpress\/segunda\/ca\/la-societat-musical-turisense-presenta-les-seues-muses\/\" title=\"La Societat Musical Turisense presenta les seues Muses\">[+] <\/a><\/div>\n","protected":false},"author":12,"featured_media":280601,"comment_status":"open","ping_status":"open","sticky":false,"template":"","format":"gallery","meta":{"footnotes":""},"categories":[10894,10904,11004,11007,11008,10896],"tags":[11356,21016,11093],"class_list":{"0":"post-280603","1":"post","2":"type-post","3":"status-publish","4":"format-gallery","5":"has-post-thumbnail","7":"category-la-comarca-ca","8":"category-sin-categorizar-ca","9":"category-la-semana-en-imagenes-ca","10":"category-ocio-y-cultura-ca","11":"category-pueblos-en-fiestas-ca","12":"category-seccion-ca","13":"tag-ribera-alta-ca","14":"tag-sociedad-musical-turisense-ca","15":"tag-turis-ca","16":"post_format-post-format-gallery"},"_links":{"self":[{"href":"https:\/\/www.tucomarca.com\/wordpress\/segunda\/ca\/wp-json\/wp\/v2\/posts\/280603","targetHints":{"allow":["GET"]}}],"collection":[{"href":"https:\/\/www.tucomarca.com\/wordpress\/segunda\/ca\/wp-json\/wp\/v2\/posts"}],"about":[{"href":"https:\/\/www.tucomarca.com\/wordpress\/segunda\/ca\/wp-json\/wp\/v2\/types\/post"}],"author":[{"embeddable":true,"href":"https:\/\/www.tucomarca.com\/wordpress\/segunda\/ca\/wp-json\/wp\/v2\/users\/12"}],"replies":[{"embeddable":true,"href":"https:\/\/www.tucomarca.com\/wordpress\/segunda\/ca\/wp-json\/wp\/v2\/comments?post=280603"}],"version-history":[{"count":0,"href":"https:\/\/www.tucomarca.com\/wordpress\/segunda\/ca\/wp-json\/wp\/v2\/posts\/280603\/revisions"}],"wp:featuredmedia":[{"embeddable":true,"href":"https:\/\/www.tucomarca.com\/wordpress\/segunda\/ca\/wp-json\/wp\/v2\/media\/280601"}],"wp:attachment":[{"href":"https:\/\/www.tucomarca.com\/wordpress\/segunda\/ca\/wp-json\/wp\/v2\/media?parent=280603"}],"wp:term":[{"taxonomy":"category","embeddable":true,"href":"https:\/\/www.tucomarca.com\/wordpress\/segunda\/ca\/wp-json\/wp\/v2\/categories?post=280603"},{"taxonomy":"post_tag","embeddable":true,"href":"https:\/\/www.tucomarca.com\/wordpress\/segunda\/ca\/wp-json\/wp\/v2\/tags?post=280603"}],"curies":[{"name":"wp","href":"https:\/\/api.w.org\/{rel}","templated":true}]}}