{"id":280713,"date":"2025-09-28T13:00:00","date_gmt":"2025-09-28T11:00:00","guid":{"rendered":"https:\/\/www.tucomarca.com\/wordpress\/segunda\/?p=280713"},"modified":"2025-09-28T14:18:48","modified_gmt":"2025-09-28T12:18:48","slug":"video-lauditori-a-laire-lliure-del-passeig-de-sant-lluis-de-bunyol-acull-la-junta-provincial-del-partit-popular","status":"publish","type":"post","link":"https:\/\/www.tucomarca.com\/wordpress\/segunda\/ca\/video-lauditori-a-laire-lliure-del-passeig-de-sant-lluis-de-bunyol-acull-la-junta-provincial-del-partit-popular\/","title":{"rendered":"V\u00eddeo: l&#8217;auditori a l&#8217;aire lliure del passeig de Sant Llu\u00eds de Bunyol acull la Junta Provincial del Partit Popular"},"content":{"rendered":"\n<figure class=\"wp-block-embed is-type-video is-provider-youtube wp-block-embed-youtube wp-embed-aspect-16-9 wp-has-aspect-ratio\"><div class=\"wp-block-embed__wrapper\">\n<iframe loading=\"lazy\" title=\"V\u00eddeo: el auditorio al aire libre de San Luis de Bu\u00f1ol acoge la Junta Provincial del Partido Popular\" width=\"500\" height=\"281\" src=\"https:\/\/www.youtube.com\/embed\/JRAnMjq7vco?feature=oembed\" frameborder=\"0\" allow=\"accelerometer; autoplay; clipboard-write; encrypted-media; gyroscope; picture-in-picture; web-share\" referrerpolicy=\"strict-origin-when-cross-origin\" allowfullscreen><\/iframe>\n<\/div><\/figure>\n\n\n\n<p>L&#8217;auditori a l&#8217;aire lliure del Passeig de Sant Llu\u00eds ha sigut el lloc triat pel Partit Popular per a realitzar la seua \u00faltima Junta Directiva Provincial i posterior esmorzar de conviv\u00e8ncia al qual han assistit mes de 750 persones. <\/p>\n\n\n\n<p>El mateix president provincial del PP, Vicent Momp\u00f3, ha resumit per a <strong>tucomarca televisi\u00f3<\/strong> els objectius d&#8217;una jornada que ha reunit c\u00e0rrecs tant org\u00e0nics com institucionals entre els quals es troben tant membres del Consell com diputats provincials i en Les Corts, aix\u00ed com alcaldes i regidors de tota la prov\u00edncia de Val\u00e8ncia.<\/p>\n","protected":false},"excerpt":{"rendered":"<div class=\"mh-excerpt\">L&#8217;auditori a l&#8217;aire lliure del Passeig de Sant Llu\u00eds ha sigut el lloc triat pel Partit Popular per a realitzar la seua \u00faltima Junta Directiva Provincial i posterior esmorzar de conviv\u00e8ncia al qual han assistit <a class=\"mh-excerpt-more\" href=\"https:\/\/www.tucomarca.com\/wordpress\/segunda\/ca\/video-lauditori-a-laire-lliure-del-passeig-de-sant-lluis-de-bunyol-acull-la-junta-provincial-del-partit-popular\/\" title=\"V\u00eddeo: l&#8217;auditori a l&#8217;aire lliure del passeig de Sant Llu\u00eds de Bunyol acull la Junta Provincial del Partit Popular\">[+] <\/a><\/div>\n","protected":false},"author":1,"featured_media":280710,"comment_status":"open","ping_status":"open","sticky":false,"template":"","format":"video","meta":{"footnotes":""},"categories":[10911,10898,10948,10894,10904,10912,10947,10896,11062],"tags":[10913,23094,10914,11978,11344,18825],"class_list":{"0":"post-280713","1":"post","2":"type-post","3":"status-publish","4":"format-video","5":"has-post-thumbnail","7":"category-bunol-ca","8":"category-ventana-ca","9":"category-infraestructuras-ca","10":"category-la-comarca-ca","11":"category-sin-categorizar-ca","12":"category-la-hoya-ca","13":"category-politica","14":"category-seccion-ca","15":"category-videos","16":"tag-bunol-ca","17":"tag-junta-provincial-ca","18":"tag-la-hoya-de-bunol-chiva-ca","19":"tag-partido-popular-ca","20":"tag-pp-ca","21":"tag-vicent-mompo-ca","22":"post_format-post-format-video"},"_links":{"self":[{"href":"https:\/\/www.tucomarca.com\/wordpress\/segunda\/ca\/wp-json\/wp\/v2\/posts\/280713","targetHints":{"allow":["GET"]}}],"collection":[{"href":"https:\/\/www.tucomarca.com\/wordpress\/segunda\/ca\/wp-json\/wp\/v2\/posts"}],"about":[{"href":"https:\/\/www.tucomarca.com\/wordpress\/segunda\/ca\/wp-json\/wp\/v2\/types\/post"}],"author":[{"embeddable":true,"href":"https:\/\/www.tucomarca.com\/wordpress\/segunda\/ca\/wp-json\/wp\/v2\/users\/1"}],"replies":[{"embeddable":true,"href":"https:\/\/www.tucomarca.com\/wordpress\/segunda\/ca\/wp-json\/wp\/v2\/comments?post=280713"}],"version-history":[{"count":0,"href":"https:\/\/www.tucomarca.com\/wordpress\/segunda\/ca\/wp-json\/wp\/v2\/posts\/280713\/revisions"}],"wp:featuredmedia":[{"embeddable":true,"href":"https:\/\/www.tucomarca.com\/wordpress\/segunda\/ca\/wp-json\/wp\/v2\/media\/280710"}],"wp:attachment":[{"href":"https:\/\/www.tucomarca.com\/wordpress\/segunda\/ca\/wp-json\/wp\/v2\/media?parent=280713"}],"wp:term":[{"taxonomy":"category","embeddable":true,"href":"https:\/\/www.tucomarca.com\/wordpress\/segunda\/ca\/wp-json\/wp\/v2\/categories?post=280713"},{"taxonomy":"post_tag","embeddable":true,"href":"https:\/\/www.tucomarca.com\/wordpress\/segunda\/ca\/wp-json\/wp\/v2\/tags?post=280713"}],"curies":[{"name":"wp","href":"https:\/\/api.w.org\/{rel}","templated":true}]}}