{"id":280742,"date":"2025-09-28T12:30:00","date_gmt":"2025-09-28T10:30:00","guid":{"rendered":"https:\/\/www.tucomarca.com\/wordpress\/segunda\/?p=280742"},"modified":"2025-09-28T14:54:06","modified_gmt":"2025-09-28T12:54:06","slug":"justicia-digitalitza-1-020-toms-del-jutjat-de-pau-i-registre-civil-de-requena","status":"publish","type":"post","link":"https:\/\/www.tucomarca.com\/wordpress\/segunda\/ca\/justicia-digitalitza-1-020-toms-del-jutjat-de-pau-i-registre-civil-de-requena\/","title":{"rendered":"Just\u00edcia digitalitza 1.020 toms del Jutjat de pau i Registre Civil de Requena"},"content":{"rendered":"\n<h3 class=\"wp-block-heading\">La digitalitzaci\u00f3, amb una inversi\u00f3 de 4,9 milions d&#8217;euros, \u00e9s finan\u00e7ada amb fons europeus &#8216;Next Generation EU&#8217;.<\/h3>\n\n\n\n<p>La Conselleria de Just\u00edcia i Administraci\u00f3 P\u00fablica ha digitalitzat 1.020 els toms documentals del partit judicial del municipi de Requena.<\/p>\n\n\n\n<p>La digitalitzaci\u00f3 dels llibres del Registre Civil \u00e9s un dels projectes m\u00e9s ambiciosos que la Conselleria de Just\u00edcia i Administraci\u00f3 P\u00fablica est\u00e0 impulsant dins del pla de transformaci\u00f3 digital de la Just\u00edcia, i ha sigut possible gr\u00e0cies al finan\u00e7ament de fons europeus.<\/p>\n\n\n\n<p>Amb una inversi\u00f3 pr\u00f2xima als cinc milions d&#8217;euros, la finalitat \u00e9s modernitzar un servei essencial per a la ciutadania, assegurant la seua conservaci\u00f3 i facilitant l&#8217;acc\u00e9s a la informaci\u00f3 de manera r\u00e0pida, segura i eficient.<\/p>\n\n\n\n<p>En una primera fase, el projecte es va centrar exclusivament en la digitalitzaci\u00f3 dels fons documentals dels Jutjats de pau. No obstant aix\u00f2, el bon ritme d&#8217;execuci\u00f3 i la consecuci\u00f3 anticipada dels objectius previstos han perm\u00e9s ampliar el seu abast als llibres dels Registres Civils pertanyents a les oficines dels principals partits judicials.&nbsp;<\/p>\n\n\n\n<p>La informaci\u00f3 que s&#8217;est\u00e0 digitalitzant correspon a les quatre seccions en les quals es divideix cada Registre Civil, \u00e9s a dir, naixements, matrimonis, defuncions i tuteles i representacions legals. El proc\u00e9s de bolcat de dades es fa en ordre cronol\u00f2gic invers, \u00e9s a dir, des dels m\u00e9s nous als m\u00e9s antics, amb l&#8217;objectiu de digitalitzar fins a un segle arrere en aquells toms on ha sigut possible gr\u00e0cies a la qualitat de les inscripcions.<\/p>\n\n\n\n<p>L&#8217;objectiu d&#8217;aquesta actuaci\u00f3 \u00e9s permetre la implantaci\u00f3 del nou model de Registre Civil en tota la Comunitat Valenciana.&nbsp;<\/p>\n\n\n\n<p>Aix\u00ed mateix, una vegada digitalitzats els llibres, els arxius es faciliten a l&#8217;Administraci\u00f3 de l&#8217;Estat perqu\u00e8 puga posar en marxa una plataforma digital, denominada DICIREG, que crea un registre individual amb tots els documents de cada persona, i permet l&#8217;acc\u00e9s telem\u00e0tic i la tramitaci\u00f3 electr\u00f2nica dels expedients.<\/p>\n\n\n\n<p>El projecte de Generaci\u00f3 d&#8217;Estructures de dades i imatges de Llibres de Registres Civils en la Comunitat Valenciana s&#8217;emmarca en els projectes tractors de digitalitzaci\u00f3 de l&#8217;Administraci\u00f3 General de l&#8217;Estat del Pla de Recuperaci\u00f3, Transformaci\u00f3 i Resili\u00e8ncia (PRTR), Next Generation EU.<\/p>\n","protected":false},"excerpt":{"rendered":"<div class=\"mh-excerpt\">La digitalitzaci\u00f3, amb una inversi\u00f3 de 4,9 milions d&#8217;euros, \u00e9s finan\u00e7ada amb fons europeus &#8216;Next Generation EU&#8217;. La Conselleria de Just\u00edcia i Administraci\u00f3 P\u00fablica ha digitalitzat 1.020 els toms documentals del partit judicial del municipi <a class=\"mh-excerpt-more\" href=\"https:\/\/www.tucomarca.com\/wordpress\/segunda\/ca\/justicia-digitalitza-1-020-toms-del-jutjat-de-pau-i-registre-civil-de-requena\/\" title=\"Just\u00edcia digitalitza 1.020 toms del Jutjat de pau i Registre Civil de Requena\">[+] <\/a><\/div>\n","protected":false},"author":1,"featured_media":169377,"comment_status":"open","ping_status":"open","sticky":false,"template":"","format":"standard","meta":{"footnotes":""},"categories":[10898,10948,10894,10904,10947,10908,10909,10896],"tags":[21789,11099,10910],"class_list":{"0":"post-280742","1":"post","2":"type-post","3":"status-publish","4":"format-standard","5":"has-post-thumbnail","7":"category-ventana-ca","8":"category-infraestructuras-ca","9":"category-la-comarca-ca","10":"category-sin-categorizar-ca","11":"category-politica","12":"category-requena-ca","13":"category-requena-utiel-ca","14":"category-seccion-ca","15":"tag-generalitat-ca","16":"tag-requena-ca","17":"tag-requena-utiel-ca"},"_links":{"self":[{"href":"https:\/\/www.tucomarca.com\/wordpress\/segunda\/ca\/wp-json\/wp\/v2\/posts\/280742","targetHints":{"allow":["GET"]}}],"collection":[{"href":"https:\/\/www.tucomarca.com\/wordpress\/segunda\/ca\/wp-json\/wp\/v2\/posts"}],"about":[{"href":"https:\/\/www.tucomarca.com\/wordpress\/segunda\/ca\/wp-json\/wp\/v2\/types\/post"}],"author":[{"embeddable":true,"href":"https:\/\/www.tucomarca.com\/wordpress\/segunda\/ca\/wp-json\/wp\/v2\/users\/1"}],"replies":[{"embeddable":true,"href":"https:\/\/www.tucomarca.com\/wordpress\/segunda\/ca\/wp-json\/wp\/v2\/comments?post=280742"}],"version-history":[{"count":0,"href":"https:\/\/www.tucomarca.com\/wordpress\/segunda\/ca\/wp-json\/wp\/v2\/posts\/280742\/revisions"}],"wp:featuredmedia":[{"embeddable":true,"href":"https:\/\/www.tucomarca.com\/wordpress\/segunda\/ca\/wp-json\/wp\/v2\/media\/169377"}],"wp:attachment":[{"href":"https:\/\/www.tucomarca.com\/wordpress\/segunda\/ca\/wp-json\/wp\/v2\/media?parent=280742"}],"wp:term":[{"taxonomy":"category","embeddable":true,"href":"https:\/\/www.tucomarca.com\/wordpress\/segunda\/ca\/wp-json\/wp\/v2\/categories?post=280742"},{"taxonomy":"post_tag","embeddable":true,"href":"https:\/\/www.tucomarca.com\/wordpress\/segunda\/ca\/wp-json\/wp\/v2\/tags?post=280742"}],"curies":[{"name":"wp","href":"https:\/\/api.w.org\/{rel}","templated":true}]}}