{"id":280751,"date":"2025-09-28T15:00:00","date_gmt":"2025-09-28T13:00:00","guid":{"rendered":"https:\/\/www.tucomarca.com\/wordpress\/segunda\/?p=280751"},"modified":"2025-09-28T15:16:54","modified_gmt":"2025-09-28T13:16:54","slug":"se-suspenen-les-classes-davant-lalerta-roja-per-fortes-pluges-i-tempestes-en-tota-la-provincia-decretada-per-emergencies-de-la-generalitat","status":"publish","type":"post","link":"https:\/\/www.tucomarca.com\/wordpress\/segunda\/ca\/se-suspenen-les-classes-davant-lalerta-roja-per-fortes-pluges-i-tempestes-en-tota-la-provincia-decretada-per-emergencies-de-la-generalitat\/","title":{"rendered":"Se suspenen les classes davant l&#8217;alerta roja per fortes pluges i tempestes en tota la prov\u00edncia decretada per Emerg\u00e8ncies de la Generalitat"},"content":{"rendered":"\n<figure class=\"wp-block-image size-full\"><img loading=\"lazy\" decoding=\"async\" width=\"886\" height=\"779\" src=\"http:\/\/www.tucomarca.com\/wordpress\/segunda\/wp-content\/uploads\/2025\/09\/alertaroja-1.jpeg\" alt=\"\" class=\"wp-image-280743\" srcset=\"https:\/\/www.tucomarca.com\/wordpress\/segunda\/wp-content\/uploads\/2025\/09\/alertaroja-1.jpeg 886w, https:\/\/www.tucomarca.com\/wordpress\/segunda\/wp-content\/uploads\/2025\/09\/alertaroja-1-300x264.jpeg 300w, https:\/\/www.tucomarca.com\/wordpress\/segunda\/wp-content\/uploads\/2025\/09\/alertaroja-1-768x675.jpeg 768w\" sizes=\"auto, (max-width: 886px) 100vw, 886px\" \/><\/figure>\n\n\n\n<p>El Centre de Coordinaci\u00f3 d&#8217;Emerg\u00e8ncies de la Generalitat ha decretat per a aquest dilluns, 29 de setembre, l&#8217;alerta roja per pluges i tempestes en tota la prov\u00edncia de Val\u00e8ncia, amb especial incid\u00e8ncia en el litoral.<\/p>\n\n\n\n<p>L&#8217;av\u00eds implica la decisi\u00f3 de la suspensi\u00f3 de les classes i de tota activitat educativa fins a un altre av\u00eds, com a mesura preventiva davant el risc de fortes precipitacions en comarques com La Foia de Bunyol-Xiva, Camp de T\u00faria, La Ribera, Camp de Morvedre, L&#8217;Horta i Val\u00e8ncia ciutat.<\/p>\n\n\n\n<p>Les autoritats recomanen extremar les precaucions, evitar els despla\u00e7aments si no s\u00f3n estrictament necessaris i mantindre&#8217;s informats a trav\u00e9s dels canals oficials d&#8217;emerg\u00e8ncia.<\/p>\n\n\n\n<p>La previsi\u00f3 meteorol\u00f2gica estableix:<\/p>\n\n\n\n<ul class=\"wp-block-list\">\n<li>Hui diumenge: nivell taronja per pluges i tempestes a l&#8217;interior de Val\u00e8ncia.<\/li>\n\n\n\n<li>Dem\u00e0 dilluns: nivell roig per pluges en el litoral de Val\u00e8ncia i nivell taronja a l&#8217;interior.<\/li>\n<\/ul>\n\n\n\n<p>Quant a les tempestes, s&#8217;activa el nivell groc en les tres prov\u00edncies de la Comunitat.<\/p>\n\n\n\n<p>La Generalitat recorda que l&#8217;alerta roja suposa un risc extrem, per la qual cosa demana la m\u00e0xima prud\u00e8ncia a la ciutadania.<\/p>\n\n\n\n<p><em>(Informaci\u00f3 en proc\u00e9s d&#8217;elaboraci\u00f3 en funci\u00f3 de les actualizacions).<\/em><\/p>\n\n\n\n<p><\/p>\n\n\n\n<figure class=\"wp-block-image size-large\"><img loading=\"lazy\" decoding=\"async\" width=\"766\" height=\"1024\" src=\"http:\/\/www.tucomarca.com\/wordpress\/segunda\/wp-content\/uploads\/2025\/09\/EmergenciasAlertaRoja-766x1024.jpeg\" alt=\"\" class=\"wp-image-280739\" srcset=\"https:\/\/www.tucomarca.com\/wordpress\/segunda\/wp-content\/uploads\/2025\/09\/EmergenciasAlertaRoja-766x1024.jpeg 766w, https:\/\/www.tucomarca.com\/wordpress\/segunda\/wp-content\/uploads\/2025\/09\/EmergenciasAlertaRoja-224x300.jpeg 224w, https:\/\/www.tucomarca.com\/wordpress\/segunda\/wp-content\/uploads\/2025\/09\/EmergenciasAlertaRoja-768x1027.jpeg 768w, https:\/\/www.tucomarca.com\/wordpress\/segunda\/wp-content\/uploads\/2025\/09\/EmergenciasAlertaRoja.jpeg 828w\" sizes=\"auto, (max-width: 766px) 100vw, 766px\" \/><\/figure>\n","protected":false},"excerpt":{"rendered":"<div class=\"mh-excerpt\">El Centre de Coordinaci\u00f3 d&#8217;Emerg\u00e8ncies de la Generalitat ha decretat per a aquest dilluns, 29 de setembre, l&#8217;alerta roja per pluges i tempestes en tota la prov\u00edncia de Val\u00e8ncia, amb especial incid\u00e8ncia en el litoral. <a class=\"mh-excerpt-more\" href=\"https:\/\/www.tucomarca.com\/wordpress\/segunda\/ca\/se-suspenen-les-classes-davant-lalerta-roja-per-fortes-pluges-i-tempestes-en-tota-la-provincia-decretada-per-emergencies-de-la-generalitat\/\" title=\"Se suspenen les classes davant l&#8217;alerta roja per fortes pluges i tempestes en tota la prov\u00edncia decretada per Emerg\u00e8ncies de la Generalitat\">[+] <\/a><\/div>\n","protected":false},"author":12,"featured_media":280744,"comment_status":"open","ping_status":"open","sticky":false,"template":"","format":"standard","meta":{"footnotes":""},"categories":[10890,10951,10892,11046,10898,10948,10894,10904,10912,10902,10903,10947,10896,10897],"tags":[23096,22923,10914,11351,12835,23097],"class_list":{"0":"post-280751","1":"post","2":"type-post","3":"status-publish","4":"format-standard","5":"has-post-thumbnail","7":"category-ademus","8":"category-ayora-cofrentes-ca","9":"category-camp-de-turia-ca","10":"category-los-serranos-ca","11":"category-ventana-ca","12":"category-infraestructuras-ca","13":"category-la-comarca-ca","14":"category-sin-categorizar-ca","15":"category-la-hoya-ca","16":"category-la-ribera-ca","17":"category-medio-ambiente-la-comarca-ca","18":"category-politica","19":"category-seccion-ca","20":"category-sucesos-la-comarca-ca","21":"tag-alerta-ca","22":"tag-alerta-roja-ca","23":"tag-la-hoya-de-bunol-chiva-ca","24":"tag-lluvias-ca","25":"tag-lluvias-intensas-ca","26":"tag-roja-ca"},"_links":{"self":[{"href":"https:\/\/www.tucomarca.com\/wordpress\/segunda\/ca\/wp-json\/wp\/v2\/posts\/280751","targetHints":{"allow":["GET"]}}],"collection":[{"href":"https:\/\/www.tucomarca.com\/wordpress\/segunda\/ca\/wp-json\/wp\/v2\/posts"}],"about":[{"href":"https:\/\/www.tucomarca.com\/wordpress\/segunda\/ca\/wp-json\/wp\/v2\/types\/post"}],"author":[{"embeddable":true,"href":"https:\/\/www.tucomarca.com\/wordpress\/segunda\/ca\/wp-json\/wp\/v2\/users\/12"}],"replies":[{"embeddable":true,"href":"https:\/\/www.tucomarca.com\/wordpress\/segunda\/ca\/wp-json\/wp\/v2\/comments?post=280751"}],"version-history":[{"count":0,"href":"https:\/\/www.tucomarca.com\/wordpress\/segunda\/ca\/wp-json\/wp\/v2\/posts\/280751\/revisions"}],"wp:featuredmedia":[{"embeddable":true,"href":"https:\/\/www.tucomarca.com\/wordpress\/segunda\/ca\/wp-json\/wp\/v2\/media\/280744"}],"wp:attachment":[{"href":"https:\/\/www.tucomarca.com\/wordpress\/segunda\/ca\/wp-json\/wp\/v2\/media?parent=280751"}],"wp:term":[{"taxonomy":"category","embeddable":true,"href":"https:\/\/www.tucomarca.com\/wordpress\/segunda\/ca\/wp-json\/wp\/v2\/categories?post=280751"},{"taxonomy":"post_tag","embeddable":true,"href":"https:\/\/www.tucomarca.com\/wordpress\/segunda\/ca\/wp-json\/wp\/v2\/tags?post=280751"}],"curies":[{"name":"wp","href":"https:\/\/api.w.org\/{rel}","templated":true}]}}