{"id":280780,"date":"2025-09-29T07:00:00","date_gmt":"2025-09-29T05:00:00","guid":{"rendered":"https:\/\/www.tucomarca.com\/wordpress\/segunda\/?p=280780"},"modified":"2025-09-29T10:07:56","modified_gmt":"2025-09-29T08:07:56","slug":"emergencies-demana-a-la-poblacio-extremar-les-precaucions-davant-lepisodi-de-pluges-i-tempestes-en-la-comunitat-valenciana","status":"publish","type":"post","link":"https:\/\/www.tucomarca.com\/wordpress\/segunda\/ca\/emergencies-demana-a-la-poblacio-extremar-les-precaucions-davant-lepisodi-de-pluges-i-tempestes-en-la-comunitat-valenciana\/","title":{"rendered":"Emerg\u00e8ncies demana a la poblaci\u00f3 extremar les precaucions davant l&#8217;episodi de pluges i tempestes en la Comunitat Valenciana"},"content":{"rendered":"\n<h3 class=\"wp-block-heading\">El CCE ha enviat un av\u00eds d&#8217;alerta als m\u00f2bils de les zones del litoral nord de la prov\u00edncia de Castell\u00f3 i a tot el litoral de la prov\u00edncia de Val\u00e8ncia per a advertir de l&#8217;activaci\u00f3 de l&#8217;alerta roja.<\/h3>\n\n\n\n<h3 class=\"wp-block-heading\">El conseller d&#8217;Emerg\u00e8ncies i Interior\u00a0demana la \u201cm\u00e0xima precauci\u00f3\u201d en els despla\u00e7aments i que la poblaci\u00f3 \u201csempre s&#8217;informe sobre la situaci\u00f3 meteorol\u00f2gica\u201d.<\/h3>\n\n\n\n<h3 class=\"wp-block-heading\">Emerg\u00e8ncies est\u00e0 traslladant, des d&#8217;ahir, tots els avisos als ajuntaments i a les ag\u00e8ncies implicades en el seguiment de la preemerg\u00e8ncia.<\/h3>\n\n\n\n<h3 class=\"wp-block-heading\">Tots els consells de protecci\u00f3 civil dirigits a la poblaci\u00f3 es poden consultar en la web del 1\u00b71\u00b72, www.112cv.gva.es; en la xarxa X @gva112 o a trav\u00e9s de l&#8217;App GVA 112 Avisos.<\/h3>\n\n\n\n<p>El Centre de Coordinaci\u00f3 d&#8217;Emerg\u00e8ncies ha mantingut una reuni\u00f3 de coordinaci\u00f3 amb tots els organismes i institucions competents en mat\u00e8ria d&#8217;Emerg\u00e8ncies i de Seguretat per a realitzar seguiment i adoptar les mesures necess\u00e0ries davant l&#8217;episodi de pluges i tempestes previst per a hui, dem\u00e0 i el dimarts en la Comunitat Valenciana. Des del CCE se sol\u00b7licita a la poblaci\u00f3 extremar les precaucions davant la previsi\u00f3 de fortes precipitacions.<\/p>\n\n\n\n<p>La reuni\u00f3, que ha tingut lloc a l&#8217;Eliana, ha comptat amb la pres\u00e8ncia del conseller d&#8217;Emerg\u00e8ncies i Interior, Juan Carlos Valderrama, alts c\u00e0rrecs de la Conselleria i representants de les diferents ag\u00e8ncies implicades en l&#8217;emerg\u00e8ncia (bombers dels sis SPEIS, bombers forestals de la Generalitat Valenciana, delegaci\u00f3 del Govern, l&#8217;Ag\u00e8ncia Estatal de Meteorologia (AEMET), les confederacions hidrogr\u00e0fiques de l&#8217;Ebre, el X\u00faquer i el Segura, responsables de Carreteres i de la Conselleria de Sanitat, entre altres institucions).<\/p>\n\n\n\n<p>Actualment, el CCE t\u00e9 activada per a hui una alerta roja per pluges en el litoral nord de Castell\u00f3 i en tot el litoral de Val\u00e8ncia; aix\u00ed mateix, tamb\u00e9 hi ha una alerta taronja per a hui per pluges i tempestes a l&#8217;interior de Val\u00e8ncia i una groga a l&#8217;interior de Castell\u00f3.<\/p>\n\n\n\n<p>Dem\u00e0 dilluns, el litoral de Val\u00e8ncia estar\u00e0 en alerta roja per pluges; i l&#8217;interior i litoral sud de Castell\u00f3, interior de Val\u00e8ncia i litoral nord d&#8217;Alacant, estaran en risc taronja; groc, en el litoral sud d&#8217;Alacant. Segons l&#8217;AEMET, es preveuen acumulats que podrien arribar als 180 mm en 3 o 4 hores a Castell\u00f3 i en 12 hores a Val\u00e8ncia.<\/p>\n\n\n\n<p>El conseller d&#8217;Emerg\u00e8ncies i Interior, Juan Carlos Valderrama, ha explicat que \u201ctenim un episodi de possibles pluges torrencials, com ens informa l&#8217;AEMET, que t\u00e9 en alerta a la Comunitat Valenciana\u201d. I ha detallat que aquesta alerta roja \u201c\u00e9s efectiva a partir de les 20 hores de hui en el litoral nord de Castell\u00f3, i a partir de les 4 del mat\u00ed del dilluns en el litoral sud i en el litoral nord de la prov\u00edncia de Val\u00e8ncia\u201d.&nbsp;<\/p>\n\n\n\n<p>La resta del territori valenci\u00e0 \u201cest\u00e0 en alerta taronja, per tant, s&#8217;ha enviat una informaci\u00f3 a tots els municipis de la Comunitat Valenciana informant de la situaci\u00f3 que s&#8217;est\u00e0 vivint\u201d, ha concretat. \u201c\u00c9s fonamental mantindre&#8217;s informat en tot moment, perqu\u00e8 la situaci\u00f3 \u00e9s inestable i on ara actualment tenim una alerta taronja pot canviar a una alerta roja. Si ocorreguera aix\u00f2, la poblaci\u00f3 seria deguda i puntualment informada\u201d, ha asseverat.<\/p>\n\n\n\n<p>El titular d&#8217;Emerg\u00e8ncies i Interior ha comentat que, en la reuni\u00f3 de coordinaci\u00f3, \u201cs&#8217;han identificat les zones m\u00e9s sensibles segons les confederacions hidrogr\u00e0fiques i on s&#8217;ha de prestar una especial atenci\u00f3 per a poder establir dispositius de coordinaci\u00f3 entre les diferents administracions i per a previndre qualsevol emerg\u00e8ncia que es poguera produir\u201d. En aquest sentit, \u201cs\u00f3n importants els rius i barrancs del litoral de la prov\u00edncia de Castell\u00f3 i del litoral de la prov\u00edncia de Val\u00e8ncia\u201d, ha puntualitzat Valderrama.<\/p>\n\n\n\n<p>Valderrama ha enumerat alguns consells i recomanacions a la poblaci\u00f3 com evitar despla\u00e7aments. En aquest punt, ha afegit que \u201csi \u00e9s necessari realitzar un despla\u00e7ament, \u00e9s fonamental que es fa\u00e7a amb la m\u00e0xima precauci\u00f3, les m\u00e0ximes mesures de seguretat i que sempre s&#8217;informen sobre la situaci\u00f3 meteorol\u00f2gica en tot el territori on ha de produir-se el despla\u00e7ament\u201d.&nbsp;<\/p>\n\n\n\n<p>Tamb\u00e9 ha destacat \u201cque l&#8217;important \u00e9s l&#8217;autoprotecci\u00f3 dels ciutadans. Prendre eixes mesures, a trav\u00e9s de la p\u00e0gina web del 112 i de la mateixa Generalitat, on hi ha recomanacions per als ciutadans per a l&#8217;autoprotecci\u00f3 i tindre la m\u00e0xima precauci\u00f3 i cura\u201d.&nbsp;<\/p>\n\n\n\n<p>En aquesta l\u00ednia, el conseller ha explicat que davant els avisos de nivell roig per pluges comunicats per l&#8217;AEMET, \u201cel CCE ha enviat un av\u00eds d&#8217;alerta als m\u00f2bils de les zones del litoral nord de la prov\u00edncia de Castell\u00f3 i a tot el litoral de la prov\u00edncia de Val\u00e8ncia per a advertir de l&#8217;activaci\u00f3 de l&#8217;alerta roja\u201d.<\/p>\n\n\n\n<p>En aquest av\u00eds, se sol\u00b7licita m\u00e0xima precauci\u00f3 davant aquests avisos i es recomana tamb\u00e9 extremar totes les precaucions i estar pendents de qualsevol canvi en el nivell dels avisos.<\/p>\n\n\n\n<p>Aix\u00ed mateix, el Centre de Coordinaci\u00f3 d&#8217;Emerg\u00e8ncies est\u00e0 traslladant, des d&#8217;ahir, tots els avisos als ajuntaments i les ag\u00e8ncies implicades en el seguiment de la preemerg\u00e8ncia.<\/p>\n\n\n\n<p>El conseller d&#8217;Emerg\u00e8ncies i Interior, Juan Carlos Valderrama, ha explicat que s&#8217;ha refor\u00e7at el servei del tel\u00e8fon \u00fanic d&#8217;emerg\u00e8ncies 1\u00b71\u00b72. \u201cSaben que \u00e9s el punt d&#8217;entrada d&#8217;una emerg\u00e8ncia i al qual s&#8217;ha de dirigir qualsevol ciutad\u00e0 que es trobe davant una situaci\u00f3 d&#8217;emerg\u00e8ncia\u201d, ha recordat.<\/p>\n\n\n\n<p>Tamb\u00e9 ha recordat que tots els consells de protecci\u00f3 civil dirigits a la poblaci\u00f3 es poden consultar en la web del 1\u00b71\u00b72, www.112cv.gva.es; en la xarxa X @gva112 o a trav\u00e9s de l&#8217;App GVA 112 Avisos (disponible en Google Play i App Store).<\/p>\n\n\n\n<p><strong>Les conselleries adopten mesures<\/strong><\/p>\n\n\n\n<p>Des de la Vicepresid\u00e8ncia Primera i Conselleria de Serveis Socials, Igualtat i Habitatge han informat que s&#8217;ha recordat a totes les resid\u00e8ncies i centres socials la necessitat de seguir les indicacions d&#8217;emerg\u00e8ncies quant a les mesures a adoptar, i s&#8217;han tancat dem\u00e0 els recursos di\u00fcrns (centres de dia i centres de majors) situats en municipis amb alerta roja, o en aquells amb alerta taronja, en els quals l&#8217;ajuntament haja decidit tancar col\u00b7legis. Tamb\u00e9 han sol\u00b7licitat a les resid\u00e8ncies que confirmen que els grups electr\u00f2gens funcionen correctament i que tenen combustible suficient.<\/p>\n\n\n\n<p>Per part seua, la Conselleria de Sanitat han traslladat que, des dels seus canals de difusi\u00f3 a la poblaci\u00f3, han enviat un SMS en el qual es comunica als ciutadans que \u201csi el clima \u00e9s advers, no es desplace a la seua cita o intervenci\u00f3. La seua seguretat \u00e9s el primer. Es reprogramar\u00e0\u201d.<\/p>\n\n\n\n<p>I s&#8217;ha donat la instrucci\u00f3 als departaments de salut que \u201ces recorde a tot el personal que, davant una situaci\u00f3 d&#8217;emerg\u00e8ncia, ha de romandre especialment atent a les instruccions que reba per part d&#8217;un superior o de protecci\u00f3 civil, aix\u00ed com a l&#8217;evoluci\u00f3 de l&#8217;emerg\u00e8ncia\u201d. Tamb\u00e9 es recorda que davant un risc greu i imminent per a la seua seguretat i salut, el personal tindr\u00e0 dret a no acudir al seu lloc de treball, notificant-lo per qualsevol mitj\u00e0 escrit.<\/p>\n\n\n\n<p>La Conselleria d&#8217;Innovaci\u00f3, Ind\u00fastria, Comer\u00e7 i Turisme avisa que les estacions d&#8217;ITV situades en la zona de l&#8217;alerta roja tancaran fins que la situaci\u00f3 d&#8217;emerg\u00e8ncia redu\u00efsca la seua intensitat. Les persones que hagen d&#8217;anul\u00b7lar la seua cita rebran una nova per a una data posterior.&nbsp;<\/p>\n\n\n\n<p>Tambien les oficines Labora, Servici Valenci\u00e0 d&#8217;Ocupaci\u00f3 i Formaci\u00f3, romandran tancades dem\u00e0 dilluns.<\/p>\n\n\n\n<p>Per part seua, la Conselleria de Just\u00edcia i Administraci\u00f3 P\u00fablica ha recordat que, en cas d&#8217;emerg\u00e8ncies exteriors, existeix un protocol d&#8217;actuaci\u00f3 per al personal de l&#8217;Administraci\u00f3 de la Generalitat que estableix que en alerta roja s&#8217;aprovar\u00e0 el teletreball amb car\u00e0cter general, excepte en el cas dels serveis essencials, que es regiran per la normativa espec\u00edfica de cada conselleria per al cas.<\/p>\n\n\n\n<p>El protocol s&#8217;aplica a tot el personal de l&#8217;Administraci\u00f3 de la Generalitat la gesti\u00f3 de la qual correspon a la Direcci\u00f3 General competent en mat\u00e8ria de funci\u00f3 p\u00fablica. Declarada l&#8217;alerta, la seua efectivitat s&#8217;estendr\u00e0 tant al personal el centre de treball del qual o el seu domicili radique en una zona afectada per l&#8217;alerta com al personal que no es trobe en aquests sup\u00f2sits, per\u00f2 haja de travessar una zona afectada per l&#8217;alerta per a despla\u00e7ar-se des del seu domicili al seu centre de treball, o viceversa, o haja de realitzar algun despla\u00e7ament per ra\u00f3 de treball.<\/p>\n\n\n\n<p>Durant el dilluns 29 de setembre romandran tancades de manera preventiva, les oficines i punts PROP de les seg\u00fcents poblacions: Vinar\u00f2s, Sagunt i Port de Sagunt, 9 d\u2019Octubre i PROP I a Val\u00e8ncia, Gandia, Massanassa, Paiporta, Benet\u00fasser i Algemes\u00ed. En funci\u00f3 de l&#8217;evoluci\u00f3 de l&#8217;emerg\u00e8ncia i els comunicats del 112, aquest llistat podria variar, de la qual cosa s&#8217;informar\u00e0 puntualment.<\/p>\n\n\n\n<p>Des de la Conselleria de Medi Ambient, Infraestructures i Territori s&#8217;ha notificat a tots els treballadors que estan realitzant obres per part de la Generalitat que es retiren per motius de prevenci\u00f3 al no ser un servei essencial. D&#8217;altra banda, a la poblaci\u00f3 s&#8217;ha recomanat que no s&#8217;acoste a aquelles obres en marxa que s&#8217;estan realitzant en l&#8217;\u00e0mbit dels llits.&nbsp;<\/p>\n\n\n\n<p>Per part seua, tant Metrovalencia com el TRAM d&#8217;Alacant i el TRAM de Castell\u00f3 aix\u00ed com els autobusos auton\u00f2mics i de Metrob\u00fas notificaran possibles variacions en el servei en funci\u00f3 de les circumst\u00e0ncies. En aquest sentit, FGV i la Conselleria han activat gabinets de seguiment. Els serveis d&#8217;autob\u00fas per a possibles desallotjaments estan preparats. D&#8217;altra banda, tant el servei d&#8217;Agents Mediambientals com el servei de Prevenci\u00f3 d&#8217;Incendis Forestals est\u00e0 a la disposici\u00f3 del dispositiu d&#8217;Emerg\u00e8ncies.<\/p>\n","protected":false},"excerpt":{"rendered":"<div class=\"mh-excerpt\">El CCE ha enviat un av\u00eds d&#8217;alerta als m\u00f2bils de les zones del litoral nord de la prov\u00edncia de Castell\u00f3 i a tot el litoral de la prov\u00edncia de Val\u00e8ncia per a advertir de l&#8217;activaci\u00f3 <a class=\"mh-excerpt-more\" href=\"https:\/\/www.tucomarca.com\/wordpress\/segunda\/ca\/emergencies-demana-a-la-poblacio-extremar-les-precaucions-davant-lepisodi-de-pluges-i-tempestes-en-la-comunitat-valenciana\/\" title=\"Emerg\u00e8ncies demana a la poblaci\u00f3 extremar les precaucions davant l&#8217;episodi de pluges i tempestes en la Comunitat Valenciana\">[+] <\/a><\/div>\n","protected":false},"author":1,"featured_media":280778,"comment_status":"open","ping_status":"open","sticky":false,"template":"","format":"standard","meta":{"footnotes":""},"categories":[10892,21466,10898,10948,10894,10904,10893,10903,10947,10896,10897],"tags":[15409,11199,11351,12835],"class_list":{"0":"post-280780","1":"post","2":"type-post","3":"status-publish","4":"format-standard","5":"has-post-thumbnail","7":"category-camp-de-turia-ca","8":"category-dana-ca","9":"category-ventana-ca","10":"category-infraestructuras-ca","11":"category-la-comarca-ca","12":"category-sin-categorizar-ca","13":"category-leliana-ca","14":"category-medio-ambiente-la-comarca-ca","15":"category-politica","16":"category-seccion-ca","17":"category-sucesos-la-comarca-ca","18":"tag-dana-2-ca","19":"tag-la-comunitat-ca","20":"tag-lluvias-ca","21":"tag-lluvias-intensas-ca"},"_links":{"self":[{"href":"https:\/\/www.tucomarca.com\/wordpress\/segunda\/ca\/wp-json\/wp\/v2\/posts\/280780","targetHints":{"allow":["GET"]}}],"collection":[{"href":"https:\/\/www.tucomarca.com\/wordpress\/segunda\/ca\/wp-json\/wp\/v2\/posts"}],"about":[{"href":"https:\/\/www.tucomarca.com\/wordpress\/segunda\/ca\/wp-json\/wp\/v2\/types\/post"}],"author":[{"embeddable":true,"href":"https:\/\/www.tucomarca.com\/wordpress\/segunda\/ca\/wp-json\/wp\/v2\/users\/1"}],"replies":[{"embeddable":true,"href":"https:\/\/www.tucomarca.com\/wordpress\/segunda\/ca\/wp-json\/wp\/v2\/comments?post=280780"}],"version-history":[{"count":0,"href":"https:\/\/www.tucomarca.com\/wordpress\/segunda\/ca\/wp-json\/wp\/v2\/posts\/280780\/revisions"}],"wp:featuredmedia":[{"embeddable":true,"href":"https:\/\/www.tucomarca.com\/wordpress\/segunda\/ca\/wp-json\/wp\/v2\/media\/280778"}],"wp:attachment":[{"href":"https:\/\/www.tucomarca.com\/wordpress\/segunda\/ca\/wp-json\/wp\/v2\/media?parent=280780"}],"wp:term":[{"taxonomy":"category","embeddable":true,"href":"https:\/\/www.tucomarca.com\/wordpress\/segunda\/ca\/wp-json\/wp\/v2\/categories?post=280780"},{"taxonomy":"post_tag","embeddable":true,"href":"https:\/\/www.tucomarca.com\/wordpress\/segunda\/ca\/wp-json\/wp\/v2\/tags?post=280780"}],"curies":[{"name":"wp","href":"https:\/\/api.w.org\/{rel}","templated":true}]}}