{"id":280784,"date":"2025-09-28T17:00:00","date_gmt":"2025-09-28T15:00:00","guid":{"rendered":"https:\/\/www.tucomarca.com\/wordpress\/segunda\/?p=280784"},"modified":"2025-09-29T10:25:23","modified_gmt":"2025-09-29T08:25:23","slug":"la-generalitat-recorda-el-dret-dels-treballadors-de-no-assistir-al-seu-lloc-en-cas-dalerta-roja-declarada","status":"publish","type":"post","link":"https:\/\/www.tucomarca.com\/wordpress\/segunda\/ca\/la-generalitat-recorda-el-dret-dels-treballadors-de-no-assistir-al-seu-lloc-en-cas-dalerta-roja-declarada\/","title":{"rendered":"La Generalitat recorda el dret dels treballadors de no assistir al seu lloc en cas d&#8217;alerta roja declarada"},"content":{"rendered":"\n<h3 class=\"wp-block-heading\">L&#8217;Autoritat Laboral insta les empreses a prevaldre la modalitat de treball a dist\u00e0ncia sempre que siga possible i el treball en q\u00fcesti\u00f3 ho permeta i si les condicions de les comunicacions ho fan viable.<\/h3>\n\n\n\n<p>La Conselleria d&#8217;Educaci\u00f3, Cultura, Universitats i Ocupaci\u00f3, a trav\u00e9s de la Direcci\u00f3 General de Treball, recorda, davant la situaci\u00f3 d&#8217;alerta climatol\u00f2gica per pluges i tempestes en la Comunitat Valenciana, que els treballadors tenen el dret a no assistir al seu lloc en cas d&#8217;emerg\u00e8ncia declarada.<\/p>\n\n\n\n<p>Aix\u00ed, es recorda que els treballadors poden acollir-se a l&#8217;anomenat \u201cperm\u00eds clim\u00e0tic\u201d arreplegat en el Reial decret llei 8\/2024. Es tracta d&#8217;un perm\u00eds retribu\u00eft que permet als treballadors absentar-se fins a quatre dies del seu lloc en cas de riscos greus o alertes clim\u00e0tiques severes que impedisquen l&#8217;acc\u00e9s al treball. El perm\u00eds \u00e9s de fins a quatre dies, per\u00f2 pot prorrogar-se mitjan\u00e7ant un ERTO per for\u00e7a major si la situaci\u00f3 el requereix.<\/p>\n\n\n\n<p>Els treballadors poden acollir-se a aquest dret per a evitar despla\u00e7aments en situaci\u00f3 de perill. Per tant, des de l&#8217;Autoritat Laboral se subratlla la import\u00e0ncia de garantir la seguretat i la integritat f\u00edsica dels treballadors.<\/p>\n\n\n\n<p>A m\u00e9s, s&#8217;insta les empreses a prevaldre la modalitat de treball a dist\u00e0ncia quan siga possible i el treball en q\u00fcesti\u00f3 ho permeta i sempre que les condicions de les comunicacions ho facen viable.<\/p>\n\n\n\n<p>Aix\u00ed mateix, la direcci\u00f3 general de Treball recorda que si l&#8217;empresa t\u00e9 prevista la condici\u00f3 de teletreball, el treballador ha de prestar el seu servei d&#8217;aquesta modalitat. En cas que el centre de treball no estiga preparat per a poder oferir als seus empleats la possibilitat de teletreballar, el personal ha de notificar a l&#8217;empresa la impossibilitat d&#8217;acudir al seu lloc i les circumst\u00e0ncies que l&#8217;han provocat.<\/p>\n","protected":false},"excerpt":{"rendered":"<div class=\"mh-excerpt\">L&#8217;Autoritat Laboral insta les empreses a prevaldre la modalitat de treball a dist\u00e0ncia sempre que siga possible i el treball en q\u00fcesti\u00f3 ho permeta i si les condicions de les comunicacions ho fan viable. La <a class=\"mh-excerpt-more\" href=\"https:\/\/www.tucomarca.com\/wordpress\/segunda\/ca\/la-generalitat-recorda-el-dret-dels-treballadors-de-no-assistir-al-seu-lloc-en-cas-dalerta-roja-declarada\/\" title=\"La Generalitat recorda el dret dels treballadors de no assistir al seu lloc en cas d&#8217;alerta roja declarada\">[+] <\/a><\/div>\n","protected":false},"author":1,"featured_media":250748,"comment_status":"open","ping_status":"open","sticky":false,"template":"","format":"standard","meta":{"footnotes":""},"categories":[21466,10898,10948,10894,10904,10903,10947,10896,10897],"tags":[15409,11199],"class_list":{"0":"post-280784","1":"post","2":"type-post","3":"status-publish","4":"format-standard","5":"has-post-thumbnail","7":"category-dana-ca","8":"category-ventana-ca","9":"category-infraestructuras-ca","10":"category-la-comarca-ca","11":"category-sin-categorizar-ca","12":"category-medio-ambiente-la-comarca-ca","13":"category-politica","14":"category-seccion-ca","15":"category-sucesos-la-comarca-ca","16":"tag-dana-2-ca","17":"tag-la-comunitat-ca"},"_links":{"self":[{"href":"https:\/\/www.tucomarca.com\/wordpress\/segunda\/ca\/wp-json\/wp\/v2\/posts\/280784","targetHints":{"allow":["GET"]}}],"collection":[{"href":"https:\/\/www.tucomarca.com\/wordpress\/segunda\/ca\/wp-json\/wp\/v2\/posts"}],"about":[{"href":"https:\/\/www.tucomarca.com\/wordpress\/segunda\/ca\/wp-json\/wp\/v2\/types\/post"}],"author":[{"embeddable":true,"href":"https:\/\/www.tucomarca.com\/wordpress\/segunda\/ca\/wp-json\/wp\/v2\/users\/1"}],"replies":[{"embeddable":true,"href":"https:\/\/www.tucomarca.com\/wordpress\/segunda\/ca\/wp-json\/wp\/v2\/comments?post=280784"}],"version-history":[{"count":0,"href":"https:\/\/www.tucomarca.com\/wordpress\/segunda\/ca\/wp-json\/wp\/v2\/posts\/280784\/revisions"}],"wp:featuredmedia":[{"embeddable":true,"href":"https:\/\/www.tucomarca.com\/wordpress\/segunda\/ca\/wp-json\/wp\/v2\/media\/250748"}],"wp:attachment":[{"href":"https:\/\/www.tucomarca.com\/wordpress\/segunda\/ca\/wp-json\/wp\/v2\/media?parent=280784"}],"wp:term":[{"taxonomy":"category","embeddable":true,"href":"https:\/\/www.tucomarca.com\/wordpress\/segunda\/ca\/wp-json\/wp\/v2\/categories?post=280784"},{"taxonomy":"post_tag","embeddable":true,"href":"https:\/\/www.tucomarca.com\/wordpress\/segunda\/ca\/wp-json\/wp\/v2\/tags?post=280784"}],"curies":[{"name":"wp","href":"https:\/\/api.w.org\/{rel}","templated":true}]}}