{"id":281587,"date":"2025-10-06T11:15:00","date_gmt":"2025-10-06T09:15:00","guid":{"rendered":"https:\/\/www.tucomarca.com\/wordpress\/segunda\/?p=281587"},"modified":"2025-10-06T21:01:36","modified_gmt":"2025-10-06T19:01:36","slug":"fotogaleria-xest-celebra-el-seu-tradicional-pisa-del-raim-2","status":"publish","type":"post","link":"https:\/\/www.tucomarca.com\/wordpress\/segunda\/ca\/fotogaleria-xest-celebra-el-seu-tradicional-pisa-del-raim-2\/","title":{"rendered":"Fotogaler\u00eda: Xest celebra el seu tradicional Pis\u00e1 del ra\u00efm"},"content":{"rendered":"\n<p>Ahir, diumenge 5 d&#8217;octubre, Xest va celebrar un dels actes m\u00e9s tradicionals de la Festa de la Verema, la Pis\u00e1 del ra\u00efm, un homenatge al cultiu de la vinya, al treball en el camp i a la producci\u00f3 del vi.<\/p>\n\n\n\n<p>A les 17 hores la Reina de la Verema, Roc\u00edo Toledano Horta, i la seua Cort d&#8217;honor, familiars, amics i autoritats, van comen\u00e7ar un recorregut pels carrers participants en el Concurs de balcons engalanats. En el recorregut tamb\u00e9 va participar la diputada de les Corts Alicia And\u00fajar, qui acompanye a la comitiva fins a la pla\u00e7a Doctor Cajal. Una vegada all\u00ed, l&#8217;acte de La Pis\u00e1 es va obrir amb una exhibici\u00f3 de la balles tradicionals a c\u00e0rrec del grup de Danses de Xest, que va interpretar la Valenciana d&#8217;Albal, la Jota de Les Useres i la Jota de Xest.<\/p>\n\n\n\n<p>Despr\u00e9s de l&#8217;actuaci\u00f3, els conductors de l&#8217;acte, \u00d3scar Bayo Gisbert i B\u00e1rbara de Lacruz Morell van anar cridant a l&#8217;escenari a totes les parelles de Verema 2025, que van desfilar per l&#8217;escenari per a depositar el seu ra\u00efm en una premsa antiga. Els xiquets Eric Gamundi Linares i Sergio Molina Garc\u00eda, van trepitjar el ra\u00efm i la reina va ser l&#8217;encarregada d&#8217;arreplegar el most en un pitxer, que posteriorment s&#8217;oferiria al patr\u00f3 de Xest, Sant Lluc Evangelista, a l&#8217;Esgl\u00e9sia.<\/p>\n\n\n\n<p><strong>Premis del Concurs de balcons engalanats<br><\/strong>Despr\u00e9s de la Pis\u00e1, l&#8217;alcalde, Jos\u00e9 Morell, i el regidor de Festes, \u00d3scar Gald\u00f3n, van pujar a l&#8217;escenari per a fer el lliurament de premis del concurs de balcons engalanats. El primer premi, per valor de 600 euros, va ser per al Carrer Chirr\u00edn, n\u00fam. 6; el segon premi, dotat de 500 euros, va recaure sobre el carrer Doctor Zamenhoff, n\u00fam. 21; i el tercer premi, de 400 euros, va anar per al carrer Pedralba, n\u00fam. 17.<\/p>\n\n\n\n<p><strong>Festa d&#8217;inter\u00e9s tur\u00edstic<br><\/strong>Despr\u00e9s dels premis, l&#8217;alcalde, Jos\u00e9 Morell, va enaltir en el seu discurs els valors de la festa i la va proclamar com a Festa d&#8217;Inter\u00e9s Tur\u00edstic Provincial, convidant als xics i xiques de la Verema a fer-se una foto commemorativa. &#8220;La Pis\u00e1 del ra\u00efm \u00e9s un dels eixos centrals de les nostres festes de la Verema, repletes de tradicions que mantenim vives perqu\u00e8 formen part del nostre \u00e9sser. No podem oblidar que el nostre origen est\u00e0 lligat al cultiu de la terra i en dia com hui, m\u00e9s que mai, hem de reivindicar el treball dels qui hui continuen dedicats a l&#8217;agricultura, i especialment al cultiu de la vinya\u201d, manifestava Morell. &#8220;Enguany celebrem la declaraci\u00f3 atorgada per la Generalitat que reconeix a la nostra Festa com d&#8217;Inter\u00e9s Tur\u00edstic Provincial. Un reconeixement a la nostra tradici\u00f3, a una de les manifestacions culturals m\u00e9s importants, m\u00e9s significatives, m\u00e9s identit\u00e0ries del nostre poble. Per\u00f2 tamb\u00e9 \u00e9s un reconeixement a les persones que generaci\u00f3 rere generaci\u00f3 han fet possible que s&#8217;anaren desenvolupant, consolidant i ampliant, aix\u00ed que gr\u00e0cies a tots i totes\u201d.<\/p>\n\n\n\n<p>L&#8217;acte es va tancar una \u00e0gape en la pla\u00e7a per a totes les persones assistents.<\/p>\n\n\n\n<figure class=\"wp-block-gallery has-nested-images columns-1 is-cropped wp-block-gallery-1 is-layout-flex wp-block-gallery-is-layout-flex\">\n<figure class=\"wp-block-image size-large\"><img loading=\"lazy\" decoding=\"async\" width=\"1024\" height=\"691\" data-id=\"281564\" src=\"https:\/\/www.tucomarca.com\/wordpress\/segunda\/wp-content\/uploads\/2025\/10\/ChestePisaUva_1-1024x691.jpg\" alt=\"\" class=\"wp-image-281564\" srcset=\"https:\/\/www.tucomarca.com\/wordpress\/segunda\/wp-content\/uploads\/2025\/10\/ChestePisaUva_1-1024x691.jpg 1024w, https:\/\/www.tucomarca.com\/wordpress\/segunda\/wp-content\/uploads\/2025\/10\/ChestePisaUva_1-300x202.jpg 300w, https:\/\/www.tucomarca.com\/wordpress\/segunda\/wp-content\/uploads\/2025\/10\/ChestePisaUva_1-768x518.jpg 768w, https:\/\/www.tucomarca.com\/wordpress\/segunda\/wp-content\/uploads\/2025\/10\/ChestePisaUva_1.jpg 1181w\" sizes=\"auto, (max-width: 1024px) 100vw, 1024px\" \/><\/figure>\n\n\n\n<figure class=\"wp-block-image size-large\"><img loading=\"lazy\" decoding=\"async\" width=\"1024\" height=\"691\" data-id=\"281566\" src=\"https:\/\/www.tucomarca.com\/wordpress\/segunda\/wp-content\/uploads\/2025\/10\/ChestePisaUva_3-1024x691.jpg\" alt=\"\" class=\"wp-image-281566\" srcset=\"https:\/\/www.tucomarca.com\/wordpress\/segunda\/wp-content\/uploads\/2025\/10\/ChestePisaUva_3-1024x691.jpg 1024w, https:\/\/www.tucomarca.com\/wordpress\/segunda\/wp-content\/uploads\/2025\/10\/ChestePisaUva_3-300x202.jpg 300w, https:\/\/www.tucomarca.com\/wordpress\/segunda\/wp-content\/uploads\/2025\/10\/ChestePisaUva_3-768x518.jpg 768w, https:\/\/www.tucomarca.com\/wordpress\/segunda\/wp-content\/uploads\/2025\/10\/ChestePisaUva_3.jpg 1181w\" sizes=\"auto, (max-width: 1024px) 100vw, 1024px\" \/><\/figure>\n\n\n\n<figure class=\"wp-block-image size-large\"><img loading=\"lazy\" decoding=\"async\" width=\"1024\" height=\"691\" data-id=\"281568\" src=\"https:\/\/www.tucomarca.com\/wordpress\/segunda\/wp-content\/uploads\/2025\/10\/ChestePisaUva_4-1024x691.jpg\" alt=\"\" class=\"wp-image-281568\" srcset=\"https:\/\/www.tucomarca.com\/wordpress\/segunda\/wp-content\/uploads\/2025\/10\/ChestePisaUva_4-1024x691.jpg 1024w, https:\/\/www.tucomarca.com\/wordpress\/segunda\/wp-content\/uploads\/2025\/10\/ChestePisaUva_4-300x202.jpg 300w, https:\/\/www.tucomarca.com\/wordpress\/segunda\/wp-content\/uploads\/2025\/10\/ChestePisaUva_4-768x518.jpg 768w, https:\/\/www.tucomarca.com\/wordpress\/segunda\/wp-content\/uploads\/2025\/10\/ChestePisaUva_4.jpg 1181w\" sizes=\"auto, (max-width: 1024px) 100vw, 1024px\" \/><\/figure>\n\n\n\n<figure class=\"wp-block-image size-large\"><img loading=\"lazy\" decoding=\"async\" width=\"1024\" height=\"691\" data-id=\"281570\" src=\"https:\/\/www.tucomarca.com\/wordpress\/segunda\/wp-content\/uploads\/2025\/10\/ChestePisaUva_7-1024x691.jpg\" alt=\"\" class=\"wp-image-281570\" srcset=\"https:\/\/www.tucomarca.com\/wordpress\/segunda\/wp-content\/uploads\/2025\/10\/ChestePisaUva_7-1024x691.jpg 1024w, https:\/\/www.tucomarca.com\/wordpress\/segunda\/wp-content\/uploads\/2025\/10\/ChestePisaUva_7-300x202.jpg 300w, https:\/\/www.tucomarca.com\/wordpress\/segunda\/wp-content\/uploads\/2025\/10\/ChestePisaUva_7-768x518.jpg 768w, https:\/\/www.tucomarca.com\/wordpress\/segunda\/wp-content\/uploads\/2025\/10\/ChestePisaUva_7.jpg 1181w\" sizes=\"auto, (max-width: 1024px) 100vw, 1024px\" \/><\/figure>\n\n\n\n<figure class=\"wp-block-image size-large\"><img loading=\"lazy\" decoding=\"async\" width=\"1024\" height=\"691\" data-id=\"281572\" src=\"https:\/\/www.tucomarca.com\/wordpress\/segunda\/wp-content\/uploads\/2025\/10\/ChestePisaUva_8-1024x691.jpg\" alt=\"\" class=\"wp-image-281572\" srcset=\"https:\/\/www.tucomarca.com\/wordpress\/segunda\/wp-content\/uploads\/2025\/10\/ChestePisaUva_8-1024x691.jpg 1024w, https:\/\/www.tucomarca.com\/wordpress\/segunda\/wp-content\/uploads\/2025\/10\/ChestePisaUva_8-300x202.jpg 300w, https:\/\/www.tucomarca.com\/wordpress\/segunda\/wp-content\/uploads\/2025\/10\/ChestePisaUva_8-768x518.jpg 768w, https:\/\/www.tucomarca.com\/wordpress\/segunda\/wp-content\/uploads\/2025\/10\/ChestePisaUva_8.jpg 1181w\" sizes=\"auto, (max-width: 1024px) 100vw, 1024px\" \/><\/figure>\n\n\n\n<figure class=\"wp-block-image size-large\"><img loading=\"lazy\" decoding=\"async\" width=\"1024\" height=\"691\" data-id=\"281574\" src=\"https:\/\/www.tucomarca.com\/wordpress\/segunda\/wp-content\/uploads\/2025\/10\/ChestePisaUva_11-1024x691.jpg\" alt=\"\" class=\"wp-image-281574\" srcset=\"https:\/\/www.tucomarca.com\/wordpress\/segunda\/wp-content\/uploads\/2025\/10\/ChestePisaUva_11-1024x691.jpg 1024w, https:\/\/www.tucomarca.com\/wordpress\/segunda\/wp-content\/uploads\/2025\/10\/ChestePisaUva_11-300x202.jpg 300w, https:\/\/www.tucomarca.com\/wordpress\/segunda\/wp-content\/uploads\/2025\/10\/ChestePisaUva_11-768x518.jpg 768w, https:\/\/www.tucomarca.com\/wordpress\/segunda\/wp-content\/uploads\/2025\/10\/ChestePisaUva_11.jpg 1181w\" sizes=\"auto, (max-width: 1024px) 100vw, 1024px\" \/><\/figure>\n\n\n\n<figure class=\"wp-block-image size-large\"><img loading=\"lazy\" decoding=\"async\" width=\"1024\" height=\"691\" data-id=\"281578\" src=\"https:\/\/www.tucomarca.com\/wordpress\/segunda\/wp-content\/uploads\/2025\/10\/ChestePisaUva_15-1024x691.jpg\" alt=\"\" class=\"wp-image-281578\" srcset=\"https:\/\/www.tucomarca.com\/wordpress\/segunda\/wp-content\/uploads\/2025\/10\/ChestePisaUva_15-1024x691.jpg 1024w, https:\/\/www.tucomarca.com\/wordpress\/segunda\/wp-content\/uploads\/2025\/10\/ChestePisaUva_15-300x202.jpg 300w, https:\/\/www.tucomarca.com\/wordpress\/segunda\/wp-content\/uploads\/2025\/10\/ChestePisaUva_15-768x518.jpg 768w, https:\/\/www.tucomarca.com\/wordpress\/segunda\/wp-content\/uploads\/2025\/10\/ChestePisaUva_15.jpg 1181w\" sizes=\"auto, (max-width: 1024px) 100vw, 1024px\" \/><\/figure>\n\n\n\n<figure class=\"wp-block-image size-large\"><img loading=\"lazy\" decoding=\"async\" width=\"1024\" height=\"691\" data-id=\"281580\" src=\"https:\/\/www.tucomarca.com\/wordpress\/segunda\/wp-content\/uploads\/2025\/10\/ChestePisaUva_16-1024x691.jpg\" alt=\"\" class=\"wp-image-281580\" srcset=\"https:\/\/www.tucomarca.com\/wordpress\/segunda\/wp-content\/uploads\/2025\/10\/ChestePisaUva_16-1024x691.jpg 1024w, https:\/\/www.tucomarca.com\/wordpress\/segunda\/wp-content\/uploads\/2025\/10\/ChestePisaUva_16-300x202.jpg 300w, https:\/\/www.tucomarca.com\/wordpress\/segunda\/wp-content\/uploads\/2025\/10\/ChestePisaUva_16-768x518.jpg 768w, https:\/\/www.tucomarca.com\/wordpress\/segunda\/wp-content\/uploads\/2025\/10\/ChestePisaUva_16.jpg 1181w\" sizes=\"auto, (max-width: 1024px) 100vw, 1024px\" \/><\/figure>\n\n\n\n<figure class=\"wp-block-image size-large\"><img loading=\"lazy\" decoding=\"async\" width=\"1024\" height=\"691\" data-id=\"281582\" src=\"https:\/\/www.tucomarca.com\/wordpress\/segunda\/wp-content\/uploads\/2025\/10\/ChestePisaUva_18-1024x691.jpg\" alt=\"\" class=\"wp-image-281582\" srcset=\"https:\/\/www.tucomarca.com\/wordpress\/segunda\/wp-content\/uploads\/2025\/10\/ChestePisaUva_18-1024x691.jpg 1024w, https:\/\/www.tucomarca.com\/wordpress\/segunda\/wp-content\/uploads\/2025\/10\/ChestePisaUva_18-300x202.jpg 300w, https:\/\/www.tucomarca.com\/wordpress\/segunda\/wp-content\/uploads\/2025\/10\/ChestePisaUva_18-768x518.jpg 768w, https:\/\/www.tucomarca.com\/wordpress\/segunda\/wp-content\/uploads\/2025\/10\/ChestePisaUva_18.jpg 1181w\" sizes=\"auto, (max-width: 1024px) 100vw, 1024px\" \/><\/figure>\n\n\n\n<figure class=\"wp-block-image size-large\"><img loading=\"lazy\" decoding=\"async\" width=\"1024\" height=\"691\" data-id=\"281584\" src=\"https:\/\/www.tucomarca.com\/wordpress\/segunda\/wp-content\/uploads\/2025\/10\/ChestePisaUva_19-1024x691.jpg\" alt=\"\" class=\"wp-image-281584\" srcset=\"https:\/\/www.tucomarca.com\/wordpress\/segunda\/wp-content\/uploads\/2025\/10\/ChestePisaUva_19-1024x691.jpg 1024w, https:\/\/www.tucomarca.com\/wordpress\/segunda\/wp-content\/uploads\/2025\/10\/ChestePisaUva_19-300x202.jpg 300w, https:\/\/www.tucomarca.com\/wordpress\/segunda\/wp-content\/uploads\/2025\/10\/ChestePisaUva_19-768x518.jpg 768w, https:\/\/www.tucomarca.com\/wordpress\/segunda\/wp-content\/uploads\/2025\/10\/ChestePisaUva_19.jpg 1181w\" sizes=\"auto, (max-width: 1024px) 100vw, 1024px\" \/><\/figure>\n<\/figure>\n","protected":false},"excerpt":{"rendered":"<div class=\"mh-excerpt\">Ahir, diumenge 5 d&#8217;octubre, Xest va celebrar un dels actes m\u00e9s tradicionals de la Festa de la Verema, la Pis\u00e1 del ra\u00efm, un homenatge al cultiu de la vinya, al treball en el camp i <a class=\"mh-excerpt-more\" href=\"https:\/\/www.tucomarca.com\/wordpress\/segunda\/ca\/fotogaleria-xest-celebra-el-seu-tradicional-pisa-del-raim-2\/\" title=\"Fotogaler\u00eda: Xest celebra el seu tradicional Pis\u00e1 del ra\u00efm\">[+] <\/a><\/div>\n","protected":false},"author":12,"featured_media":281577,"comment_status":"open","ping_status":"open","sticky":false,"template":"","format":"gallery","meta":{"footnotes":""},"categories":[10894,10912,11004,11007,11008,10896,10974],"tags":[11071,10914,23103,17955],"class_list":{"0":"post-281587","1":"post","2":"type-post","3":"status-publish","4":"format-gallery","5":"has-post-thumbnail","7":"category-la-comarca-ca","8":"category-la-hoya-ca","9":"category-la-semana-en-imagenes-ca","10":"category-ocio-y-cultura-ca","11":"category-pueblos-en-fiestas-ca","12":"category-seccion-ca","13":"category-cheste-ca","14":"tag-cheste","15":"tag-la-hoya-de-bunol-chiva-ca","16":"tag-lii-fiesta-de-la-vendimia-de-cheste-ca","17":"tag-pisa-de-la-uva-ca","18":"post_format-post-format-gallery"},"_links":{"self":[{"href":"https:\/\/www.tucomarca.com\/wordpress\/segunda\/ca\/wp-json\/wp\/v2\/posts\/281587","targetHints":{"allow":["GET"]}}],"collection":[{"href":"https:\/\/www.tucomarca.com\/wordpress\/segunda\/ca\/wp-json\/wp\/v2\/posts"}],"about":[{"href":"https:\/\/www.tucomarca.com\/wordpress\/segunda\/ca\/wp-json\/wp\/v2\/types\/post"}],"author":[{"embeddable":true,"href":"https:\/\/www.tucomarca.com\/wordpress\/segunda\/ca\/wp-json\/wp\/v2\/users\/12"}],"replies":[{"embeddable":true,"href":"https:\/\/www.tucomarca.com\/wordpress\/segunda\/ca\/wp-json\/wp\/v2\/comments?post=281587"}],"version-history":[{"count":0,"href":"https:\/\/www.tucomarca.com\/wordpress\/segunda\/ca\/wp-json\/wp\/v2\/posts\/281587\/revisions"}],"wp:featuredmedia":[{"embeddable":true,"href":"https:\/\/www.tucomarca.com\/wordpress\/segunda\/ca\/wp-json\/wp\/v2\/media\/281577"}],"wp:attachment":[{"href":"https:\/\/www.tucomarca.com\/wordpress\/segunda\/ca\/wp-json\/wp\/v2\/media?parent=281587"}],"wp:term":[{"taxonomy":"category","embeddable":true,"href":"https:\/\/www.tucomarca.com\/wordpress\/segunda\/ca\/wp-json\/wp\/v2\/categories?post=281587"},{"taxonomy":"post_tag","embeddable":true,"href":"https:\/\/www.tucomarca.com\/wordpress\/segunda\/ca\/wp-json\/wp\/v2\/tags?post=281587"}],"curies":[{"name":"wp","href":"https:\/\/api.w.org\/{rel}","templated":true}]}}