{"id":281634,"date":"2025-10-06T10:00:00","date_gmt":"2025-10-06T08:00:00","guid":{"rendered":"https:\/\/www.tucomarca.com\/wordpress\/segunda\/?p=281634"},"modified":"2025-10-06T21:36:38","modified_gmt":"2025-10-06T19:36:38","slug":"un-gol-de-jonas-en-el-minut-85-dona-la-victoria-al-cd-bunyol-en-el-seu-dol-contra-el-crevillent","status":"publish","type":"post","link":"https:\/\/www.tucomarca.com\/wordpress\/segunda\/ca\/un-gol-de-jonas-en-el-minut-85-dona-la-victoria-al-cd-bunyol-en-el-seu-dol-contra-el-crevillent\/","title":{"rendered":"Un gol de Jon\u00e1s en el minut 85 dona la vict\u00f2ria al CD Bunyol en el seu dol contra el Crevillent"},"content":{"rendered":"\n<p>El CD Bunyol va viure un mat\u00ed d&#8217;aut\u00e8ntic vertigen en el Camp Enrique Miralles en la cinquena jornada de lliga enfront del Crevillent Esportiu aquest passat diumenge. Una trobada intensa, d&#8217;anada i tornada, on els blancs van saber patir, resistir i finalment colpejar en el moment just per a emportar-se tres punts d&#8217;or.<\/p>\n\n\n\n<p>Durant gran part del partit el marcador es va mantindre inamovible. El Bunyol ho va intentar amb insist\u00e8ncia: Andr\u00e9s va fregar el gol en el minut 25 despr\u00e9s d&#8217;una gran jugada col\u00b7lectiva; i Jon\u00e1s va tornar a posar a l&#8217;estadi en suspens en el 45\u2019, amb un tret ras al pal que va parar el porter del Crevillent.<\/p>\n\n\n\n<p>Per\u00f2 el premi a l&#8217;esfor\u00e7 arribaria en els minuts finals. Quan el cron\u00f2metre marcava el minut 85, Jon\u00e1s va apar\u00e9ixer com un aut\u00e8ntic heroi per a signar el 0-1 definitiu amb un tret imparable que va deslligar la bogeria en la banqueta i l&#8217;afici\u00f3 bu\u00f1olense, sempre fidel en el seguiment al seu equip.<\/p>\n\n\n\n<p>El CD Bunyol va demostrar car\u00e0cter, disciplina i ambici\u00f3 en un partit que deixa clar que l&#8217;equip va molt de deb\u00f2 aquesta temporada. Una vict\u00f2ria que fa gust de gl\u00f2ria i que confirma el gran moment del conjunt dirigit pel seu t\u00e8cnic, Alejandro San Isidro, decidit a continuar somiant en gran.<\/p>\n","protected":false},"excerpt":{"rendered":"<div class=\"mh-excerpt\">El CD Bunyol va viure un mat\u00ed d&#8217;aut\u00e8ntic vertigen en el Camp Enrique Miralles en la cinquena jornada de lliga enfront del Crevillent Esportiu aquest passat diumenge. Una trobada intensa, d&#8217;anada i tornada, on els <a class=\"mh-excerpt-more\" href=\"https:\/\/www.tucomarca.com\/wordpress\/segunda\/ca\/un-gol-de-jonas-en-el-minut-85-dona-la-victoria-al-cd-bunyol-en-el-seu-dol-contra-el-crevillent\/\" title=\"Un gol de Jon\u00e1s en el minut 85 dona la vict\u00f2ria al CD Bunyol en el seu dol contra el Crevillent\">[+] <\/a><\/div>\n","protected":false},"author":12,"featured_media":281622,"comment_status":"open","ping_status":"open","sticky":false,"template":"","format":"standard","meta":{"footnotes":""},"categories":[10911,11015,11003,10894,10912,10896],"tags":[10913,11126,11074,10914],"class_list":{"0":"post-281634","1":"post","2":"type-post","3":"status-publish","4":"format-standard","5":"has-post-thumbnail","7":"category-bunol-ca","8":"category-canal-futbol","9":"category-sports","10":"category-la-comarca-ca","11":"category-la-hoya-ca","12":"category-seccion-ca","13":"tag-bunol-ca","14":"tag-cd-bunol-ca","15":"tag-deportes-ca","16":"tag-la-hoya-de-bunol-chiva-ca"},"_links":{"self":[{"href":"https:\/\/www.tucomarca.com\/wordpress\/segunda\/ca\/wp-json\/wp\/v2\/posts\/281634","targetHints":{"allow":["GET"]}}],"collection":[{"href":"https:\/\/www.tucomarca.com\/wordpress\/segunda\/ca\/wp-json\/wp\/v2\/posts"}],"about":[{"href":"https:\/\/www.tucomarca.com\/wordpress\/segunda\/ca\/wp-json\/wp\/v2\/types\/post"}],"author":[{"embeddable":true,"href":"https:\/\/www.tucomarca.com\/wordpress\/segunda\/ca\/wp-json\/wp\/v2\/users\/12"}],"replies":[{"embeddable":true,"href":"https:\/\/www.tucomarca.com\/wordpress\/segunda\/ca\/wp-json\/wp\/v2\/comments?post=281634"}],"version-history":[{"count":0,"href":"https:\/\/www.tucomarca.com\/wordpress\/segunda\/ca\/wp-json\/wp\/v2\/posts\/281634\/revisions"}],"wp:featuredmedia":[{"embeddable":true,"href":"https:\/\/www.tucomarca.com\/wordpress\/segunda\/ca\/wp-json\/wp\/v2\/media\/281622"}],"wp:attachment":[{"href":"https:\/\/www.tucomarca.com\/wordpress\/segunda\/ca\/wp-json\/wp\/v2\/media?parent=281634"}],"wp:term":[{"taxonomy":"category","embeddable":true,"href":"https:\/\/www.tucomarca.com\/wordpress\/segunda\/ca\/wp-json\/wp\/v2\/categories?post=281634"},{"taxonomy":"post_tag","embeddable":true,"href":"https:\/\/www.tucomarca.com\/wordpress\/segunda\/ca\/wp-json\/wp\/v2\/tags?post=281634"}],"curies":[{"name":"wp","href":"https:\/\/api.w.org\/{rel}","templated":true}]}}