{"id":281720,"date":"2025-10-07T13:00:00","date_gmt":"2025-10-07T11:00:00","guid":{"rendered":"https:\/\/www.tucomarca.com\/wordpress\/segunda\/?p=281720"},"modified":"2025-10-07T19:54:30","modified_gmt":"2025-10-07T17:54:30","slug":"la-diputacio-de-valencia-executa-25-milions-deuros-i-programa-altres-304-per-a-millorar-les-carreteres-de-la-serrania","status":"publish","type":"post","link":"https:\/\/www.tucomarca.com\/wordpress\/segunda\/ca\/la-diputacio-de-valencia-executa-25-milions-deuros-i-programa-altres-304-per-a-millorar-les-carreteres-de-la-serrania\/","title":{"rendered":"La Diputaci\u00f3 de Val\u00e8ncia executa 25 milions d&#8217;euros i programa altres 30,4 per a millorar les carreteres de la Serran\u00eda"},"content":{"rendered":"\n<h3 class=\"wp-block-heading\">La diputada de Carreteres, Reme Mazzolari, reunix a Alpuente a alcaldes i alcaldesses de la comarca per a fer balan\u00e7 de les inversions executades o en proc\u00e9s entre els anys 2023 i 2027.<\/h3>\n\n\n\n<p>La vicepresidenta segona de Diputaci\u00f3 de Val\u00e8ncia i diputada de Carreteres, Reme Mazzolari, ha presentat este dimarts el conjunt d&#8217;actuacions executades i projectades per la instituci\u00f3 provincial a la comarca de la Serran\u00eda, amb una inversi\u00f3 global que ascendix als 55,4 milions d&#8217;euros en el per\u00edode compr\u00e9s entre 2023 i 2027. D&#8217;esta xifra, 25,07 milions ja s&#8217;han executat en els exercicis 2023\u20132025; mentres que en el bienni 2026\u20132027 es continuaran els expedients de millora que redundaran en una inversi\u00f3 addicional de 30,40 milions d&#8217;euros.<\/p>\n\n\n\n<p>El balan\u00e7 ha sigut exposat durant la jornada de treball celebrada en sal\u00f3 de plens del Ayuntamiento de Alpuente, amb la pres\u00e8ncia de l&#8217;alcaldessa del municipi, Itziar M\u00e9ndez, alcaldes i personal municipal de la comarca, i el director de l&#8217;\u00e0rea provincial de Carreteres, Javier Piedra.&nbsp;<\/p>\n\n\n\n<p>Reme Mazzolari ha destacat l'&#8221;important esfor\u00e7 inversor en una comarca on unes bones comunicacions s\u00f3n encara m\u00e9s importants per a facilitar la mobilitat i d&#8217;eixa manera contribuir a fixar poblaci\u00f3 en una zona que ha de fer front al perill de despoblaci\u00f3&#8221;, i ha centrat els aspectes m\u00e9s rellevants de l&#8217;acci\u00f3 de la Diputaci\u00f3 en &#8220;la millora de les carreteres provincials, els camins municipals i els projectes de mobilitat sostenible&#8221;.<\/p>\n\n\n\n<figure class=\"wp-block-image size-large\"><img loading=\"lazy\" decoding=\"async\" width=\"1024\" height=\"683\" src=\"http:\/\/www.tucomarca.com\/wordpress\/segunda\/wp-content\/uploads\/2025\/10\/DipuCarreteras2-1024x683.jpg\" alt=\"\" class=\"wp-image-281711\" srcset=\"https:\/\/www.tucomarca.com\/wordpress\/segunda\/wp-content\/uploads\/2025\/10\/DipuCarreteras2-1024x683.jpg 1024w, https:\/\/www.tucomarca.com\/wordpress\/segunda\/wp-content\/uploads\/2025\/10\/DipuCarreteras2-300x200.jpg 300w, https:\/\/www.tucomarca.com\/wordpress\/segunda\/wp-content\/uploads\/2025\/10\/DipuCarreteras2-768x512.jpg 768w, https:\/\/www.tucomarca.com\/wordpress\/segunda\/wp-content\/uploads\/2025\/10\/DipuCarreteras2-1536x1024.jpg 1536w, https:\/\/www.tucomarca.com\/wordpress\/segunda\/wp-content\/uploads\/2025\/10\/DipuCarreteras2-2048x1365.jpg 2048w\" sizes=\"auto, (max-width: 1024px) 100vw, 1024px\" \/><\/figure>\n\n\n\n<p>Aix\u00ed, la diputada de Carreteres assenyala que esta inversi\u00f3 \u201cassegura connectivitat, seguretat vi\u00e0ria i oportunitats a la ciutadania de la comarca, amb actuacions que van des de grans ponts a itineraris per als vianants que contribu\u00efxen a una mobilitat m\u00e9s respectuosa amb el medi ambient\u201d. En este sentit, Mazzolari subratlla que \u201cs&#8217;ha prioritzat la seguretat i el manteniment, amb un increment significatiu de la inversi\u00f3 en conservaci\u00f3 i amb projectes estrat\u00e8gics com el nou pont sobre el T\u00faria entre Chulilla i Sot de Chera\u201d.<\/p>\n\n\n\n<p>Entre 2023 i 2025, s&#8217;han destinat 7,67 milions a obres de millora de la xarxa provincial de carreteres; mentres que 5,65 milions han anat a conservaci\u00f3 ordin\u00e0ria i extraordin\u00e0ria. A aix\u00f2 se sumen 7,84 milions d&#8217;euros per a la reparaci\u00f3 de danys provocats per la DANA; 2,9 destinats a la millora de camins d&#8217;inter\u00e9s territorial, i a prop mig mili\u00f3 m\u00e9s en actuacions de mobilitat sostenible. Aix\u00ed mateix, s&#8217;han firmat convenis per a la millora de camins per valor de 528.000 euros.<\/p>\n\n\n\n<p>Durant el bienni 2026\u20132027, la Diputaci\u00f3 preveu destinar 19,6 milions d&#8217;euros a noves obres de millora en la xarxa provincial de carreteres i 6,5 milions a treballs de conservaci\u00f3 i manteniment. A m\u00e9s, el programa comarcal incorpora 3,8 milions per a la millora de camins d&#8217;inter\u00e9s territorial i quasi mig mili\u00f3 per a actuacions de mobilitat sostenible.<\/p>\n\n\n\n<p><strong>Accions destacades<\/strong><\/p>\n\n\n\n<p>Entre els projectes m\u00e9s rellevants figura el nou pont sobre el riu T\u00faria en la carretera CV-395, que unir\u00e0 els termes de Chulilla i Sot de Chera amb una inversi\u00f3 de 4,5 milions d&#8217;euros i l&#8217;execuci\u00f3 dels quals est\u00e0 prevista per a 2026. Tamb\u00e9 destaca el refor\u00e7 del ferm i la millora del tra\u00e7at en la CV-396, entre Bugarra i Ventas de Villar, amb un pressupost de 2,06 milions i obres que comen\u00e7aran al novembre d&#8217;enguany.&nbsp;<\/p>\n\n\n\n<p>A Villar del Arzobispo, la Diputaci\u00f3 t\u00e9 en marxa la reordenaci\u00f3 d&#8217;accessos i el control de velocitat en la travessia del Pol\u00edgon Industrial de la CV-345, amb una inversi\u00f3 de 1,27 milions, aix\u00ed com l&#8217;execuci\u00f3 de la travessia de la CV-347, valorada en 2,29 milions, la finalitzaci\u00f3 dels quals est\u00e0 prevista per a desembre de 2025.<\/p>\n\n\n\n<p>La instituci\u00f3 tamb\u00e9 ha impulsat la ronda mediambiental de Pedralba en la CV-377, actualment en fase de planejament i amb un pressupost estimat de 6,3 milions, aix\u00ed com l&#8217;actualitzaci\u00f3 del projecte de condicionament de la CV-345 entre La Yesa i Alpuente, amb una inversi\u00f3 prevista de 5 milions. En este \u00faltim municipi est\u00e0 ja en proc\u00e9s de redacci\u00f3 el projecte d&#8217;humanitzaci\u00f3 de la travessia de la CV-3451, amb un pressupost de 468.000 euros.<\/p>\n\n\n\n<p>D&#8217;altra banda, la Diputaci\u00f3 ha refor\u00e7at les labors de conservaci\u00f3 i manteniment de la xarxa vi\u00e0ria, amb actuacions com l&#8217;itinerari per als vianants entre Pedralba i el pont del T\u00faria, la millora d&#8217;acc\u00e9s als ponts penjants de Chulilla o l&#8217;asfaltat de la travessia del nucli urb\u00e0 d&#8217;este municipi.<\/p>\n\n\n\n<p>Aix\u00ed mateix, la corporaci\u00f3 provincial ha destinat 7,84 milions d&#8217;euros a reparacions d&#8217;emerg\u00e8ncia a conseq\u00fc\u00e8ncia de la dana de 2024 en els termes de Pedralba, Bugarra, Gestalgar, Chulilla i Sot de Chera, incloent-hi la reconstrucci\u00f3 de ponts sobre el T\u00faria i els seus afluents.<\/p>\n\n\n\n<p>Quant als Camins d&#8217;Inter\u00e9s Territorial, la inversi\u00f3 ha perm\u00e9s executar el cam\u00ed de Ahillas a La Yesa, amb un pressupost de 693.000 euros, i les connexions Chera\u2013Benag\u00e9ber i Charco Negro\u2013Sinarcas, que han suposat una inversi\u00f3 conjunta de 2,19 milions. Per al pr\u00f2xim bienni 2026\u20132027, la Diputaci\u00f3 preveu nous itineraris rurals com el que unix Higueruelas amb Andilla per la Pobleta, amb una inversi\u00f3 pr\u00f2xima al mili\u00f3 d&#8217;euros, l&#8217;acc\u00e9s al Observatorio de Aras de los Olmos, amb mig mili\u00f3, la xarxa de camins a Alpuente, amb 811.000 euros, i el cam\u00ed que connectar\u00e0 Villar del Arzobispo amb Alcublas, amb una dotaci\u00f3 de 1,5 milions.<\/p>\n\n\n\n<p>Tamb\u00e9 s&#8217;avan\u00e7ar\u00e0 en projectes de mobilitat sostenible, com la via cicle-per als vianants de Dome\u00f1o, actualment en preparaci\u00f3 de licitaci\u00f3 amb un pressupost de 495.000 euros, a m\u00e9s de les subvencions ja concedides a la Senda Verde de Titaguas, amb 389.000 euros, i la via cicle-per als vianants Benag\u00e9ber\u2013Tu\u00e9jar\u2013Titaguas, amb 117.000 euros. Aix\u00ed mateix, l&#8217;\u00e0rea de Carreteres ha col\u00b7laborat amb els ajuntaments en actuacions locals com la construcci\u00f3 del pont sobre el riu T\u00faejar a Calles, amb una subvenci\u00f3 de 299.000 euros, i l&#8217;acc\u00e9s a l&#8217;ermita de Dome\u00f1o Viejo, amb una ajuda de 228.000 euros.<\/p>\n\n\n\n<p>Durant els pr\u00f2xims mesos, la Diputaci\u00f3 preveu finalitzar les obres de la travessia de Villar del Arzobispo en la CV-347, iniciar el refor\u00e7 de ferm en la CV-396 i comen\u00e7ar la construcci\u00f3 del nou pont sobre el T\u00faria al llarg de 2026. A m\u00e9s, s&#8217;avan\u00e7ar\u00e0 en l&#8217;execuci\u00f3 del paquet de camins d&#8217;inter\u00e9s territorial i en la redacci\u00f3 del projecte del cam\u00ed entre Villar del Arzobispo i Alcublas, una actuaci\u00f3 clau per a la connexi\u00f3 transversal de la comarca.<\/p>\n","protected":false},"excerpt":{"rendered":"<div class=\"mh-excerpt\">La diputada de Carreteres, Reme Mazzolari, reunix a Alpuente a alcaldes i alcaldesses de la comarca per a fer balan\u00e7 de les inversions executades o en proc\u00e9s entre els anys 2023 i 2027. La vicepresidenta <a class=\"mh-excerpt-more\" href=\"https:\/\/www.tucomarca.com\/wordpress\/segunda\/ca\/la-diputacio-de-valencia-executa-25-milions-deuros-i-programa-altres-304-per-a-millorar-les-carreteres-de-la-serrania\/\" title=\"La Diputaci\u00f3 de Val\u00e8ncia executa 25 milions d&#8217;euros i programa altres 30,4 per a millorar les carreteres de la Serran\u00eda\">[+] <\/a><\/div>\n","protected":false},"author":12,"featured_media":281710,"comment_status":"open","ping_status":"open","sticky":false,"template":"","format":"standard","meta":{"footnotes":""},"categories":[11045,11044,11043,11042,11041,11040,11036,11035,11046,10898,11034,10948,10894,10903,11025,10947,10896,11026,10897,11027,11028],"tags":[11187,21629,15409,11928,11080,19433],"class_list":{"0":"post-281720","1":"post","2":"type-post","3":"status-publish","4":"format-standard","5":"has-post-thumbnail","7":"category-alcublas-ca","8":"category-alpuente-ca","9":"category-andilla-ca","10":"category-aras-de-olmos-ca","11":"category-benageber-ca","12":"category-bugarra-ca","13":"category-chulilla-ca","14":"category-domeno-ca","15":"category-los-serranos-ca","16":"category-ventana-ca","17":"category-gestalgar-ca","18":"category-infraestructuras-ca","19":"category-la-comarca-ca","20":"category-medio-ambiente-la-comarca-ca","21":"category-pedralba-ca","22":"category-politica","23":"category-seccion-ca","24":"category-sot-de-chera-ca","25":"category-sucesos-la-comarca-ca","26":"category-titaguas-ca","27":"category-tuejar-ca","28":"tag-alpuente-ca","29":"tag-carreteras-de-la-diputacion-ca","30":"tag-dana-2-ca","31":"tag-la-serrania-ca","32":"tag-los-serranos-ca","33":"tag-reme-mazzolari-ca"},"_links":{"self":[{"href":"https:\/\/www.tucomarca.com\/wordpress\/segunda\/ca\/wp-json\/wp\/v2\/posts\/281720","targetHints":{"allow":["GET"]}}],"collection":[{"href":"https:\/\/www.tucomarca.com\/wordpress\/segunda\/ca\/wp-json\/wp\/v2\/posts"}],"about":[{"href":"https:\/\/www.tucomarca.com\/wordpress\/segunda\/ca\/wp-json\/wp\/v2\/types\/post"}],"author":[{"embeddable":true,"href":"https:\/\/www.tucomarca.com\/wordpress\/segunda\/ca\/wp-json\/wp\/v2\/users\/12"}],"replies":[{"embeddable":true,"href":"https:\/\/www.tucomarca.com\/wordpress\/segunda\/ca\/wp-json\/wp\/v2\/comments?post=281720"}],"version-history":[{"count":0,"href":"https:\/\/www.tucomarca.com\/wordpress\/segunda\/ca\/wp-json\/wp\/v2\/posts\/281720\/revisions"}],"wp:featuredmedia":[{"embeddable":true,"href":"https:\/\/www.tucomarca.com\/wordpress\/segunda\/ca\/wp-json\/wp\/v2\/media\/281710"}],"wp:attachment":[{"href":"https:\/\/www.tucomarca.com\/wordpress\/segunda\/ca\/wp-json\/wp\/v2\/media?parent=281720"}],"wp:term":[{"taxonomy":"category","embeddable":true,"href":"https:\/\/www.tucomarca.com\/wordpress\/segunda\/ca\/wp-json\/wp\/v2\/categories?post=281720"},{"taxonomy":"post_tag","embeddable":true,"href":"https:\/\/www.tucomarca.com\/wordpress\/segunda\/ca\/wp-json\/wp\/v2\/tags?post=281720"}],"curies":[{"name":"wp","href":"https:\/\/api.w.org\/{rel}","templated":true}]}}