{"id":281842,"date":"2025-10-08T11:15:00","date_gmt":"2025-10-08T09:15:00","guid":{"rendered":"https:\/\/www.tucomarca.com\/wordpress\/segunda\/?p=281842"},"modified":"2025-10-08T22:05:00","modified_gmt":"2025-10-08T20:05:00","slug":"lajuntament-de-bunyol-condiciona-el-cami-del-planell-per-a-millorar-la-seguretat-i-el-transit-veinal","status":"publish","type":"post","link":"https:\/\/www.tucomarca.com\/wordpress\/segunda\/ca\/lajuntament-de-bunyol-condiciona-el-cami-del-planell-per-a-millorar-la-seguretat-i-el-transit-veinal\/","title":{"rendered":"L&#8217;Ajuntament de Bunyol condiciona el cam\u00ed del Planell per a millorar la seguretat i el tr\u00e0nsit ve\u00efnal"},"content":{"rendered":"\n<p>L&#8217;Ajuntament de Bunyol ha iniciat aquesta setmana els treballs de condicionament i reparaci\u00f3 del cam\u00ed del Planell, una actuaci\u00f3 inclosa dins del pla municipal de millora d&#8217;infraestructures rurals i d&#8217;acc\u00e9s a les zones agr\u00edcoles i residencials del terme.<\/p>\n\n\n\n<p>Els treballs consisteixen en l&#8217;anivellament del ferm i reparaci\u00f3 de despreniments, amb l&#8217;objectiu de millorar la seguretat vi\u00e0ria i facilitar el tr\u00e0nsit de vehicles i vianants que utilitzen habitualment aquesta via.<\/p>\n\n\n\n<p>Des del consistori s&#8217;informa que durant els pr\u00f2xims dies es recomana evitar el pas per la zona, llevat que siga estrictament necessari, amb la finalitat de garantir la seguretat dels usuaris i el correcte desenvolupament de les obres.<\/p>\n\n\n\n<p>L&#8217;Ajuntament ha agra\u00eft la comprensi\u00f3 i col\u00b7laboraci\u00f3 dels ve\u00efns i ve\u00efnes de Bunyol durant l&#8217;execuci\u00f3 d&#8217;aquests treballs, que suposen una millora substancial en la xarxa de camins del municipi i contribueixen al manteniment i desenvolupament de les infraestructures locals.<\/p>\n","protected":false},"excerpt":{"rendered":"<div class=\"mh-excerpt\">L&#8217;Ajuntament de Bunyol ha iniciat aquesta setmana els treballs de condicionament i reparaci\u00f3 del cam\u00ed del Planell, una actuaci\u00f3 inclosa dins del pla municipal de millora d&#8217;infraestructures rurals i d&#8217;acc\u00e9s a les zones agr\u00edcoles i <a class=\"mh-excerpt-more\" href=\"https:\/\/www.tucomarca.com\/wordpress\/segunda\/ca\/lajuntament-de-bunyol-condiciona-el-cami-del-planell-per-a-millorar-la-seguretat-i-el-transit-veinal\/\" title=\"L&#8217;Ajuntament de Bunyol condiciona el cam\u00ed del Planell per a millorar la seguretat i el tr\u00e0nsit ve\u00efnal\">[+] <\/a><\/div>\n","protected":false},"author":12,"featured_media":281841,"comment_status":"open","ping_status":"open","sticky":false,"template":"","format":"standard","meta":{"footnotes":""},"categories":[10911,10948,10894,10912,10903,10947,10896,10897],"tags":[10913,12157,10914,12859],"class_list":{"0":"post-281842","1":"post","2":"type-post","3":"status-publish","4":"format-standard","5":"has-post-thumbnail","7":"category-bunol-ca","8":"category-infraestructuras-ca","9":"category-la-comarca-ca","10":"category-la-hoya-ca","11":"category-medio-ambiente-la-comarca-ca","12":"category-politica","13":"category-seccion-ca","14":"category-sucesos-la-comarca-ca","15":"tag-bunol-ca","16":"tag-el-planell-ca","17":"tag-la-hoya-de-bunol-chiva-ca","18":"tag-obras-ca"},"_links":{"self":[{"href":"https:\/\/www.tucomarca.com\/wordpress\/segunda\/ca\/wp-json\/wp\/v2\/posts\/281842","targetHints":{"allow":["GET"]}}],"collection":[{"href":"https:\/\/www.tucomarca.com\/wordpress\/segunda\/ca\/wp-json\/wp\/v2\/posts"}],"about":[{"href":"https:\/\/www.tucomarca.com\/wordpress\/segunda\/ca\/wp-json\/wp\/v2\/types\/post"}],"author":[{"embeddable":true,"href":"https:\/\/www.tucomarca.com\/wordpress\/segunda\/ca\/wp-json\/wp\/v2\/users\/12"}],"replies":[{"embeddable":true,"href":"https:\/\/www.tucomarca.com\/wordpress\/segunda\/ca\/wp-json\/wp\/v2\/comments?post=281842"}],"version-history":[{"count":0,"href":"https:\/\/www.tucomarca.com\/wordpress\/segunda\/ca\/wp-json\/wp\/v2\/posts\/281842\/revisions"}],"wp:featuredmedia":[{"embeddable":true,"href":"https:\/\/www.tucomarca.com\/wordpress\/segunda\/ca\/wp-json\/wp\/v2\/media\/281841"}],"wp:attachment":[{"href":"https:\/\/www.tucomarca.com\/wordpress\/segunda\/ca\/wp-json\/wp\/v2\/media?parent=281842"}],"wp:term":[{"taxonomy":"category","embeddable":true,"href":"https:\/\/www.tucomarca.com\/wordpress\/segunda\/ca\/wp-json\/wp\/v2\/categories?post=281842"},{"taxonomy":"post_tag","embeddable":true,"href":"https:\/\/www.tucomarca.com\/wordpress\/segunda\/ca\/wp-json\/wp\/v2\/tags?post=281842"}],"curies":[{"name":"wp","href":"https:\/\/api.w.org\/{rel}","templated":true}]}}