{"id":281847,"date":"2025-10-08T10:30:00","date_gmt":"2025-10-08T08:30:00","guid":{"rendered":"https:\/\/www.tucomarca.com\/wordpress\/segunda\/?p=281847"},"modified":"2025-10-08T20:31:18","modified_gmt":"2025-10-08T18:31:18","slug":"la-diputacio-anuncia-el-repartiment-de-460-000-euros-perque-30-municipis-reparen-les-seues-infraestructures-turistiques-danyades-per-la-dana","status":"publish","type":"post","link":"https:\/\/www.tucomarca.com\/wordpress\/segunda\/ca\/la-diputacio-anuncia-el-repartiment-de-460-000-euros-perque-30-municipis-reparen-les-seues-infraestructures-turistiques-danyades-per-la-dana\/","title":{"rendered":"La Diputaci\u00f3 anuncia el repartiment de 460.000 euros perqu\u00e8 30 municipis reparen les seues infraestructures tur\u00edstiques danyades per la DANA \u00a0"},"content":{"rendered":"\n<h3 class=\"wp-block-heading\">L&#8217;\u00e0rea de Turisme que dirigix el diputat Pedro Cuesta resol la convocat\u00f2ria d&#8217;ajudes de concessi\u00f3 directa i de pagament anticipat que serviran perqu\u00e8 estos municipis recuperen la seua activitat tur\u00edstica.<\/h3>\n\n\n\n<p>La Diputaci\u00f3 de Val\u00e8ncia, a trav\u00e9s de l&#8217;\u00e0rea de Turisme que dirigix Pedro Cuesta, ha anunciat el repartiment de la subvenci\u00f3 de 460.000 euros perqu\u00e8 un total de 30 municipis de la prov\u00edncia puguen reparar infraestructures i equipaments tur\u00edstics afectats per la dana del passat 29 d&#8217;octubre.<\/p>\n\n\n\n<p>La corporaci\u00f3 provincial acaba d&#8217;aprovar la resoluci\u00f3 de la convocat\u00f2ria d&#8217;ajudes econ\u00f2miques de concessi\u00f3 directa i pagament anticipat en este \u00e0mbit, que es va publicar el mes de juny passat despr\u00e9s de la valoraci\u00f3 de les sol\u00b7licituds presentades pels municipis.<\/p>\n\n\n\n<p>\u201cEstes ajudes contribu\u00efxen a la recuperaci\u00f3 de l&#8217;activitat tur\u00edstica i la recepci\u00f3 de visitants en poblacions afectades per la dana, un factor important per a la volta a la normalitat per la seua incid\u00e8ncia social i econ\u00f2mica en estes poblacions\u201d, ha explicat el diputat de Turisme, Pedro Cuesta.<\/p>\n\n\n\n<p>Es beneficiaran d&#8217;estes ajudes municipis inclosos tant en el decret del Govern central com en l&#8217;ampliaci\u00f3 de municipis inclosos per la Generalitat Valenciana en el decret auton\u00f2mic, amb l&#8217;objectiu final de contribuir a posar en valor recursos tur\u00edstics locals de car\u00e0cter natural, paisatg\u00edstic i mediambiental afectats per la DANA.<\/p>\n\n\n\n<p>En concret, les 30 localitats benefici\u00e0ries s\u00f3n Chera, Chulilla, Sueca, Titaguas, Barxeta, Benag\u00e9ber, Sot de Chera, Villar del Arzobispo, Aras de los Olmos, Y\u00e1tova, Fuenterrobles, Bugarra, Catarroja, Pedralba, Castielfabib, Real, Gestalgar, Algemes\u00ed, Bu\u00f1ol, Beniparrell, Cullera, Massanassa, Calles, Tavernes de la Valldigna, Camporrobles, Vilamarxant, Tu\u00e9jar, Utiel, Torrent i Chelva. La quantitat que rebr\u00e0 cada municipi va des dels 10.000 fins als 19.500 euros.<\/p>\n\n\n\n<p>En general, els ajuntaments podran destinar esta ajuda als gastos corresponents a senyalitzaci\u00f3 i equipament d&#8217;oficines o punts d&#8217;informaci\u00f3 tur\u00edstica gestionats pel municipi; gastos per subministrament i instal\u00b7laci\u00f3 de senyalitzaci\u00f3 tur\u00edstica dels recursos tur\u00edstics locals; gastos per reposici\u00f3 d&#8217;equipaments per a zones de bany continentals i platges; gastos derivats de la reposici\u00f3 de senyalitzaci\u00f3 de rutes; i honoraris per redacci\u00f3 de projectes i direcci\u00f3 d&#8217;obra.<\/p>\n\n\n\n<p>Els municipis destinataris d&#8217;estes ajudes han sigut seleccionats per comptar amb infraestructures i equipaments tur\u00edstics afectats pel temporal, per\u00f2 tamb\u00e9 s&#8217;ha valorat la seua comunicaci\u00f3 de danys registrats a la corporaci\u00f3 provincial, si la localitat \u00e9s considerada municipi tur\u00edstic, si t\u00e9 activitat tur\u00edstica i el seu \u00edndex poblacional, entre altres aspectes.<\/p>\n","protected":false},"excerpt":{"rendered":"<div class=\"mh-excerpt\">L&#8217;\u00e0rea de Turisme que dirigix el diputat Pedro Cuesta resol la convocat\u00f2ria d&#8217;ajudes de concessi\u00f3 directa i de pagament anticipat que serviran perqu\u00e8 estos municipis recuperen la seua activitat tur\u00edstica. La Diputaci\u00f3 de Val\u00e8ncia, a <a class=\"mh-excerpt-more\" href=\"https:\/\/www.tucomarca.com\/wordpress\/segunda\/ca\/la-diputacio-anuncia-el-repartiment-de-460-000-euros-perque-30-municipis-reparen-les-seues-infraestructures-turistiques-danyades-per-la-dana\/\" title=\"La Diputaci\u00f3 anuncia el repartiment de 460.000 euros perqu\u00e8 30 municipis reparen les seues infraestructures tur\u00edstiques danyades per la DANA \u00a0\">[+] <\/a><\/div>\n","protected":false},"author":12,"featured_media":269183,"comment_status":"open","ping_status":"open","sticky":false,"template":"","format":"standard","meta":{"footnotes":""},"categories":[21466,10898,10948,10894,10904,10903,10947,10896,10897],"tags":[15409,11246,12903],"class_list":{"0":"post-281847","1":"post","2":"type-post","3":"status-publish","4":"format-standard","5":"has-post-thumbnail","7":"category-dana-ca","8":"category-ventana-ca","9":"category-infraestructuras-ca","10":"category-la-comarca-ca","11":"category-sin-categorizar-ca","12":"category-medio-ambiente-la-comarca-ca","13":"category-politica","14":"category-seccion-ca","15":"category-sucesos-la-comarca-ca","16":"tag-dana-2-ca","17":"tag-diputacio-de-valencia-ca","18":"tag-infraestructuras-ca"},"_links":{"self":[{"href":"https:\/\/www.tucomarca.com\/wordpress\/segunda\/ca\/wp-json\/wp\/v2\/posts\/281847","targetHints":{"allow":["GET"]}}],"collection":[{"href":"https:\/\/www.tucomarca.com\/wordpress\/segunda\/ca\/wp-json\/wp\/v2\/posts"}],"about":[{"href":"https:\/\/www.tucomarca.com\/wordpress\/segunda\/ca\/wp-json\/wp\/v2\/types\/post"}],"author":[{"embeddable":true,"href":"https:\/\/www.tucomarca.com\/wordpress\/segunda\/ca\/wp-json\/wp\/v2\/users\/12"}],"replies":[{"embeddable":true,"href":"https:\/\/www.tucomarca.com\/wordpress\/segunda\/ca\/wp-json\/wp\/v2\/comments?post=281847"}],"version-history":[{"count":0,"href":"https:\/\/www.tucomarca.com\/wordpress\/segunda\/ca\/wp-json\/wp\/v2\/posts\/281847\/revisions"}],"wp:featuredmedia":[{"embeddable":true,"href":"https:\/\/www.tucomarca.com\/wordpress\/segunda\/ca\/wp-json\/wp\/v2\/media\/269183"}],"wp:attachment":[{"href":"https:\/\/www.tucomarca.com\/wordpress\/segunda\/ca\/wp-json\/wp\/v2\/media?parent=281847"}],"wp:term":[{"taxonomy":"category","embeddable":true,"href":"https:\/\/www.tucomarca.com\/wordpress\/segunda\/ca\/wp-json\/wp\/v2\/categories?post=281847"},{"taxonomy":"post_tag","embeddable":true,"href":"https:\/\/www.tucomarca.com\/wordpress\/segunda\/ca\/wp-json\/wp\/v2\/tags?post=281847"}],"curies":[{"name":"wp","href":"https:\/\/api.w.org\/{rel}","templated":true}]}}