{"id":281907,"date":"2025-10-10T10:00:00","date_gmt":"2025-10-10T08:00:00","guid":{"rendered":"https:\/\/www.tucomarca.com\/wordpress\/segunda\/?p=281907"},"modified":"2025-10-10T13:12:52","modified_gmt":"2025-10-10T11:12:52","slug":"la-generalitat-suspen-les-activitats-de-les-festes-de-la-hispanitat-programades-en-la-comunitat-valenciana-per-lalerta-de-pluges","status":"publish","type":"post","link":"https:\/\/www.tucomarca.com\/wordpress\/segunda\/ca\/la-generalitat-suspen-les-activitats-de-les-festes-de-la-hispanitat-programades-en-la-comunitat-valenciana-per-lalerta-de-pluges\/","title":{"rendered":"La Generalitat susp\u00e9n les activitats de les Festes de la Hispanitat programades en la Comunitat Valenciana per l&#8217;alerta de pluges"},"content":{"rendered":"\n<h3 class=\"wp-block-heading\">Les activitats seran reprogramades en una nova data.<\/h3>\n\n\n\n<p>La Generalitat ha susp\u00e9s les activitats de les Festes de la Hispanitat programades a Val\u00e8ncia, Castell\u00f3, Alacant i Elx davant el nivell d&#8217;alertes roja i taronja activat per pluges i tempestes en la Comunitat Valenciana.&nbsp;<\/p>\n\n\n\n<p>Seguint les recomanacions que s&#8217;estableixen davant l&#8217;activaci\u00f3 d&#8217;alerta per pluges de nivell roig i taronja i no podent assegurar la celebraci\u00f3 de les festes amb normalitat i sense risc per als assistents per causa de la situaci\u00f3 climatol\u00f2gica, les activitats han quedat suspeses de com\u00fa acord amb els ajuntaments de les ciutats citades. Les activitats es reprogramaran en una nova data.&nbsp;<\/p>\n\n\n\n<p>El Centre de Coordinaci\u00f3 d&#8217;Emerg\u00e8ncies t\u00e9 actualment actives les seg\u00fcents alertes: alerta per pluges nivell roig en el litoral sud d&#8217;Alacant; alerta per pluges nivell taronja a l&#8217;interior sud i tot el litoral de Val\u00e8ncia i litoral nord d&#8217;Alacant; alerta per pluges nivell groc a l&#8217;interior sud i tot el litoral de Castell\u00f3, &nbsp;interior nord de Val\u00e8ncia i interior d&#8217;Alacant; alerta per tempestes nivell groc a l&#8217;interior sud i tot el litoral de Castell\u00f3, tota la prov\u00edncia de Val\u00e8ncia i tota la prov\u00edncia d&#8217;Alacant. L&#8217;hora prevista de comen\u00e7ament de l&#8217;av\u00eds de nivell roig, segons la predicci\u00f3 de l&#8217;Ag\u00e8ncia Estatal de Meteorologia (AEMET), \u00e9s a les 10.00 hores de dem\u00e0 10 d&#8217;octubre.<\/p>\n\n\n\n<p>Les I Festes de la Hispanitat van ser organitzades amb l&#8217;objectiu de reivindicar els lla\u00e7os culturals, hist\u00f2rics i ling\u00fc\u00edstics que uneixen als pobles hispanoparlants, al mateix temps que es promouen els valors de llibertat, conviv\u00e8ncia i respecte a la diversitat que caracteritzen a la societat valenciana.<\/p>\n","protected":false},"excerpt":{"rendered":"<div class=\"mh-excerpt\">Les activitats seran reprogramades en una nova data. La Generalitat ha susp\u00e9s les activitats de les Festes de la Hispanitat programades a Val\u00e8ncia, Castell\u00f3, Alacant i Elx davant el nivell d&#8217;alertes roja i taronja activat <a class=\"mh-excerpt-more\" href=\"https:\/\/www.tucomarca.com\/wordpress\/segunda\/ca\/la-generalitat-suspen-les-activitats-de-les-festes-de-la-hispanitat-programades-en-la-comunitat-valenciana-per-lalerta-de-pluges\/\" title=\"La Generalitat susp\u00e9n les activitats de les Festes de la Hispanitat programades en la Comunitat Valenciana per l&#8217;alerta de pluges\">[+] <\/a><\/div>\n","protected":false},"author":12,"featured_media":171460,"comment_status":"open","ping_status":"open","sticky":false,"template":"","format":"standard","meta":{"footnotes":""},"categories":[11019,21466,10898,10948,10894,10904,10903,11007,10947,10896,10897],"tags":[11199,15856],"class_list":{"0":"post-281907","1":"post","2":"type-post","3":"status-publish","4":"format-standard","5":"has-post-thumbnail","7":"category-agenda-ca","8":"category-dana-ca","9":"category-ventana-ca","10":"category-infraestructuras-ca","11":"category-la-comarca-ca","12":"category-sin-categorizar-ca","13":"category-medio-ambiente-la-comarca-ca","14":"category-ocio-y-cultura-ca","15":"category-politica","16":"category-seccion-ca","17":"category-sucesos-la-comarca-ca","18":"tag-la-comunitat-ca","19":"tag-ocio-y-cultura-ca"},"_links":{"self":[{"href":"https:\/\/www.tucomarca.com\/wordpress\/segunda\/ca\/wp-json\/wp\/v2\/posts\/281907","targetHints":{"allow":["GET"]}}],"collection":[{"href":"https:\/\/www.tucomarca.com\/wordpress\/segunda\/ca\/wp-json\/wp\/v2\/posts"}],"about":[{"href":"https:\/\/www.tucomarca.com\/wordpress\/segunda\/ca\/wp-json\/wp\/v2\/types\/post"}],"author":[{"embeddable":true,"href":"https:\/\/www.tucomarca.com\/wordpress\/segunda\/ca\/wp-json\/wp\/v2\/users\/12"}],"replies":[{"embeddable":true,"href":"https:\/\/www.tucomarca.com\/wordpress\/segunda\/ca\/wp-json\/wp\/v2\/comments?post=281907"}],"version-history":[{"count":0,"href":"https:\/\/www.tucomarca.com\/wordpress\/segunda\/ca\/wp-json\/wp\/v2\/posts\/281907\/revisions"}],"wp:featuredmedia":[{"embeddable":true,"href":"https:\/\/www.tucomarca.com\/wordpress\/segunda\/ca\/wp-json\/wp\/v2\/media\/171460"}],"wp:attachment":[{"href":"https:\/\/www.tucomarca.com\/wordpress\/segunda\/ca\/wp-json\/wp\/v2\/media?parent=281907"}],"wp:term":[{"taxonomy":"category","embeddable":true,"href":"https:\/\/www.tucomarca.com\/wordpress\/segunda\/ca\/wp-json\/wp\/v2\/categories?post=281907"},{"taxonomy":"post_tag","embeddable":true,"href":"https:\/\/www.tucomarca.com\/wordpress\/segunda\/ca\/wp-json\/wp\/v2\/tags?post=281907"}],"curies":[{"name":"wp","href":"https:\/\/api.w.org\/{rel}","templated":true}]}}