{"id":282170,"date":"2025-10-13T12:00:00","date_gmt":"2025-10-13T10:00:00","guid":{"rendered":"https:\/\/www.tucomarca.com\/wordpress\/segunda\/?p=282170"},"modified":"2025-10-13T15:39:58","modified_gmt":"2025-10-13T13:39:58","slug":"fotogaleria-los-alcaldes-y-alcaldesas-de-la-dana-son-recibidos-por-la-casa-real-en-el-dia-de-la-fiesta-nacional","status":"publish","type":"post","link":"https:\/\/www.tucomarca.com\/wordpress\/segunda\/ca\/fotogaleria-los-alcaldes-y-alcaldesas-de-la-dana-son-recibidos-por-la-casa-real-en-el-dia-de-la-fiesta-nacional\/","title":{"rendered":"Fotogaler\u00eda: els alcaldes i alcaldesses dels pobles afectats per la DANA s\u00f3n rebuts per la Casa Reial en el dia de la Festa Nacional"},"content":{"rendered":"\n<p>Els alcaldes i alcaldesses dels municipis afectats per la DANA del passat 29 d&#8217;octubre han sigut rebuts aquest 12 d&#8217;octubre per la Casa Reial amb motiu del Dia de la Festa Nacional, en un gest de reconeixement a la seua labor durant i despr\u00e9s de la cat\u00e0strofe que va assolar bona part de la prov\u00edncia de Val\u00e8ncia.<\/p>\n\n\n\n<p>Durant la trobada, celebrat en el Palau Real de Madrid, Ses Majestats els Reis van traslladar el seu suport i solidaritat als representants municipals, destacant la fortalesa i l&#8217;esperit de cooperaci\u00f3 que van mostrar les localitats afectades en els moments m\u00e9s dif\u00edcils.<\/p>\n\n\n\n<p>Entre els assistents estaven diversos representants de la comarca de La Foia de Bunyol-Xiva, com <strong>Virginia Sanz<\/strong>, alcaldessa de Bunyol; <strong>Jos\u00e9 Morell<\/strong>, alcalde de Xest; <strong>Teresa Hern\u00e1nde<\/strong>z, alcaldessa de Setaig\u00fces; <strong>Jes\u00fas Hig\u00f3n<\/strong>, alcalde d&#8217;Alboraig; <strong>Amparo Pardo<\/strong>, alcaldessa de Godelleta; i <strong>Juan<\/strong> <strong>Antonio D\u00edaz<\/strong>, alcalde de Dos Aguas.<\/p>\n\n\n\n<p>Tamb\u00e9 de Camp de T\u00faria, La Ribera Alta i La Ribera Baixa han acudit l&#8217;alcalde de Riba-roja, <strong>Robert Raga<\/strong>; el de Vilamarxant, <strong>H\u00e9ctor Troyano<\/strong>; l&#8217;alcaldessa de Carlet, <strong>Laura S\u00e1ez<\/strong>; l&#8217;alcalde d&#8217;Algemes\u00ed, <strong>Jos\u00e9 Javier Sanchis<\/strong>; de Guadassuar, <strong>Vicent Estruch<\/strong>; d&#8217;Alginet, <strong>Elia Ferrer<\/strong>; Sueca, <strong>Juli\u00e1n S\u00e1ez<\/strong>; de Montserrat, <strong>Sergio Vilar<\/strong>; i de Catadau, <strong>Jos\u00e9 Escuder<\/strong>; entre altres responsables dels municipis afectats.<\/p>\n\n\n\n<p>Les alcaldesasa i alcaldes han estat acompanyats pel president de la Diputaci\u00f3 de Val\u00e8ncia, <strong>Vicente Momp\u00f3<\/strong>; mentre que l&#8217;alcalde d&#8217;Utiel,<strong> Ricardo Gabald\u00f3n<\/strong>, no va poder acudir pel fet que la seua localitat acollia aquesta jornada la celebraci\u00f3 del dia de la patrona de la Gu\u00e0rdia Civil de la prov\u00edncia de Val\u00e8ncia. Tamb\u00e9 l&#8217;alcalde de Cullera, <strong>Jordi Mayor<\/strong>, va haver de suspendre el seu viatge a poques hores de la recepci\u00f3 a causa de les alertes per pluges de les \u00faltimes hores.<\/p>\n\n\n\n<p>Els primers edils van aprofitar l&#8217;ocasi\u00f3 per a agrair l&#8217;inter\u00e9s de la Corona i recordar la import\u00e0ncia que les administracions continuen col\u00b7laborant en la recuperaci\u00f3 d&#8217;infraestructures i habitatges, aix\u00ed com en l&#8217;atenci\u00f3 a les fam\u00edlies i empreses damnificades.<\/p>\n\n\n\n<p>La recepci\u00f3 va coincidir amb la celebraci\u00f3 dels actes oficials del 12 d&#8217;octubre, en els quals els alcaldes i alcaldesses van participar al costat d&#8217;altres autoritats nacionals i auton\u00f2miques, representant la resili\u00e8ncia dels municipis valencians que encara hui treballen per tornar a la normalitat despr\u00e9s de la DANA.<\/p>\n\n\n\n<figure class=\"wp-block-gallery has-nested-images columns-1 is-cropped wp-block-gallery-1 is-layout-flex wp-block-gallery-is-layout-flex\">\n<figure class=\"wp-block-image size-large\"><img loading=\"lazy\" decoding=\"async\" width=\"1024\" height=\"473\" data-id=\"282241\" src=\"https:\/\/www.tucomarca.com\/wordpress\/segunda\/wp-content\/uploads\/2025\/10\/AlcaldeDosAguasReyes-1024x473.jpg\" alt=\"\" class=\"wp-image-282241\" srcset=\"https:\/\/www.tucomarca.com\/wordpress\/segunda\/wp-content\/uploads\/2025\/10\/AlcaldeDosAguasReyes-1024x473.jpg 1024w, https:\/\/www.tucomarca.com\/wordpress\/segunda\/wp-content\/uploads\/2025\/10\/AlcaldeDosAguasReyes-300x139.jpg 300w, https:\/\/www.tucomarca.com\/wordpress\/segunda\/wp-content\/uploads\/2025\/10\/AlcaldeDosAguasReyes-768x355.jpg 768w, https:\/\/www.tucomarca.com\/wordpress\/segunda\/wp-content\/uploads\/2025\/10\/AlcaldeDosAguasReyes-1536x709.jpg 1536w, https:\/\/www.tucomarca.com\/wordpress\/segunda\/wp-content\/uploads\/2025\/10\/AlcaldeDosAguasReyes.jpg 1600w\" sizes=\"auto, (max-width: 1024px) 100vw, 1024px\" \/><\/figure>\n\n\n\n<figure class=\"wp-block-image size-large\"><img loading=\"lazy\" decoding=\"async\" width=\"1024\" height=\"615\" data-id=\"282165\" src=\"https:\/\/www.tucomarca.com\/wordpress\/segunda\/wp-content\/uploads\/2025\/10\/AlcaldesDana09-1024x615.jpg\" alt=\"\" class=\"wp-image-282165\" srcset=\"https:\/\/www.tucomarca.com\/wordpress\/segunda\/wp-content\/uploads\/2025\/10\/AlcaldesDana09-1024x615.jpg 1024w, https:\/\/www.tucomarca.com\/wordpress\/segunda\/wp-content\/uploads\/2025\/10\/AlcaldesDana09-300x180.jpg 300w, https:\/\/www.tucomarca.com\/wordpress\/segunda\/wp-content\/uploads\/2025\/10\/AlcaldesDana09-768x461.jpg 768w, https:\/\/www.tucomarca.com\/wordpress\/segunda\/wp-content\/uploads\/2025\/10\/AlcaldesDana09.jpg 1181w\" sizes=\"auto, (max-width: 1024px) 100vw, 1024px\" \/><\/figure>\n\n\n\n<figure class=\"wp-block-image size-large\"><img loading=\"lazy\" decoding=\"async\" width=\"1024\" height=\"707\" data-id=\"282163\" src=\"https:\/\/www.tucomarca.com\/wordpress\/segunda\/wp-content\/uploads\/2025\/10\/AlcaldesDana08-1024x707.jpg\" alt=\"\" class=\"wp-image-282163\" srcset=\"https:\/\/www.tucomarca.com\/wordpress\/segunda\/wp-content\/uploads\/2025\/10\/AlcaldesDana08-1024x707.jpg 1024w, https:\/\/www.tucomarca.com\/wordpress\/segunda\/wp-content\/uploads\/2025\/10\/AlcaldesDana08-300x207.jpg 300w, https:\/\/www.tucomarca.com\/wordpress\/segunda\/wp-content\/uploads\/2025\/10\/AlcaldesDana08-768x530.jpg 768w, https:\/\/www.tucomarca.com\/wordpress\/segunda\/wp-content\/uploads\/2025\/10\/AlcaldesDana08.jpg 1181w\" sizes=\"auto, (max-width: 1024px) 100vw, 1024px\" \/><\/figure>\n\n\n\n<figure class=\"wp-block-image size-large\"><img loading=\"lazy\" decoding=\"async\" width=\"1024\" height=\"768\" data-id=\"282149\" src=\"https:\/\/www.tucomarca.com\/wordpress\/segunda\/wp-content\/uploads\/2025\/10\/AlcaldesDana01-1024x768.jpg\" alt=\"\" class=\"wp-image-282149\" srcset=\"https:\/\/www.tucomarca.com\/wordpress\/segunda\/wp-content\/uploads\/2025\/10\/AlcaldesDana01-1024x768.jpg 1024w, https:\/\/www.tucomarca.com\/wordpress\/segunda\/wp-content\/uploads\/2025\/10\/AlcaldesDana01-300x225.jpg 300w, https:\/\/www.tucomarca.com\/wordpress\/segunda\/wp-content\/uploads\/2025\/10\/AlcaldesDana01-768x576.jpg 768w, https:\/\/www.tucomarca.com\/wordpress\/segunda\/wp-content\/uploads\/2025\/10\/AlcaldesDana01-678x509.jpg 678w, https:\/\/www.tucomarca.com\/wordpress\/segunda\/wp-content\/uploads\/2025\/10\/AlcaldesDana01-326x245.jpg 326w, https:\/\/www.tucomarca.com\/wordpress\/segunda\/wp-content\/uploads\/2025\/10\/AlcaldesDana01-80x60.jpg 80w, https:\/\/www.tucomarca.com\/wordpress\/segunda\/wp-content\/uploads\/2025\/10\/AlcaldesDana01.jpg 1181w\" sizes=\"auto, (max-width: 1024px) 100vw, 1024px\" \/><\/figure>\n\n\n\n<figure class=\"wp-block-image size-large\"><img loading=\"lazy\" decoding=\"async\" width=\"1024\" height=\"960\" data-id=\"282155\" src=\"https:\/\/www.tucomarca.com\/wordpress\/segunda\/wp-content\/uploads\/2025\/10\/AlcaldesDana04-1024x960.jpg\" alt=\"\" class=\"wp-image-282155\" srcset=\"https:\/\/www.tucomarca.com\/wordpress\/segunda\/wp-content\/uploads\/2025\/10\/AlcaldesDana04-1024x960.jpg 1024w, https:\/\/www.tucomarca.com\/wordpress\/segunda\/wp-content\/uploads\/2025\/10\/AlcaldesDana04-300x281.jpg 300w, https:\/\/www.tucomarca.com\/wordpress\/segunda\/wp-content\/uploads\/2025\/10\/AlcaldesDana04-768x720.jpg 768w, https:\/\/www.tucomarca.com\/wordpress\/segunda\/wp-content\/uploads\/2025\/10\/AlcaldesDana04.jpg 1440w\" sizes=\"auto, (max-width: 1024px) 100vw, 1024px\" \/><\/figure>\n\n\n\n<figure class=\"wp-block-image size-large\"><img loading=\"lazy\" decoding=\"async\" width=\"936\" height=\"1024\" data-id=\"282153\" src=\"https:\/\/www.tucomarca.com\/wordpress\/segunda\/wp-content\/uploads\/2025\/10\/AlcaldesDana03-936x1024.jpg\" alt=\"\" class=\"wp-image-282153\" srcset=\"https:\/\/www.tucomarca.com\/wordpress\/segunda\/wp-content\/uploads\/2025\/10\/AlcaldesDana03-936x1024.jpg 936w, https:\/\/www.tucomarca.com\/wordpress\/segunda\/wp-content\/uploads\/2025\/10\/AlcaldesDana03-274x300.jpg 274w, https:\/\/www.tucomarca.com\/wordpress\/segunda\/wp-content\/uploads\/2025\/10\/AlcaldesDana03-768x840.jpg 768w, https:\/\/www.tucomarca.com\/wordpress\/segunda\/wp-content\/uploads\/2025\/10\/AlcaldesDana03.jpg 1078w\" sizes=\"auto, (max-width: 936px) 100vw, 936px\" \/><\/figure>\n\n\n\n<figure class=\"wp-block-image size-large\"><img loading=\"lazy\" decoding=\"async\" width=\"1024\" height=\"768\" data-id=\"282151\" src=\"https:\/\/www.tucomarca.com\/wordpress\/segunda\/wp-content\/uploads\/2025\/10\/AlcaldesDana02-1024x768.jpg\" alt=\"\" class=\"wp-image-282151\" srcset=\"https:\/\/www.tucomarca.com\/wordpress\/segunda\/wp-content\/uploads\/2025\/10\/AlcaldesDana02-1024x768.jpg 1024w, https:\/\/www.tucomarca.com\/wordpress\/segunda\/wp-content\/uploads\/2025\/10\/AlcaldesDana02-300x225.jpg 300w, https:\/\/www.tucomarca.com\/wordpress\/segunda\/wp-content\/uploads\/2025\/10\/AlcaldesDana02-768x576.jpg 768w, https:\/\/www.tucomarca.com\/wordpress\/segunda\/wp-content\/uploads\/2025\/10\/AlcaldesDana02-678x509.jpg 678w, https:\/\/www.tucomarca.com\/wordpress\/segunda\/wp-content\/uploads\/2025\/10\/AlcaldesDana02-326x245.jpg 326w, https:\/\/www.tucomarca.com\/wordpress\/segunda\/wp-content\/uploads\/2025\/10\/AlcaldesDana02-80x60.jpg 80w, https:\/\/www.tucomarca.com\/wordpress\/segunda\/wp-content\/uploads\/2025\/10\/AlcaldesDana02.jpg 1181w\" sizes=\"auto, (max-width: 1024px) 100vw, 1024px\" \/><\/figure>\n\n\n\n<figure class=\"wp-block-image size-large\"><img loading=\"lazy\" decoding=\"async\" width=\"1024\" height=\"794\" data-id=\"282161\" src=\"https:\/\/www.tucomarca.com\/wordpress\/segunda\/wp-content\/uploads\/2025\/10\/AlcaldesDana07-1024x794.jpg\" alt=\"\" class=\"wp-image-282161\" srcset=\"https:\/\/www.tucomarca.com\/wordpress\/segunda\/wp-content\/uploads\/2025\/10\/AlcaldesDana07-1024x794.jpg 1024w, https:\/\/www.tucomarca.com\/wordpress\/segunda\/wp-content\/uploads\/2025\/10\/AlcaldesDana07-300x233.jpg 300w, https:\/\/www.tucomarca.com\/wordpress\/segunda\/wp-content\/uploads\/2025\/10\/AlcaldesDana07-768x596.jpg 768w, https:\/\/www.tucomarca.com\/wordpress\/segunda\/wp-content\/uploads\/2025\/10\/AlcaldesDana07.jpg 1181w\" sizes=\"auto, (max-width: 1024px) 100vw, 1024px\" \/><\/figure>\n\n\n\n<figure class=\"wp-block-image size-large\"><img loading=\"lazy\" decoding=\"async\" width=\"971\" height=\"697\" data-id=\"282159\" src=\"https:\/\/www.tucomarca.com\/wordpress\/segunda\/wp-content\/uploads\/2025\/10\/AlcaldesDana06.jpg\" alt=\"\" class=\"wp-image-282159\" srcset=\"https:\/\/www.tucomarca.com\/wordpress\/segunda\/wp-content\/uploads\/2025\/10\/AlcaldesDana06.jpg 971w, https:\/\/www.tucomarca.com\/wordpress\/segunda\/wp-content\/uploads\/2025\/10\/AlcaldesDana06-300x215.jpg 300w, https:\/\/www.tucomarca.com\/wordpress\/segunda\/wp-content\/uploads\/2025\/10\/AlcaldesDana06-768x551.jpg 768w\" sizes=\"auto, (max-width: 971px) 100vw, 971px\" \/><\/figure>\n\n\n\n<figure class=\"wp-block-image size-large\"><img loading=\"lazy\" decoding=\"async\" width=\"1024\" height=\"735\" data-id=\"282157\" src=\"https:\/\/www.tucomarca.com\/wordpress\/segunda\/wp-content\/uploads\/2025\/10\/AlcaldesDana05-1024x735.jpg\" alt=\"\" class=\"wp-image-282157\" srcset=\"https:\/\/www.tucomarca.com\/wordpress\/segunda\/wp-content\/uploads\/2025\/10\/AlcaldesDana05-1024x735.jpg 1024w, https:\/\/www.tucomarca.com\/wordpress\/segunda\/wp-content\/uploads\/2025\/10\/AlcaldesDana05-300x215.jpg 300w, https:\/\/www.tucomarca.com\/wordpress\/segunda\/wp-content\/uploads\/2025\/10\/AlcaldesDana05-768x551.jpg 768w, https:\/\/www.tucomarca.com\/wordpress\/segunda\/wp-content\/uploads\/2025\/10\/AlcaldesDana05.jpg 1440w\" sizes=\"auto, (max-width: 1024px) 100vw, 1024px\" \/><\/figure>\n<\/figure>\n","protected":false},"excerpt":{"rendered":"<div class=\"mh-excerpt\">Els alcaldes i alcaldesses dels municipis afectats per la DANA del passat 29 d&#8217;octubre han sigut rebuts aquest 12 d&#8217;octubre per la Casa Reial amb motiu del Dia de la Festa Nacional, en un gest <a class=\"mh-excerpt-more\" href=\"https:\/\/www.tucomarca.com\/wordpress\/segunda\/ca\/fotogaleria-los-alcaldes-y-alcaldesas-de-la-dana-son-recibidos-por-la-casa-real-en-el-dia-de-la-fiesta-nacional\/\" title=\"Fotogaler\u00eda: els alcaldes i alcaldesses dels pobles afectats per la DANA s\u00f3n rebuts per la Casa Reial en el dia de la Festa Nacional\">[+] <\/a><\/div>\n","protected":false},"author":12,"featured_media":282149,"comment_status":"open","ping_status":"open","sticky":false,"template":"","format":"gallery","meta":{"footnotes":""},"categories":[10892,21466,10898,10948,10894,10904,10912,10902,10903,10947,10909,10896,10897],"tags":[10899,10914,11077,10910],"class_list":{"0":"post-282170","1":"post","2":"type-post","3":"status-publish","4":"format-gallery","5":"has-post-thumbnail","7":"category-camp-de-turia-ca","8":"category-dana-ca","9":"category-ventana-ca","10":"category-infraestructuras-ca","11":"category-la-comarca-ca","12":"category-sin-categorizar-ca","13":"category-la-hoya-ca","14":"category-la-ribera-ca","15":"category-medio-ambiente-la-comarca-ca","16":"category-politica","17":"category-requena-utiel-ca","18":"category-seccion-ca","19":"category-sucesos-la-comarca-ca","20":"tag-camp-de-turia-ca","21":"tag-la-hoya-de-bunol-chiva-ca","22":"tag-la-ribera-alta-ca","23":"tag-requena-utiel-ca","24":"post_format-post-format-gallery"},"_links":{"self":[{"href":"https:\/\/www.tucomarca.com\/wordpress\/segunda\/ca\/wp-json\/wp\/v2\/posts\/282170","targetHints":{"allow":["GET"]}}],"collection":[{"href":"https:\/\/www.tucomarca.com\/wordpress\/segunda\/ca\/wp-json\/wp\/v2\/posts"}],"about":[{"href":"https:\/\/www.tucomarca.com\/wordpress\/segunda\/ca\/wp-json\/wp\/v2\/types\/post"}],"author":[{"embeddable":true,"href":"https:\/\/www.tucomarca.com\/wordpress\/segunda\/ca\/wp-json\/wp\/v2\/users\/12"}],"replies":[{"embeddable":true,"href":"https:\/\/www.tucomarca.com\/wordpress\/segunda\/ca\/wp-json\/wp\/v2\/comments?post=282170"}],"version-history":[{"count":0,"href":"https:\/\/www.tucomarca.com\/wordpress\/segunda\/ca\/wp-json\/wp\/v2\/posts\/282170\/revisions"}],"wp:featuredmedia":[{"embeddable":true,"href":"https:\/\/www.tucomarca.com\/wordpress\/segunda\/ca\/wp-json\/wp\/v2\/media\/282149"}],"wp:attachment":[{"href":"https:\/\/www.tucomarca.com\/wordpress\/segunda\/ca\/wp-json\/wp\/v2\/media?parent=282170"}],"wp:term":[{"taxonomy":"category","embeddable":true,"href":"https:\/\/www.tucomarca.com\/wordpress\/segunda\/ca\/wp-json\/wp\/v2\/categories?post=282170"},{"taxonomy":"post_tag","embeddable":true,"href":"https:\/\/www.tucomarca.com\/wordpress\/segunda\/ca\/wp-json\/wp\/v2\/tags?post=282170"}],"curies":[{"name":"wp","href":"https:\/\/api.w.org\/{rel}","templated":true}]}}