{"id":282419,"date":"2025-10-13T09:15:00","date_gmt":"2025-10-13T07:15:00","guid":{"rendered":"https:\/\/www.tucomarca.com\/wordpress\/segunda\/?p=282419"},"modified":"2025-10-13T22:48:08","modified_gmt":"2025-10-13T20:48:08","slug":"el-cd-bunyol-aconsegueix-un-empat-sense-gols-amb-un-dificil-cf-la-nucia-que-el-mante-en-els-llocs-de-cap-en-tercera","status":"publish","type":"post","link":"https:\/\/www.tucomarca.com\/wordpress\/segunda\/ca\/el-cd-bunyol-aconsegueix-un-empat-sense-gols-amb-un-dificil-cf-la-nucia-que-el-mante-en-els-llocs-de-cap-en-tercera\/","title":{"rendered":"El CD Bunyol aconsegueix un empat sense gols contra un dif\u00edcil CF La Nucia que el mant\u00e9 en els llocs de cap en Tercera"},"content":{"rendered":"\n<p>El CD Bunyol ha sumat un nou punt en el partit disputat aquest diumenge en el Beltr\u00e1n B\u00e1guena on ha empatat amb un dif\u00edcil i corretj\u00f3s CF La Nucia en la trobada corresponent a la sisena jornada de Lliga de la Tercera RFEF.<\/p>\n\n\n\n<p>El partit, disputat aquest diumenge a les 18,00 hores, va ser igualat des de l&#8217;inici, amb ocasions per a tots dos equips i amb un ritme intens que va mantindre l&#8217;emoci\u00f3 fins al final. Com el mateix president del CD Bunyol, Nicol\u00e1s Galarza, ha reconegut, potser aquest ha sigut el rival m\u00e9s fort i dif\u00edcil contra el qual s&#8217;ha enfrontat fins ara l&#8217;equip.<\/p>\n\n\n\n<p>Amb aquest positiu resultat, el conjunt bu\u00f1olense continua mostrant solidesa a casa i suma un valu\u00f3s punt m\u00e9s (i ja s\u00f3n 11) en la seua lluita per mantindre&#8217;s en el quart lloc de la classificaci\u00f3 que actualment ocupa, a cinc del l\u00edder, un lloc d&#8217;honor que en data de hui ocupa el Atl\u00e9tic Club Torrellano.<\/p>\n\n\n\n<p>Despr\u00e9s d&#8217;aquest conjunt, el caseller est\u00e0 ocupat, en segon lloc pel Vila-real CF &#8220;C&#8221; (amb 13 punts); l&#8217;Atl\u00e8tic Sagunt\u00ed (amb 12 punts), en tercera posici\u00f3.<\/p>\n\n\n\n<p>Alineaci\u00f3 del CD Bunyol: Pablo Coronado, Adri\u00e1n, Bayarri, Andr\u00e9s, Pastor, Albert, Jon\u00e1s, Lluch, Miguel Borja, Marcos, Peris.<\/p>\n\n\n\n<p>SUuplents: Guille, Miguel M., Mauro, Kim, Emil, Duco, Toni, Pablo A., V\u00edctor<\/p>\n\n\n\n<figure class=\"wp-block-gallery has-nested-images columns-1 is-cropped wp-block-gallery-1 is-layout-flex wp-block-gallery-is-layout-flex\">\n<figure class=\"wp-block-image size-large\"><img loading=\"lazy\" decoding=\"async\" width=\"612\" height=\"1024\" data-id=\"282409\" src=\"https:\/\/www.tucomarca.com\/wordpress\/segunda\/wp-content\/uploads\/2025\/10\/CDBunol_Tabla-612x1024.jpg\" alt=\"\" class=\"wp-image-282409\" srcset=\"https:\/\/www.tucomarca.com\/wordpress\/segunda\/wp-content\/uploads\/2025\/10\/CDBunol_Tabla-612x1024.jpg 612w, https:\/\/www.tucomarca.com\/wordpress\/segunda\/wp-content\/uploads\/2025\/10\/CDBunol_Tabla-179x300.jpg 179w, https:\/\/www.tucomarca.com\/wordpress\/segunda\/wp-content\/uploads\/2025\/10\/CDBunol_Tabla-768x1285.jpg 768w, https:\/\/www.tucomarca.com\/wordpress\/segunda\/wp-content\/uploads\/2025\/10\/CDBunol_Tabla-918x1536.jpg 918w, https:\/\/www.tucomarca.com\/wordpress\/segunda\/wp-content\/uploads\/2025\/10\/CDBunol_Tabla.jpg 956w\" sizes=\"auto, (max-width: 612px) 100vw, 612px\" \/><\/figure>\n<\/figure>\n","protected":false},"excerpt":{"rendered":"<div class=\"mh-excerpt\">El CD Bunyol ha sumat un nou punt en el partit disputat aquest diumenge en el Beltr\u00e1n B\u00e1guena on ha empatat amb un dif\u00edcil i corretj\u00f3s CF La Nucia en la trobada corresponent a la <a class=\"mh-excerpt-more\" href=\"https:\/\/www.tucomarca.com\/wordpress\/segunda\/ca\/el-cd-bunyol-aconsegueix-un-empat-sense-gols-amb-un-dificil-cf-la-nucia-que-el-mante-en-els-llocs-de-cap-en-tercera\/\" title=\"El CD Bunyol aconsegueix un empat sense gols contra un dif\u00edcil CF La Nucia que el mant\u00e9 en els llocs de cap en Tercera\">[+] <\/a><\/div>\n","protected":false},"author":12,"featured_media":282414,"comment_status":"open","ping_status":"open","sticky":false,"template":"","format":"standard","meta":{"footnotes":""},"categories":[10911,11015,11003,10894,10912,10896],"tags":[10913,11126,10914],"class_list":{"0":"post-282419","1":"post","2":"type-post","3":"status-publish","4":"format-standard","5":"has-post-thumbnail","7":"category-bunol-ca","8":"category-canal-futbol","9":"category-sports","10":"category-la-comarca-ca","11":"category-la-hoya-ca","12":"category-seccion-ca","13":"tag-bunol-ca","14":"tag-cd-bunol-ca","15":"tag-la-hoya-de-bunol-chiva-ca"},"_links":{"self":[{"href":"https:\/\/www.tucomarca.com\/wordpress\/segunda\/ca\/wp-json\/wp\/v2\/posts\/282419","targetHints":{"allow":["GET"]}}],"collection":[{"href":"https:\/\/www.tucomarca.com\/wordpress\/segunda\/ca\/wp-json\/wp\/v2\/posts"}],"about":[{"href":"https:\/\/www.tucomarca.com\/wordpress\/segunda\/ca\/wp-json\/wp\/v2\/types\/post"}],"author":[{"embeddable":true,"href":"https:\/\/www.tucomarca.com\/wordpress\/segunda\/ca\/wp-json\/wp\/v2\/users\/12"}],"replies":[{"embeddable":true,"href":"https:\/\/www.tucomarca.com\/wordpress\/segunda\/ca\/wp-json\/wp\/v2\/comments?post=282419"}],"version-history":[{"count":0,"href":"https:\/\/www.tucomarca.com\/wordpress\/segunda\/ca\/wp-json\/wp\/v2\/posts\/282419\/revisions"}],"wp:featuredmedia":[{"embeddable":true,"href":"https:\/\/www.tucomarca.com\/wordpress\/segunda\/ca\/wp-json\/wp\/v2\/media\/282414"}],"wp:attachment":[{"href":"https:\/\/www.tucomarca.com\/wordpress\/segunda\/ca\/wp-json\/wp\/v2\/media?parent=282419"}],"wp:term":[{"taxonomy":"category","embeddable":true,"href":"https:\/\/www.tucomarca.com\/wordpress\/segunda\/ca\/wp-json\/wp\/v2\/categories?post=282419"},{"taxonomy":"post_tag","embeddable":true,"href":"https:\/\/www.tucomarca.com\/wordpress\/segunda\/ca\/wp-json\/wp\/v2\/tags?post=282419"}],"curies":[{"name":"wp","href":"https:\/\/api.w.org\/{rel}","templated":true}]}}