{"id":282440,"date":"2025-10-14T10:00:00","date_gmt":"2025-10-14T08:00:00","guid":{"rendered":"https:\/\/www.tucomarca.com\/wordpress\/segunda\/?p=282440"},"modified":"2025-10-14T19:59:07","modified_gmt":"2025-10-14T17:59:07","slug":"la-mostra-de-teatre-no-professional-de-xest-oferira-10-representacions-en-la-seua-28a-edicio","status":"publish","type":"post","link":"https:\/\/www.tucomarca.com\/wordpress\/segunda\/ca\/la-mostra-de-teatre-no-professional-de-xest-oferira-10-representacions-en-la-seua-28a-edicio\/","title":{"rendered":"La Mostra de teatre no professional de Xest oferir\u00e0 10 representacions en la seua 28a edici\u00f3"},"content":{"rendered":"\n<p>El pr\u00f2xim 19 d&#8217;octubre, diumenge, s&#8217;inaugurar\u00e0 la 28a edici\u00f3 de la Mostra de teatre no professional de Xest amb l&#8217;espectacle \u201cCol\u00b7lecci\u00f3 Privada\u201d de la companyia Marco Vargas &amp; Chlo\u00e9 Br\u00fbl\u00e9, una proposta que fusiona el flamenc amb la dansa contempor\u00e0nia de la m\u00e0 d&#8217;aquest duo guanyador de reconeguts premis del panorama nacional i internacional. A trav\u00e9s de les coreografies, el vestuari i el ritme, els artistes convidaran al p\u00fablic a acompanyar-los en un recorregut per les obres del seu repertori en el qual compartiran una mirada comuna sobre el llenguatge de la dansa i el flamenc.<\/p>\n\n\n<div class=\"wp-block-image\">\n<figure class=\"alignleft size-large is-resized\"><img loading=\"lazy\" decoding=\"async\" width=\"724\" height=\"1024\" src=\"http:\/\/www.tucomarca.com\/wordpress\/segunda\/wp-content\/uploads\/2025\/10\/ChesteAperturaMuestra-724x1024.jpg\" alt=\"\" class=\"wp-image-282437\" style=\"width:289px;height:auto\" srcset=\"https:\/\/www.tucomarca.com\/wordpress\/segunda\/wp-content\/uploads\/2025\/10\/ChesteAperturaMuestra-724x1024.jpg 724w, https:\/\/www.tucomarca.com\/wordpress\/segunda\/wp-content\/uploads\/2025\/10\/ChesteAperturaMuestra-212x300.jpg 212w, https:\/\/www.tucomarca.com\/wordpress\/segunda\/wp-content\/uploads\/2025\/10\/ChesteAperturaMuestra-768x1086.jpg 768w, https:\/\/www.tucomarca.com\/wordpress\/segunda\/wp-content\/uploads\/2025\/10\/ChesteAperturaMuestra.jpg 886w\" sizes=\"auto, (max-width: 724px) 100vw, 724px\" \/><\/figure>\n<\/div>\n\n\n<p>En aquesta nova edici\u00f3 de la Mostra, organitzada per la Regidoria de Cultura, la companyia local Far\u00e0ndula teatre, amb motiu del seu 25 aniversari, teatralitzar\u00e0 la presentaci\u00f3 de totes les obres representades i de la gala final de lliurament de premis. A m\u00e9s, l&#8217;agrupaci\u00f3 teatral participar\u00e0 fora de concurs amb el muntatge Una hora per a mi, el 30 de novembre, i estrenar\u00e0 el projecte Hi ha un teatre en tu, que es representar\u00e0 en un recorregut pel teatre Liceu amb passades redu\u00efdes, el 13 i el 14 de desembre. Tamb\u00e9 fora de concurs, el 8 de novembre es representar\u00e0 a Xest l&#8217;obra Totes nosaltres, de la companyia Dansa Gineceo A. C., amb una posada en escena en clau feminista que posar\u00e0 l&#8217;accent en els cicles que es repeteixen en les dones en relaci\u00f3 amb les seues fam\u00edlies i les seues individualitats, durant generacions, per a generar un q\u00fcestionament sobre la seua persist\u00e8ncia en l&#8217;actualitat i en el futur.<\/p>\n\n\n\n<p>Dins de concurs, 5 companyies amateurs de diferents punts de la geografia espanyola es donaran cita a Xest per a participar en la mostra: Paraskenia teatre, amb Madrid 19-67; Comboi Mediterrani, amb Escriu-me a la terra; Maniqu\u00ed teatre, amb El Pollet; Stres de Quatre, Que 20 anys no \u00e9s res, i Ariba Teatre, amb Torito Bravo. La mostra es clausurar\u00e0 el diumenge 7 de desembre amb Regala&#8217;m aquesta nit, de Albena Teatre, una com\u00e8dia rom\u00e0ntica que narra el retrobament de dos vells amants.<\/p>\n\n\n\n<p>En total, la 28a edici\u00f3 de la Mostra de teatre no professional de Xest oferir\u00e0 10 propostes teatrals i de dansa des del pr\u00f2xim 20 d&#8217;octubre fins al 14 de desembre. Totes les obres comen\u00e7aran a les 19.00 en el teatre Liceu i les entrades estaran disponibles en els quioscos de la localitat i en la web agendacheste.com, per a adquirir-les de forma anticipada. A m\u00e9s, es podran comprar les entrades en taquilla des de les 18.00 del mateix dia de la representaci\u00f3.<\/p>\n\n\n\n<p><strong>Dates de les representacions<\/strong><\/p>\n\n\n\n<p>\u00b7 Domingo, 19 de octubre:<\/p>\n\n\n\n<p>Apertura \u00b7 <em>Colecci\u00f3n privada<\/em>, de Marco Vargas &amp; Chlo\u00e9 Br\u00fbl\u00e9<\/p>\n\n\n\n<p>\u00b7 Domingo, 26 de octubre:<\/p>\n\n\n\n<p><em>Madrid 19-67,<\/em> C\u00eda. Paraskenia teatro.<\/p>\n\n\n\n<p>\u00b7 Domingo, 2 de noviembre:<\/p>\n\n\n\n<p><em>Escr\u00edbeme a la Tierra, <\/em>C\u00eda. Comboi mediterrani<\/p>\n\n\n\n<p>\u00b7 S\u00e1bado, 8 de noviembre:<\/p>\n\n\n\n<p><em>Todas nosotras<\/em>, C\u00eda. Danza Gineceo A.C.<\/p>\n\n\n\n<p>\u00b7 Domingo, 9&nbsp; de noviembre:<\/p>\n\n\n\n<p><em>El Pollito, <\/em>C\u00eda. Maniqu\u00ed teatre.<\/p>\n\n\n\n<p>\u00b7 Domingo, 16 de noviembre:<\/p>\n\n\n\n<p>&nbsp;<em>Que 20 a\u00f1os no es nada<\/em>, C\u00eda. <em>Stres de Quatre.<\/em><\/p>\n\n\n\n<p>\u00b7 Domingo, 23 de noviembre:<\/p>\n\n\n\n<p><em>Torito Bravo<\/em>, C\u00eda. Ariba teatro.<\/p>\n\n\n\n<p>\u00b7 Domingo, 30 de diciembre:<\/p>\n\n\n\n<p><em>Una hora para m\u00ed<\/em>, C\u00eda. Far\u00e1ndula teatro Cheste.<\/p>\n\n\n\n<p>\u00b7 Domingo, 7 de diciembre:<\/p>\n\n\n\n<p>Clausura \u00b7 <em>Reg\u00e1lame esta noche<\/em>, C\u00eda. Albena Teatro<\/p>\n\n\n\n<p>\u00b7 S\u00e1bado y domingo, 13 y 14 de diciembre:<\/p>\n\n\n\n<p><em>Hay un teatro en ti<\/em>, C\u00eda. Far\u00e1ndula teatro Cheste<\/p>\n","protected":false},"excerpt":{"rendered":"<div class=\"mh-excerpt\">El pr\u00f2xim 19 d&#8217;octubre, diumenge, s&#8217;inaugurar\u00e0 la 28a edici\u00f3 de la Mostra de teatre no professional de Xest amb l&#8217;espectacle \u201cCol\u00b7lecci\u00f3 Privada\u201d de la companyia Marco Vargas &amp; Chlo\u00e9 Br\u00fbl\u00e9, una proposta que fusiona el <a class=\"mh-excerpt-more\" href=\"https:\/\/www.tucomarca.com\/wordpress\/segunda\/ca\/la-mostra-de-teatre-no-professional-de-xest-oferira-10-representacions-en-la-seua-28a-edicio\/\" title=\"La Mostra de teatre no professional de Xest oferir\u00e0 10 representacions en la seua 28a edici\u00f3\">[+] <\/a><\/div>\n","protected":false},"author":12,"featured_media":282435,"comment_status":"open","ping_status":"open","sticky":false,"template":"","format":"standard","meta":{"footnotes":""},"categories":[11019,10894,10912,11007,10896,10974],"tags":[11071,10914,12771],"class_list":{"0":"post-282440","1":"post","2":"type-post","3":"status-publish","4":"format-standard","5":"has-post-thumbnail","7":"category-agenda-ca","8":"category-la-comarca-ca","9":"category-la-hoya-ca","10":"category-ocio-y-cultura-ca","11":"category-seccion-ca","12":"category-cheste-ca","13":"tag-cheste","14":"tag-la-hoya-de-bunol-chiva-ca","15":"tag-muestra-de-teatro-no-profesional-ca"},"_links":{"self":[{"href":"https:\/\/www.tucomarca.com\/wordpress\/segunda\/ca\/wp-json\/wp\/v2\/posts\/282440","targetHints":{"allow":["GET"]}}],"collection":[{"href":"https:\/\/www.tucomarca.com\/wordpress\/segunda\/ca\/wp-json\/wp\/v2\/posts"}],"about":[{"href":"https:\/\/www.tucomarca.com\/wordpress\/segunda\/ca\/wp-json\/wp\/v2\/types\/post"}],"author":[{"embeddable":true,"href":"https:\/\/www.tucomarca.com\/wordpress\/segunda\/ca\/wp-json\/wp\/v2\/users\/12"}],"replies":[{"embeddable":true,"href":"https:\/\/www.tucomarca.com\/wordpress\/segunda\/ca\/wp-json\/wp\/v2\/comments?post=282440"}],"version-history":[{"count":0,"href":"https:\/\/www.tucomarca.com\/wordpress\/segunda\/ca\/wp-json\/wp\/v2\/posts\/282440\/revisions"}],"wp:featuredmedia":[{"embeddable":true,"href":"https:\/\/www.tucomarca.com\/wordpress\/segunda\/ca\/wp-json\/wp\/v2\/media\/282435"}],"wp:attachment":[{"href":"https:\/\/www.tucomarca.com\/wordpress\/segunda\/ca\/wp-json\/wp\/v2\/media?parent=282440"}],"wp:term":[{"taxonomy":"category","embeddable":true,"href":"https:\/\/www.tucomarca.com\/wordpress\/segunda\/ca\/wp-json\/wp\/v2\/categories?post=282440"},{"taxonomy":"post_tag","embeddable":true,"href":"https:\/\/www.tucomarca.com\/wordpress\/segunda\/ca\/wp-json\/wp\/v2\/tags?post=282440"}],"curies":[{"name":"wp","href":"https:\/\/api.w.org\/{rel}","templated":true}]}}