{"id":282547,"date":"2025-10-14T10:50:00","date_gmt":"2025-10-14T08:50:00","guid":{"rendered":"https:\/\/www.tucomarca.com\/wordpress\/segunda\/?p=282547"},"modified":"2025-10-14T20:28:11","modified_gmt":"2025-10-14T18:28:11","slug":"el-consell-collabora-amb-els-ajuntaments-de-lliria-bunyol-gandia-i-torrevella-per-a-impulsar-la-promocio-turistica-daquests-municipis-en-2025","status":"publish","type":"post","link":"https:\/\/www.tucomarca.com\/wordpress\/segunda\/ca\/el-consell-collabora-amb-els-ajuntaments-de-lliria-bunyol-gandia-i-torrevella-per-a-impulsar-la-promocio-turistica-daquests-municipis-en-2025\/","title":{"rendered":"El Consell col\u00b7labora amb els ajuntaments de Ll\u00edria, Bunyol, Gandia i Torrevella per a impulsar la promoci\u00f3 tur\u00edstica d&#8217;aquests municipis en 2025"},"content":{"rendered":"\n<h3 class=\"wp-block-heading\">Els convenis amb Ll\u00edria i Bunyol, dotats amb 40.000 euros cadascun, tenen com a objectiu la promoci\u00f3 de l&#8217;oferta musical i festiva.<\/h3>\n\n\n\n<h3 class=\"wp-block-heading\">Turisme Comunitat Valenciana destina 144.000 euros a l&#8217;Ajuntament de Gandia per a impulsar accions de promoci\u00f3 de la gastronomia, l&#8217;oferta cultural, esdeveniments esportius i actuacions per al turisme familiar.<\/h3>\n\n\n\n<h3 class=\"wp-block-heading\">Torrevella rebr\u00e0 76.000 euros per a l&#8217;organitzaci\u00f3 del festival gastron\u00f2mic \u2018DESAL Torrevella\u2019.<\/h3>\n\n\n\n<p>El Consell ha autoritzat la subscripci\u00f3 de quatre convenis de col\u00b7laboraci\u00f3 entre Turisme Comunitat Valenciana i els Ajuntaments de Gandia, Torrevella, Ll\u00edria i Bunyol, per a impulsar la promoci\u00f3 tur\u00edstica d&#8217;aquests municipis, per un import total de 300.000 euros.<\/p>\n\n\n\n<p>D&#8217;aquesta manera, la Generalitat destinar\u00e0 144.000 euros a l&#8217;Ajuntament de Gandia per al desenvolupament d&#8217;accions de promoci\u00f3 i m\u00e0rqueting en el municipi durant 2025. El conveni centra les seues actuacions en quatre eixos principals: gastronomia, cultura, turisme esportiu i turisme familiar.<\/p>\n\n\n\n<p>Entre les accions m\u00e9s destacades figura la 50a edici\u00f3 del Concurs Internacional de Fideu\u00e0 de Gandia, la III Fira Gastron\u00f2mica \u2018Prova Gandia\u2019, la participaci\u00f3 en fires especialitzades com Madrid Fusi\u00f3, i la projecci\u00f3 del Gandia Oficina de congressos.<\/p>\n\n\n\n<p>A m\u00e9s, s&#8217;impulsar\u00e0 una programaci\u00f3 cultural diversa amb activitats en el Grau i les platges urbanes, com el cicle \u2018Gandia a la Mar\u2019, espectacles d&#8217;estiu, visites guiades i accions que posen en valor el patrimoni hist\u00f2ric i musical de la ciutat. Aix\u00ed mateix, s&#8217;inclouen accions per a visibilitzar la ciutat com a dest\u00ed LGTBIQ+ com la celebraci\u00f3 de l&#8217;Orgull Gandia \u2013 Gandia Pride.<\/p>\n\n\n\n<p>Tamb\u00e9 s&#8217;inclouen actuacions per a consolidar el posicionament de Gandia com a dest\u00ed de turisme actiu, com la 10K Nocturna, la Mitjana Marat\u00f3, la Travessia al Port \u2013 Memorial Dami\u00e0 Catal\u00e0 o el Triatl\u00f3 ICAN. Aix\u00ed mateix, el conveni inclou programaci\u00f3 per a impulsar el turisme familiar, com la campanya \u2018Jocs a la Mar\u2019, entre altres accions.<\/p>\n\n\n\n<p><strong>Col\u00b7laboraci\u00f3 amb l&#8217;Ajuntament de Torrevella<\/strong><\/p>\n\n\n\n<p>El Consell ha aprovat tamb\u00e9 un conveni de col\u00b7laboraci\u00f3 amb l&#8217;Ajuntament de Torrevella, dotat amb 76.000 euros, per a la promoci\u00f3 del producte tur\u00edstic gastron\u00f2mic local mitjan\u00e7ant l&#8217;organitzaci\u00f3 del festival gastron\u00f2mic \u2018DESAL Torrevella\u2019, que se celebrar\u00e0 els dies 17, 18 i 19 d&#8217;octubre de 2025.<\/p>\n\n\n\n<p>L&#8217;esdeveniment, emmarcat en l&#8217;estrat\u00e8gia \u2018L\u2019Exquisit Mediter\u2019, inclour\u00e0 un espai expositiu amb restauradors i productors agroalimentaris, demostracions culin\u00e0ries a c\u00e0rrec de xefs de prestigi i sis tallers infantils gratu\u00efts orientats a fomentar h\u00e0bits alimentaris saludables.<\/p>\n\n\n\n<p>D&#8217;aquesta manera, Torrevella, un de les destinacions tur\u00edstiques m\u00e9s representatives de la Comunitat Valenciana, refor\u00e7a aix\u00ed el seu posicionament com a referent de la gastronomia mediterr\u00e0nia de qualitat.<\/p>\n\n\n\n<p><strong>40.000 euros per a la promoci\u00f3 de Ll\u00edria<\/strong><\/p>\n\n\n\n<p>El conveni entre Turisme Comunitat Valenciana i l&#8217;Ajuntament de Ll\u00edria contempla una subvenci\u00f3 de 40.000 euros destinada a la promoci\u00f3 tur\u00edstica del municipi a trav\u00e9s de la m\u00fasica.<\/p>\n\n\n\n<p>Entre les actuacions que arreplega el conveni destaquen dos grans esdeveniments que combinen patrimoni i m\u00fasica. D&#8217;una banda, el \u201cema 2025 (Early Music of Edeta)\u201d, set\u00e9 Festival de Patrimoni Hist\u00f2ric i M\u00fasica Antiga de Ll\u00edria, celebrat al mar\u00e7 i que t\u00e9 com a objectiu difondre el patrimoni hist\u00f2ric de la ciutat a trav\u00e9s de la m\u00fasica.<\/p>\n\n\n\n<p>D&#8217;altra banda, el conveni tamb\u00e9 inclou el \u201cLlum Fest 2025 \u2013 Ll\u00edria Universal Music\u201d, set\u00e9 Festival de M\u00fasiques del M\u00f3n, celebrat al juliol. Aquest esdeveniment busca l&#8217;intercanvi de cultures a trav\u00e9s de la m\u00fasica i la col\u00b7laboraci\u00f3 amb altres Ciutats Creatives de la UNESCO, mitjan\u00e7ant la participaci\u00f3 d&#8217;agrupacions musicals procedents de diferents pa\u00efsos.&nbsp;<\/p>\n\n\n\n<p><strong>Conveni amb Bunyol<\/strong><\/p>\n\n\n\n<p>Aix\u00ed mateix, el Ple del Consell ha autoritzat la subscripci\u00f3 d&#8217;un conveni entre Turisme Comunitat Valenciana i l&#8217;Ajuntament de Bunyol, amb una dotaci\u00f3 de 40.000 euros, per a la promoci\u00f3 tur\u00edstica del municipi durant 2025.<\/p>\n\n\n\n<p>Entre les actuacions contemplades destaca la promoci\u00f3 de la Tomatina, declarada en 2002 Festa d&#8217;Inter\u00e9s Tur\u00edstic Internacional, que constitueix el principal reclam del municipi i una de les celebracions m\u00e9s reconegudes a nivell mundial. Aquest esdeveniment, que cada any reuneix milers de persones arribades de tot el m\u00f3n, representa un s\u00edmbol de conviv\u00e8ncia i hospitalitat.&nbsp;<\/p>\n\n\n\n<p>El conveni inclou tamb\u00e9 la promoci\u00f3 del Concert \u2018M\u00e0 a m\u00e0\u2019, declarat en 2014 Festa d&#8217;Inter\u00e9s Tur\u00edstic Auton\u00f2mic, que va celebrar el passat 16 d&#8217;agost la seua 50a edici\u00f3. Aquest esdeveniment reuneix a les dues hist\u00f2riques bandes simf\u00f2niques de la localitat, L&#8217;Art\u00edstica i L&#8217;Harm\u00f2nica i \u00e9s una de les expressions culturals m\u00e9s emblem\u00e0tiques de Bunyol i un important vehicle de promoci\u00f3 nacional i internacional del dest\u00ed, en posar en relleu la seua rica tradici\u00f3 musical.<\/p>\n","protected":false},"excerpt":{"rendered":"<div class=\"mh-excerpt\">Els convenis amb Ll\u00edria i Bunyol, dotats amb 40.000 euros cadascun, tenen com a objectiu la promoci\u00f3 de l&#8217;oferta musical i festiva. Turisme Comunitat Valenciana destina 144.000 euros a l&#8217;Ajuntament de Gandia per a impulsar <a class=\"mh-excerpt-more\" href=\"https:\/\/www.tucomarca.com\/wordpress\/segunda\/ca\/el-consell-collabora-amb-els-ajuntaments-de-lliria-bunyol-gandia-i-torrevella-per-a-impulsar-la-promocio-turistica-daquests-municipis-en-2025\/\" title=\"El Consell col\u00b7labora amb els ajuntaments de Ll\u00edria, Bunyol, Gandia i Torrevella per a impulsar la promoci\u00f3 tur\u00edstica d&#8217;aquests municipis en 2025\">[+] <\/a><\/div>\n","protected":false},"author":1,"featured_media":94638,"comment_status":"open","ping_status":"open","sticky":false,"template":"","format":"standard","meta":{"footnotes":""},"categories":[10911,10892,11005,10898,10948,10894,10904,10912,10928,11007,10947,10896],"tags":[10913,10899,10914,11070],"class_list":{"0":"post-282547","1":"post","2":"type-post","3":"status-publish","4":"format-standard","5":"has-post-thumbnail","7":"category-bunol-ca","8":"category-camp-de-turia-ca","9":"category-canal-musica","10":"category-ventana-ca","11":"category-infraestructuras-ca","12":"category-la-comarca-ca","13":"category-sin-categorizar-ca","14":"category-la-hoya-ca","15":"category-lliria-ca","16":"category-ocio-y-cultura-ca","17":"category-politica","18":"category-seccion-ca","19":"tag-bunol-ca","20":"tag-camp-de-turia-ca","21":"tag-la-hoya-de-bunol-chiva-ca","22":"tag-lliria-ca"},"_links":{"self":[{"href":"https:\/\/www.tucomarca.com\/wordpress\/segunda\/ca\/wp-json\/wp\/v2\/posts\/282547","targetHints":{"allow":["GET"]}}],"collection":[{"href":"https:\/\/www.tucomarca.com\/wordpress\/segunda\/ca\/wp-json\/wp\/v2\/posts"}],"about":[{"href":"https:\/\/www.tucomarca.com\/wordpress\/segunda\/ca\/wp-json\/wp\/v2\/types\/post"}],"author":[{"embeddable":true,"href":"https:\/\/www.tucomarca.com\/wordpress\/segunda\/ca\/wp-json\/wp\/v2\/users\/1"}],"replies":[{"embeddable":true,"href":"https:\/\/www.tucomarca.com\/wordpress\/segunda\/ca\/wp-json\/wp\/v2\/comments?post=282547"}],"version-history":[{"count":0,"href":"https:\/\/www.tucomarca.com\/wordpress\/segunda\/ca\/wp-json\/wp\/v2\/posts\/282547\/revisions"}],"wp:featuredmedia":[{"embeddable":true,"href":"https:\/\/www.tucomarca.com\/wordpress\/segunda\/ca\/wp-json\/wp\/v2\/media\/94638"}],"wp:attachment":[{"href":"https:\/\/www.tucomarca.com\/wordpress\/segunda\/ca\/wp-json\/wp\/v2\/media?parent=282547"}],"wp:term":[{"taxonomy":"category","embeddable":true,"href":"https:\/\/www.tucomarca.com\/wordpress\/segunda\/ca\/wp-json\/wp\/v2\/categories?post=282547"},{"taxonomy":"post_tag","embeddable":true,"href":"https:\/\/www.tucomarca.com\/wordpress\/segunda\/ca\/wp-json\/wp\/v2\/tags?post=282547"}],"curies":[{"name":"wp","href":"https:\/\/api.w.org\/{rel}","templated":true}]}}