{"id":282585,"date":"2025-10-15T12:55:00","date_gmt":"2025-10-15T10:55:00","guid":{"rendered":"https:\/\/www.tucomarca.com\/wordpress\/segunda\/?p=282585"},"modified":"2025-10-15T14:59:03","modified_gmt":"2025-10-15T12:59:03","slug":"la-mancomunitat-interior-tierra-del-vino-organitza-una-jornada-sobre-turisme-vi-i-ventes","status":"publish","type":"post","link":"https:\/\/www.tucomarca.com\/wordpress\/segunda\/ca\/la-mancomunitat-interior-tierra-del-vino-organitza-una-jornada-sobre-turisme-vi-i-ventes\/","title":{"rendered":"La Mancomunitat Interior Tierra del Vino organitza una jornada sobre turisme, vi i ventes"},"content":{"rendered":"\n<h3 class=\"wp-block-heading\">Se celebrar\u00e0 a <strong>Venta del Moro<\/strong> el pr\u00f2xim <strong>30 de octubre<\/strong> i pret\u00e9n impulsar el desenvolupament econ\u00f2mic i empresarial del territori, fomentant la cooperaci\u00f3 entre emprenedors, pimes i agents de l\u2019ecosistema.<\/h3>\n\n\n\n<p>El pr\u00f2xim <strong>30 de octubre<\/strong>, la <strong>Mancomunitat de l\u2019Interior Tierra del Vino (MITV)<\/strong>, a trav\u00e9s d\u2019<strong>Adapt@+t<\/strong>, el programa d\u2019Ocupaci\u00f3 i Desenvolupament Comarcal, ha preparat junt amb el <strong>Centro Europeo de Empresas e Innovaci\u00f3n de Valencia (CEII)<\/strong>, <strong>Rurable<\/strong> i <strong>Ruraltec<\/strong>, el <strong>FOCUS PYME Y EMPRENDIMIENTO: \u201cTurismo, Vino y Ventas: del reclamo local al mercado global\u201d<\/strong>, que es dur\u00e0 a terme a <strong>Venta del Moro<\/strong>.<\/p>\n\n\n\n<p><strong>Focus Pyme y Emprendimiento Utiel-Requena, Hoya de Bu\u00f1ol y La Serran\u00eda<\/strong> pret\u00e9n impulsar el desenvolupament econ\u00f2mic i empresarial del territori, fomentant la cooperaci\u00f3 entre emprenedors, pimes i agents de l\u2019ecosistema. La trobada busca posar en valor els recursos locals com a elements clau de diferenciaci\u00f3, captaci\u00f3 de negoci i generaci\u00f3 de riquesa.<\/p>\n\n\n\n<p>La jornada comen\u00e7ar\u00e0 amb <strong>\u201cLa hora de las personas medias\u201d<\/strong>, una xarrada del conferenciant i empresari <strong>Sergio Ayala<\/strong>. A trav\u00e9s de l\u2019humor i de la seua experi\u00e8ncia personal, Ayala es convertir\u00e0 en l\u2019impuls necessari per a aquelles persones que temen passar a l\u2019acci\u00f3.<\/p>\n\n\n\n<p>La trobada comptar\u00e0 tamb\u00e9 amb <strong>Alba Mart\u00ednez<\/strong>, fundadora de <strong>Con Alma Rural<\/strong>, i <strong>Ana Vila<\/strong>, fundadora de <strong>Vilasira<\/strong>. Totes dues compartiran la seua experi\u00e8ncia en transformar l\u2019autenticitat del seu entorn en una poderosa eina d\u2019atracci\u00f3. Una conversa que posar\u00e0 de relleu el potencial del turisme i l\u2019hostaleria rural com a motors d\u2019identitat, diferenciaci\u00f3 i negoci.<\/p>\n\n\n\n<p>En l\u2019\u00faltima sessi\u00f3 participaran <strong>Ana Mar\u00eda G\u00f3mez<\/strong>, de <strong>Bodegas Gratias<\/strong>, i <strong>Carlos Garc\u00eda<\/strong>, de <strong>Bodegas Vicente Gand\u00eda<\/strong>, per a abordar els reptes i oportunitats del sector vitivin\u00edcola des de dues escales molt diferents: el celler familiar ecol\u00f2gic i sostenible, i l\u2019empresa referent en el sector amb d\u00e8cades de traject\u00f2ria. Tots dos explicaran com s\u2019han obert cam\u00ed als mercats nacionals i internacionals.<\/p>\n\n\n\n<p><strong>Focus Pyme y Emprendimiento<\/strong> \u00e9s una iniciativa de <strong>CEEI Valencia<\/strong>, promoguda i finan\u00e7ada per la <strong>Generalitat Valenciana<\/strong>, a trav\u00e9s de l\u2019<strong>Instituto Valenciano de Competitividad Empresarial (IVACE+i)<\/strong>, dins de la seua pol\u00edtica de suport a l\u2019emprenedoria innovadora.<\/p>\n\n\n\n<p><strong>Focus Pyme y Emprendimiento Utiel-Requena, Hoya de Bu\u00f1ol y La Serran\u00eda<\/strong><br><strong>\u201cTurismo, Vino y Ventas: del reclamo local al mercado global\u201d<\/strong><br><strong>Data:<\/strong> Dijous, <strong>30 de octubre de 2025<\/strong><br><strong>Lloc:<\/strong> Ajuntament de <strong>Venta del Moro<\/strong><br><strong>Horari:<\/strong> De <strong>10.00 a 13.00 h<\/strong><br><strong>Inscripci\u00f3 gratu\u00efta<\/strong> des del programa de l\u2019esdeveniment.<\/p>\n","protected":false},"excerpt":{"rendered":"<div class=\"mh-excerpt\">Se celebrar\u00e0 a Venta del Moro el pr\u00f2xim 30 de octubre i pret\u00e9n impulsar el desenvolupament econ\u00f2mic i empresarial del territori, fomentant la cooperaci\u00f3 entre emprenedors, pimes i agents de l\u2019ecosistema. El pr\u00f2xim 30 de <a class=\"mh-excerpt-more\" href=\"https:\/\/www.tucomarca.com\/wordpress\/segunda\/ca\/la-mancomunitat-interior-tierra-del-vino-organitza-una-jornada-sobre-turisme-vi-i-ventes\/\" title=\"La Mancomunitat Interior Tierra del Vino organitza una jornada sobre turisme, vi i ventes\">[+] <\/a><\/div>\n","protected":false},"author":12,"featured_media":282583,"comment_status":"open","ping_status":"open","sticky":false,"template":"","format":"standard","meta":{"footnotes":""},"categories":[11019,11006,10898,10948,10894,10904,10903,11007,10947,10909,10896,11060],"tags":[12387,10910,11709],"class_list":{"0":"post-282585","1":"post","2":"type-post","3":"status-publish","4":"format-standard","5":"has-post-thumbnail","7":"category-agenda-ca","8":"category-canal-vinos","9":"category-ventana-ca","10":"category-infraestructuras-ca","11":"category-la-comarca-ca","12":"category-sin-categorizar-ca","13":"category-medio-ambiente-la-comarca-ca","14":"category-ocio-y-cultura-ca","15":"category-politica","16":"category-requena-utiel-ca","17":"category-seccion-ca","18":"category-venta-del-moro-ca","19":"tag-mancomunidad-del-interior-tierra-del-vino-ca","20":"tag-requena-utiel-ca","21":"tag-venta-del-moro-ca"},"_links":{"self":[{"href":"https:\/\/www.tucomarca.com\/wordpress\/segunda\/ca\/wp-json\/wp\/v2\/posts\/282585","targetHints":{"allow":["GET"]}}],"collection":[{"href":"https:\/\/www.tucomarca.com\/wordpress\/segunda\/ca\/wp-json\/wp\/v2\/posts"}],"about":[{"href":"https:\/\/www.tucomarca.com\/wordpress\/segunda\/ca\/wp-json\/wp\/v2\/types\/post"}],"author":[{"embeddable":true,"href":"https:\/\/www.tucomarca.com\/wordpress\/segunda\/ca\/wp-json\/wp\/v2\/users\/12"}],"replies":[{"embeddable":true,"href":"https:\/\/www.tucomarca.com\/wordpress\/segunda\/ca\/wp-json\/wp\/v2\/comments?post=282585"}],"version-history":[{"count":0,"href":"https:\/\/www.tucomarca.com\/wordpress\/segunda\/ca\/wp-json\/wp\/v2\/posts\/282585\/revisions"}],"wp:featuredmedia":[{"embeddable":true,"href":"https:\/\/www.tucomarca.com\/wordpress\/segunda\/ca\/wp-json\/wp\/v2\/media\/282583"}],"wp:attachment":[{"href":"https:\/\/www.tucomarca.com\/wordpress\/segunda\/ca\/wp-json\/wp\/v2\/media?parent=282585"}],"wp:term":[{"taxonomy":"category","embeddable":true,"href":"https:\/\/www.tucomarca.com\/wordpress\/segunda\/ca\/wp-json\/wp\/v2\/categories?post=282585"},{"taxonomy":"post_tag","embeddable":true,"href":"https:\/\/www.tucomarca.com\/wordpress\/segunda\/ca\/wp-json\/wp\/v2\/tags?post=282585"}],"curies":[{"name":"wp","href":"https:\/\/api.w.org\/{rel}","templated":true}]}}