{"id":282720,"date":"2025-10-16T11:00:00","date_gmt":"2025-10-16T09:00:00","guid":{"rendered":"https:\/\/www.tucomarca.com\/wordpress\/segunda\/?p=282720"},"modified":"2025-10-16T21:59:35","modified_gmt":"2025-10-16T19:59:35","slug":"la-generalitat-i-lajuntament-de-carlet-comencen-els-treballs-en-el-clavegueram-afectat-per-les-riuades","status":"publish","type":"post","link":"https:\/\/www.tucomarca.com\/wordpress\/segunda\/ca\/la-generalitat-i-lajuntament-de-carlet-comencen-els-treballs-en-el-clavegueram-afectat-per-les-riuades\/","title":{"rendered":"La Generalitat i l&#8217;Ajuntament de Carlet comencen els treballs en el clavegueram afectat per les riuades"},"content":{"rendered":"\n<h3 class=\"wp-block-heading\">Les primeres actuacions han comen\u00e7at despr\u00e9s de la signatura del conveni de col\u00b7laboraci\u00f3 entre Vaersa i el municipi.<\/h3>\n\n\n\n<p>La Generalitat i l&#8217;Ajuntament de Carlet han iniciat els treballs de reparaci\u00f3 de la xarxa de clavegueram afectat per les inundacions. Aquesta actuaci\u00f3 forma part de la iniciativa posada en marxa per la Conselleria de Medi Ambient, Infraestructures i Territori i l&#8217;empresa p\u00fablica Vaersa perqu\u00e8 els consistoris puguen agilitzar la contractaci\u00f3 d&#8217;emerg\u00e8ncia de les obres necess\u00e0ries despr\u00e9s de les riuades del passat mes d&#8217;octubre.<\/p>\n\n\n\n<p>Les primeres actuacions s&#8217;han iniciat despr\u00e9s de la signatura de l&#8217;acord entre Vaersa i el consistori, i t\u00e9 l&#8217;objectiu de garantir que les infraestructures essencials recuperen el seu funcionament de manera r\u00e0pida i eficient, evitant nous problemes derivats de possibles pluges intenses.<\/p>\n\n\n\n<p>L&#8217;empresa p\u00fablica Vaersa, dedicada a la gesti\u00f3 mediambiental i el desenvolupament de tecnologies per a la gesti\u00f3 de residus, ser\u00e0 l&#8217;encarregada d&#8217;executar aquestes contractacions. Gr\u00e0cies a la seua intervenci\u00f3, es podr\u00e0 simplificar la tramitaci\u00f3 administrativa i agilitzar l&#8217;\u00fas dels fons del Govern, aix\u00ed com els propis del consistori.<\/p>\n\n\n\n<p>Cal recordar que molts ajuntaments afectats per les inundacions porten mesos a l&#8217;espera de les subvencions estatals, el proc\u00e9s de les quals s&#8217;ha vist retardat. En aquest context, la iniciativa de la Generalitat es presenta com un instrument per a respondre a les necessitats immediates dels municipis, oferint suport directe en la recuperaci\u00f3 d&#8217;infraestructures cr\u00edtiques i en la gesti\u00f3 de recursos per a la reconstrucci\u00f3 local.<\/p>\n\n\n\n<p>Des de la Conselleria de Medi Ambient, Infraestructures i Territori s&#8217;est\u00e0 acompanyant als ajuntaments durant tot el proc\u00e9s, des de la planificaci\u00f3 fins a l&#8217;execuci\u00f3 de les obres. Aquesta col\u00b7laboraci\u00f3 busca no sols reparar els danys ocasionats per la riuada, sin\u00f3 tamb\u00e9 refor\u00e7ar la resili\u00e8ncia dels sistemes de clavegueram enfront de futurs episodis de pluja, contribuint a la seguretat, el benestar i l&#8217;estabilitat de les comunitats afectades.<\/p>\n\n\n\n<figure class=\"wp-block-image size-large\"><img loading=\"lazy\" decoding=\"async\" width=\"1024\" height=\"768\" src=\"http:\/\/www.tucomarca.com\/wordpress\/segunda\/wp-content\/uploads\/2025\/10\/Alcantarillado-Carlet2-1024x768.jpeg\" alt=\"\" class=\"wp-image-282717\" srcset=\"https:\/\/www.tucomarca.com\/wordpress\/segunda\/wp-content\/uploads\/2025\/10\/Alcantarillado-Carlet2-1024x768.jpeg 1024w, https:\/\/www.tucomarca.com\/wordpress\/segunda\/wp-content\/uploads\/2025\/10\/Alcantarillado-Carlet2-300x225.jpeg 300w, https:\/\/www.tucomarca.com\/wordpress\/segunda\/wp-content\/uploads\/2025\/10\/Alcantarillado-Carlet2-768x576.jpeg 768w, https:\/\/www.tucomarca.com\/wordpress\/segunda\/wp-content\/uploads\/2025\/10\/Alcantarillado-Carlet2-1536x1152.jpeg 1536w, https:\/\/www.tucomarca.com\/wordpress\/segunda\/wp-content\/uploads\/2025\/10\/Alcantarillado-Carlet2-678x509.jpeg 678w, https:\/\/www.tucomarca.com\/wordpress\/segunda\/wp-content\/uploads\/2025\/10\/Alcantarillado-Carlet2-326x245.jpeg 326w, https:\/\/www.tucomarca.com\/wordpress\/segunda\/wp-content\/uploads\/2025\/10\/Alcantarillado-Carlet2-80x60.jpeg 80w, https:\/\/www.tucomarca.com\/wordpress\/segunda\/wp-content\/uploads\/2025\/10\/Alcantarillado-Carlet2.jpeg 1600w\" sizes=\"auto, (max-width: 1024px) 100vw, 1024px\" \/><\/figure>\n","protected":false},"excerpt":{"rendered":"<div class=\"mh-excerpt\">Les primeres actuacions han comen\u00e7at despr\u00e9s de la signatura del conveni de col\u00b7laboraci\u00f3 entre Vaersa i el municipi. La Generalitat i l&#8217;Ajuntament de Carlet han iniciat els treballs de reparaci\u00f3 de la xarxa de clavegueram <a class=\"mh-excerpt-more\" href=\"https:\/\/www.tucomarca.com\/wordpress\/segunda\/ca\/la-generalitat-i-lajuntament-de-carlet-comencen-els-treballs-en-el-clavegueram-afectat-per-les-riuades\/\" title=\"La Generalitat i l&#8217;Ajuntament de Carlet comencen els treballs en el clavegueram afectat per les riuades\">[+] <\/a><\/div>\n","protected":false},"author":13,"featured_media":282716,"comment_status":"open","ping_status":"open","sticky":false,"template":"","format":"standard","meta":{"footnotes":""},"categories":[10990,21466,10898,10948,10894,10904,10902,10903,10947,10896,10897],"tags":[11082,15409,12903,11199,11077],"class_list":{"0":"post-282720","1":"post","2":"type-post","3":"status-publish","4":"format-standard","5":"has-post-thumbnail","7":"category-carlet-ca","8":"category-dana-ca","9":"category-ventana-ca","10":"category-infraestructuras-ca","11":"category-la-comarca-ca","12":"category-sin-categorizar-ca","13":"category-la-ribera-ca","14":"category-medio-ambiente-la-comarca-ca","15":"category-politica","16":"category-seccion-ca","17":"category-sucesos-la-comarca-ca","18":"tag-carlet-ca","19":"tag-dana-2-ca","20":"tag-infraestructuras-ca","21":"tag-la-comunitat-ca","22":"tag-la-ribera-alta-ca"},"_links":{"self":[{"href":"https:\/\/www.tucomarca.com\/wordpress\/segunda\/ca\/wp-json\/wp\/v2\/posts\/282720","targetHints":{"allow":["GET"]}}],"collection":[{"href":"https:\/\/www.tucomarca.com\/wordpress\/segunda\/ca\/wp-json\/wp\/v2\/posts"}],"about":[{"href":"https:\/\/www.tucomarca.com\/wordpress\/segunda\/ca\/wp-json\/wp\/v2\/types\/post"}],"author":[{"embeddable":true,"href":"https:\/\/www.tucomarca.com\/wordpress\/segunda\/ca\/wp-json\/wp\/v2\/users\/13"}],"replies":[{"embeddable":true,"href":"https:\/\/www.tucomarca.com\/wordpress\/segunda\/ca\/wp-json\/wp\/v2\/comments?post=282720"}],"version-history":[{"count":0,"href":"https:\/\/www.tucomarca.com\/wordpress\/segunda\/ca\/wp-json\/wp\/v2\/posts\/282720\/revisions"}],"wp:featuredmedia":[{"embeddable":true,"href":"https:\/\/www.tucomarca.com\/wordpress\/segunda\/ca\/wp-json\/wp\/v2\/media\/282716"}],"wp:attachment":[{"href":"https:\/\/www.tucomarca.com\/wordpress\/segunda\/ca\/wp-json\/wp\/v2\/media?parent=282720"}],"wp:term":[{"taxonomy":"category","embeddable":true,"href":"https:\/\/www.tucomarca.com\/wordpress\/segunda\/ca\/wp-json\/wp\/v2\/categories?post=282720"},{"taxonomy":"post_tag","embeddable":true,"href":"https:\/\/www.tucomarca.com\/wordpress\/segunda\/ca\/wp-json\/wp\/v2\/tags?post=282720"}],"curies":[{"name":"wp","href":"https:\/\/api.w.org\/{rel}","templated":true}]}}