{"id":282726,"date":"2025-10-16T12:00:00","date_gmt":"2025-10-16T10:00:00","guid":{"rendered":"https:\/\/www.tucomarca.com\/wordpress\/segunda\/?p=282726"},"modified":"2025-10-16T22:11:32","modified_gmt":"2025-10-16T20:11:32","slug":"santi-salines-descola-zorita-arriba-a-la-final-dels-premis-educa-al-millor-docent-despanya","status":"publish","type":"post","link":"https:\/\/www.tucomarca.com\/wordpress\/segunda\/ca\/santi-salines-descola-zorita-arriba-a-la-final-dels-premis-educa-al-millor-docent-despanya\/","title":{"rendered":"Santi Salines, d&#8217;Escola Zorita, arriba a la final dels Premis Educa al millor docent d&#8217;Espanya."},"content":{"rendered":"\n<h3 class=\"wp-block-heading\">En el transcurs de la Gala de la Corunya es revelar\u00e0 el nom del guanyador.&nbsp;<\/h3>\n\n\n\n<p>Aquest dimecres, 15 d&#8217;octubre, la Fundaci\u00f3 Educa\u00a0 ha confirmat que Santi Salines Robles,\u00a0 director de l&#8217;Escola Infantil Municipal Zorita \u00e9s un dels deu finalistes que opten al guard\u00f3\u00a0 Educa-Abanca com a millor docent d&#8217;Espanya. L&#8217;educador requenense ja havia sigut nominat al juliol d&#8217;entre m\u00e9s de mil quatre-cents aspirants de tot el pa\u00eds en la categoria d&#8217;Educaci\u00f3 Infantil.\u00a0 Com a finalista, Santi Salines ha sigut convidat a la Gala dels IX Premis Educa, els premis m\u00e9s prestigiosos del pa\u00eds en aquesta mat\u00e8ria, que tindr\u00e0 lloc el 31\u00a0 de gener\u00a0 de 2026 a\u00a0 la Corunya.\u00a0 En el transcurs d&#8217;aquesta gala es revelar\u00e0 el nom del guanyador del millor docent 2025.\u00a0<\/p>\n\n\n\n<p>Per a arribar a la final, el jurat ha valorat objectivament diverses dimensions de l&#8217;educador: la valoraci\u00f3 de les fam\u00edlies del centre educatiu, articles publicats en revistes cient\u00edfiques, llibres publicats, formaci\u00f3 complement\u00e0ria en l&#8217;\u00faltim any, transmissi\u00f3 de valors a l&#8217;aula, impacte de les seues publicacions cient\u00edfiques, participaci\u00f3 en investigacions cient\u00edfiques i \u00fas de metodologies innovadores a l&#8217;aula, entre altres.&nbsp;<\/p>\n\n\n\n<p>Santiago Salines Robles (1980), \u00e9s actualment director de l&#8217;Escola Infantil Municipal Zorita. S&#8217;ha format com a Professor de m\u00fasica en el Conservatori \u201cSant Rafael\u201d de Bunyol (1999), T\u00e8cnic Superior d&#8217;Educaci\u00f3 Infantil en l&#8217;IES 1 Requena (2010), completant la seua formaci\u00f3 com a Assistent Casa de Xiquets Montessori (2013) i especialista en pedagogia Waldorf Steiner (2022). Ha realitzat formacions complement\u00e0ries amb Celine Hameury (m\u00e8tode Montessori), Cristina Sanz (Disciplina Positiva), Hendrik Vaneeckhaute (psicomotricitat) i o el reconegut psiquiatre Rolando Benenzon (musicoter\u00e0pia).&nbsp;<\/p>\n\n\n\n<p>En 2022 va rebre el primer premi a l&#8217;experi\u00e8ncia innovadora a l&#8217;aula concedit per l&#8217;Associaci\u00f3 Mundial d&#8217;Educadors Infantils i va participar com a ponent del congr\u00e9s internacional d&#8217;educaci\u00f3 infantil en 2023 organitzat per AMEI-WAECE. Ha publicat en la revista trimestral de l&#8217;Associaci\u00f3 Mundial d&#8217;Educadors Infantils i \u00e9s autor de dos contes infantils. Actualment compagina la seua labor d&#8217;educador i director del centre municipal EIM Zorita de Requena amb el de professor m\u00fasica a l&#8217;Escola de M\u00fasica \u00abSanta Cecilia\u00bb.<\/p>\n\n\n\n<p>Des de la plataforma EDUCA es convoquen anualment els Premis EDUCA als Millors Docents de centres p\u00fablics i privats d&#8217;Espanya amb la finalitat de recon\u00e9ixer p\u00fablicament la labor dels grans docents que viuen i gaudeixen el seu treball, eduquen per a la vida al seu alumnat i s&#8217;involucren al m\u00e0xim en tot el proc\u00e9s educatiu, tant dins com fora de l&#8217;aula. La convocat\u00f2ria \u00e9s anual i ja \u00e9s un referent dins de la societat espanyola. Informa, Luis Ib\u00e1\u00f1ez.<\/p>\n\n\n\n<figure class=\"wp-block-image size-full\"><img loading=\"lazy\" decoding=\"async\" width=\"1024\" height=\"768\" src=\"http:\/\/www.tucomarca.com\/wordpress\/segunda\/wp-content\/uploads\/2025\/10\/Antigua-Escuela-Zorita.jpg\" alt=\"\" class=\"wp-image-282723\" srcset=\"https:\/\/www.tucomarca.com\/wordpress\/segunda\/wp-content\/uploads\/2025\/10\/Antigua-Escuela-Zorita.jpg 1024w, https:\/\/www.tucomarca.com\/wordpress\/segunda\/wp-content\/uploads\/2025\/10\/Antigua-Escuela-Zorita-300x225.jpg 300w, https:\/\/www.tucomarca.com\/wordpress\/segunda\/wp-content\/uploads\/2025\/10\/Antigua-Escuela-Zorita-768x576.jpg 768w, https:\/\/www.tucomarca.com\/wordpress\/segunda\/wp-content\/uploads\/2025\/10\/Antigua-Escuela-Zorita-678x509.jpg 678w, https:\/\/www.tucomarca.com\/wordpress\/segunda\/wp-content\/uploads\/2025\/10\/Antigua-Escuela-Zorita-326x245.jpg 326w, https:\/\/www.tucomarca.com\/wordpress\/segunda\/wp-content\/uploads\/2025\/10\/Antigua-Escuela-Zorita-80x60.jpg 80w\" sizes=\"auto, (max-width: 1024px) 100vw, 1024px\" \/><\/figure>\n","protected":false},"excerpt":{"rendered":"<div class=\"mh-excerpt\">En el transcurs de la Gala de la Corunya es revelar\u00e0 el nom del guanyador.&nbsp; Aquest dimecres, 15 d&#8217;octubre, la Fundaci\u00f3 Educa\u00a0 ha confirmat que Santi Salines Robles,\u00a0 director de l&#8217;Escola Infantil Municipal Zorita \u00e9s <a class=\"mh-excerpt-more\" href=\"https:\/\/www.tucomarca.com\/wordpress\/segunda\/ca\/santi-salines-descola-zorita-arriba-a-la-final-dels-premis-educa-al-millor-docent-despanya\/\" title=\"Santi Salines, d&#8217;Escola Zorita, arriba a la final dels Premis Educa al millor docent d&#8217;Espanya.\">[+] <\/a><\/div>\n","protected":false},"author":13,"featured_media":272543,"comment_status":"open","ping_status":"open","sticky":false,"template":"","format":"standard","meta":{"footnotes":""},"categories":[10948,10894,11007,10908,10909,10896],"tags":[15856,10910],"class_list":{"0":"post-282726","1":"post","2":"type-post","3":"status-publish","4":"format-standard","5":"has-post-thumbnail","7":"category-infraestructuras-ca","8":"category-la-comarca-ca","9":"category-ocio-y-cultura-ca","10":"category-requena-ca","11":"category-requena-utiel-ca","12":"category-seccion-ca","13":"tag-ocio-y-cultura-ca","14":"tag-requena-utiel-ca"},"_links":{"self":[{"href":"https:\/\/www.tucomarca.com\/wordpress\/segunda\/ca\/wp-json\/wp\/v2\/posts\/282726","targetHints":{"allow":["GET"]}}],"collection":[{"href":"https:\/\/www.tucomarca.com\/wordpress\/segunda\/ca\/wp-json\/wp\/v2\/posts"}],"about":[{"href":"https:\/\/www.tucomarca.com\/wordpress\/segunda\/ca\/wp-json\/wp\/v2\/types\/post"}],"author":[{"embeddable":true,"href":"https:\/\/www.tucomarca.com\/wordpress\/segunda\/ca\/wp-json\/wp\/v2\/users\/13"}],"replies":[{"embeddable":true,"href":"https:\/\/www.tucomarca.com\/wordpress\/segunda\/ca\/wp-json\/wp\/v2\/comments?post=282726"}],"version-history":[{"count":0,"href":"https:\/\/www.tucomarca.com\/wordpress\/segunda\/ca\/wp-json\/wp\/v2\/posts\/282726\/revisions"}],"wp:featuredmedia":[{"embeddable":true,"href":"https:\/\/www.tucomarca.com\/wordpress\/segunda\/ca\/wp-json\/wp\/v2\/media\/272543"}],"wp:attachment":[{"href":"https:\/\/www.tucomarca.com\/wordpress\/segunda\/ca\/wp-json\/wp\/v2\/media?parent=282726"}],"wp:term":[{"taxonomy":"category","embeddable":true,"href":"https:\/\/www.tucomarca.com\/wordpress\/segunda\/ca\/wp-json\/wp\/v2\/categories?post=282726"},{"taxonomy":"post_tag","embeddable":true,"href":"https:\/\/www.tucomarca.com\/wordpress\/segunda\/ca\/wp-json\/wp\/v2\/tags?post=282726"}],"curies":[{"name":"wp","href":"https:\/\/api.w.org\/{rel}","templated":true}]}}