{"id":282870,"date":"2025-10-20T11:30:00","date_gmt":"2025-10-20T09:30:00","guid":{"rendered":"https:\/\/www.tucomarca.com\/wordpress\/segunda\/?p=282870"},"modified":"2025-10-20T15:11:05","modified_gmt":"2025-10-20T13:11:05","slug":"fotogaleria-gran-acolliment-de-la-primera-ruta-turistica-teatralitzada-a-xest","status":"publish","type":"post","link":"https:\/\/www.tucomarca.com\/wordpress\/segunda\/ca\/fotogaleria-gran-acolliment-de-la-primera-ruta-turistica-teatralitzada-a-xest\/","title":{"rendered":"Fotogaler\u00eda: Gran acolliment de la primera ruta tur\u00edstica teatralitzada a Xest"},"content":{"rendered":"\n<p>Ahir, diumenge 19 d&#8217;octubre, en el marc de la celebraci\u00f3 de la LII Festa de Verema, des de la Regidoria de Turisme, juntament amb l&#8217;agrupaci\u00f3 local Far\u00e0ndula Teatre, es va organitzar la primera ruta interpretativa teatralitzada pels llocs hist\u00f2rics m\u00e9s emblem\u00e0tics de la poblaci\u00f3.<\/p>\n\n\n\n<p>\u201cQuan em va arribar la proposta per part de Far\u00e0ndula em va semblar que crear una sinergia entre teatre i ruta era una idea genial per a acosta a la gent a la hist\u00f2ria de Xest, ja que la interpretaci\u00f3 t&#8217;ajuda a endinsar-te en l&#8217;\u00e8poca, \u00e9s molt f\u00e0cil d&#8217;imaginar-t&#8217;ho d&#8217;aquesta manera\u201d, explicava la regidora de Turisme, Brenda Jim\u00e9nez. \u201cPer a poder dur a terme aquest projecte hem oferit a Far\u00e0ndula l&#8217;estudi hist\u00f2ric i la nostra col\u00b7laboraci\u00f3 en l&#8217;adquisici\u00f3 del vestuari; el resultat no ha pogut ser millor, ha sigut s\u00faper divertit i interessant\u201d.<\/p>\n\n\n\n<p>La ruta, guiada per la t\u00e8cnica municipal de Turisme Ainhoa M\u00e1s, va comen\u00e7ar en la pla\u00e7a del lugarcico Vell per a anar desgranant les fites hist\u00f2riques m\u00e9s importants de la poblaci\u00f3, recorrent llocs ic\u00f2nics com la pla\u00e7a del Castell, l&#8217;Esgl\u00e9sia San Lucas Evangelista, el mercat municipal o la pla\u00e7a Doctor Cajal. En cada parada els actors i actrius de Far\u00e0ndula van escenificar la hist\u00f2ria narrada per la guia, amb un gran desplegament de vestuari i atrezzo que es va guanyar els aplaudiments de les desenes de persones que els van acompanyar durant un recorregut de 90 minuts pel centre hist\u00f2ric de la poblaci\u00f3.<\/p>\n\n\n\n<p>\u201cDes de l&#8217;Ajuntament s&#8217;han encarregat de la ruta en si i Far\u00e0ndula, per part seua, ha creat les escenes i les ambientacions en les diferents ubicacions. Port\u00e0vem temps pensant en aquest projecte perqu\u00e8 encara que a Xest es fan rutes tur\u00edstiques mai s&#8217;havien fet teatralitzades; ha sigut un projecte exigent, que ha comportat un nombre elevat d&#8217;actors i actrius i molta preparaci\u00f3, per\u00f2 el nostre 25 aniversari ho mereixia\u201d, comentava M\u00aa de la Cruz Deb\u00f3n, presidenta de l&#8217;agrupaci\u00f3 teatral.<\/p>\n\n\n\n<figure class=\"wp-block-gallery has-nested-images columns-2 is-cropped wp-block-gallery-1 is-layout-flex wp-block-gallery-is-layout-flex\">\n<figure class=\"wp-block-image size-large\"><img loading=\"lazy\" decoding=\"async\" width=\"1024\" height=\"691\" data-id=\"282851\" src=\"https:\/\/www.tucomarca.com\/wordpress\/segunda\/wp-content\/uploads\/2025\/10\/Cheste_RutaTeatralizada_1-1024x691.jpg\" alt=\"\" class=\"wp-image-282851\" srcset=\"https:\/\/www.tucomarca.com\/wordpress\/segunda\/wp-content\/uploads\/2025\/10\/Cheste_RutaTeatralizada_1-1024x691.jpg 1024w, https:\/\/www.tucomarca.com\/wordpress\/segunda\/wp-content\/uploads\/2025\/10\/Cheste_RutaTeatralizada_1-300x202.jpg 300w, https:\/\/www.tucomarca.com\/wordpress\/segunda\/wp-content\/uploads\/2025\/10\/Cheste_RutaTeatralizada_1-768x518.jpg 768w, https:\/\/www.tucomarca.com\/wordpress\/segunda\/wp-content\/uploads\/2025\/10\/Cheste_RutaTeatralizada_1.jpg 1181w\" sizes=\"auto, (max-width: 1024px) 100vw, 1024px\" \/><\/figure>\n\n\n\n<figure class=\"wp-block-image size-large\"><img loading=\"lazy\" decoding=\"async\" width=\"1024\" height=\"691\" data-id=\"282853\" src=\"https:\/\/www.tucomarca.com\/wordpress\/segunda\/wp-content\/uploads\/2025\/10\/Cheste_RutaTeatralizada_4-1024x691.jpg\" alt=\"\" class=\"wp-image-282853\" srcset=\"https:\/\/www.tucomarca.com\/wordpress\/segunda\/wp-content\/uploads\/2025\/10\/Cheste_RutaTeatralizada_4-1024x691.jpg 1024w, https:\/\/www.tucomarca.com\/wordpress\/segunda\/wp-content\/uploads\/2025\/10\/Cheste_RutaTeatralizada_4-300x202.jpg 300w, https:\/\/www.tucomarca.com\/wordpress\/segunda\/wp-content\/uploads\/2025\/10\/Cheste_RutaTeatralizada_4-768x518.jpg 768w, https:\/\/www.tucomarca.com\/wordpress\/segunda\/wp-content\/uploads\/2025\/10\/Cheste_RutaTeatralizada_4.jpg 1181w\" sizes=\"auto, (max-width: 1024px) 100vw, 1024px\" \/><\/figure>\n\n\n\n<figure class=\"wp-block-image size-large\"><img loading=\"lazy\" decoding=\"async\" width=\"1024\" height=\"691\" data-id=\"282855\" src=\"https:\/\/www.tucomarca.com\/wordpress\/segunda\/wp-content\/uploads\/2025\/10\/Cheste_RutaTeatralizada_9-1024x691.jpg\" alt=\"\" class=\"wp-image-282855\" srcset=\"https:\/\/www.tucomarca.com\/wordpress\/segunda\/wp-content\/uploads\/2025\/10\/Cheste_RutaTeatralizada_9-1024x691.jpg 1024w, https:\/\/www.tucomarca.com\/wordpress\/segunda\/wp-content\/uploads\/2025\/10\/Cheste_RutaTeatralizada_9-300x202.jpg 300w, https:\/\/www.tucomarca.com\/wordpress\/segunda\/wp-content\/uploads\/2025\/10\/Cheste_RutaTeatralizada_9-768x518.jpg 768w, https:\/\/www.tucomarca.com\/wordpress\/segunda\/wp-content\/uploads\/2025\/10\/Cheste_RutaTeatralizada_9.jpg 1181w\" sizes=\"auto, (max-width: 1024px) 100vw, 1024px\" \/><\/figure>\n\n\n\n<figure class=\"wp-block-image size-large\"><img loading=\"lazy\" decoding=\"async\" width=\"1024\" height=\"691\" data-id=\"282857\" src=\"https:\/\/www.tucomarca.com\/wordpress\/segunda\/wp-content\/uploads\/2025\/10\/Cheste_RutaTeatralizada_10-1024x691.jpg\" alt=\"\" class=\"wp-image-282857\" srcset=\"https:\/\/www.tucomarca.com\/wordpress\/segunda\/wp-content\/uploads\/2025\/10\/Cheste_RutaTeatralizada_10-1024x691.jpg 1024w, https:\/\/www.tucomarca.com\/wordpress\/segunda\/wp-content\/uploads\/2025\/10\/Cheste_RutaTeatralizada_10-300x202.jpg 300w, https:\/\/www.tucomarca.com\/wordpress\/segunda\/wp-content\/uploads\/2025\/10\/Cheste_RutaTeatralizada_10-768x518.jpg 768w, https:\/\/www.tucomarca.com\/wordpress\/segunda\/wp-content\/uploads\/2025\/10\/Cheste_RutaTeatralizada_10.jpg 1181w\" sizes=\"auto, (max-width: 1024px) 100vw, 1024px\" \/><\/figure>\n\n\n\n<figure class=\"wp-block-image size-large\"><img loading=\"lazy\" decoding=\"async\" width=\"1024\" height=\"691\" data-id=\"282859\" src=\"https:\/\/www.tucomarca.com\/wordpress\/segunda\/wp-content\/uploads\/2025\/10\/Cheste_RutaTeatralizada_11-1024x691.jpg\" alt=\"\" class=\"wp-image-282859\" srcset=\"https:\/\/www.tucomarca.com\/wordpress\/segunda\/wp-content\/uploads\/2025\/10\/Cheste_RutaTeatralizada_11-1024x691.jpg 1024w, https:\/\/www.tucomarca.com\/wordpress\/segunda\/wp-content\/uploads\/2025\/10\/Cheste_RutaTeatralizada_11-300x202.jpg 300w, https:\/\/www.tucomarca.com\/wordpress\/segunda\/wp-content\/uploads\/2025\/10\/Cheste_RutaTeatralizada_11-768x518.jpg 768w, https:\/\/www.tucomarca.com\/wordpress\/segunda\/wp-content\/uploads\/2025\/10\/Cheste_RutaTeatralizada_11.jpg 1181w\" sizes=\"auto, (max-width: 1024px) 100vw, 1024px\" \/><\/figure>\n\n\n\n<figure class=\"wp-block-image size-large\"><img loading=\"lazy\" decoding=\"async\" width=\"1024\" height=\"691\" data-id=\"282861\" src=\"https:\/\/www.tucomarca.com\/wordpress\/segunda\/wp-content\/uploads\/2025\/10\/Cheste_RutaTeatralizada_12-1024x691.jpg\" alt=\"\" class=\"wp-image-282861\" srcset=\"https:\/\/www.tucomarca.com\/wordpress\/segunda\/wp-content\/uploads\/2025\/10\/Cheste_RutaTeatralizada_12-1024x691.jpg 1024w, https:\/\/www.tucomarca.com\/wordpress\/segunda\/wp-content\/uploads\/2025\/10\/Cheste_RutaTeatralizada_12-300x202.jpg 300w, https:\/\/www.tucomarca.com\/wordpress\/segunda\/wp-content\/uploads\/2025\/10\/Cheste_RutaTeatralizada_12-768x518.jpg 768w, https:\/\/www.tucomarca.com\/wordpress\/segunda\/wp-content\/uploads\/2025\/10\/Cheste_RutaTeatralizada_12.jpg 1181w\" sizes=\"auto, (max-width: 1024px) 100vw, 1024px\" \/><\/figure>\n\n\n\n<figure class=\"wp-block-image size-large\"><img loading=\"lazy\" decoding=\"async\" width=\"1024\" height=\"691\" data-id=\"282863\" src=\"https:\/\/www.tucomarca.com\/wordpress\/segunda\/wp-content\/uploads\/2025\/10\/Cheste_RutaTeatralizada_14-1024x691.jpg\" alt=\"\" class=\"wp-image-282863\" srcset=\"https:\/\/www.tucomarca.com\/wordpress\/segunda\/wp-content\/uploads\/2025\/10\/Cheste_RutaTeatralizada_14-1024x691.jpg 1024w, https:\/\/www.tucomarca.com\/wordpress\/segunda\/wp-content\/uploads\/2025\/10\/Cheste_RutaTeatralizada_14-300x202.jpg 300w, https:\/\/www.tucomarca.com\/wordpress\/segunda\/wp-content\/uploads\/2025\/10\/Cheste_RutaTeatralizada_14-768x518.jpg 768w, https:\/\/www.tucomarca.com\/wordpress\/segunda\/wp-content\/uploads\/2025\/10\/Cheste_RutaTeatralizada_14.jpg 1181w\" sizes=\"auto, (max-width: 1024px) 100vw, 1024px\" \/><\/figure>\n\n\n\n<figure class=\"wp-block-image size-large\"><img loading=\"lazy\" decoding=\"async\" width=\"1024\" height=\"691\" data-id=\"282865\" src=\"https:\/\/www.tucomarca.com\/wordpress\/segunda\/wp-content\/uploads\/2025\/10\/Cheste_RutaTeatralizada_15-1024x691.jpg\" alt=\"\" class=\"wp-image-282865\" srcset=\"https:\/\/www.tucomarca.com\/wordpress\/segunda\/wp-content\/uploads\/2025\/10\/Cheste_RutaTeatralizada_15-1024x691.jpg 1024w, https:\/\/www.tucomarca.com\/wordpress\/segunda\/wp-content\/uploads\/2025\/10\/Cheste_RutaTeatralizada_15-300x202.jpg 300w, https:\/\/www.tucomarca.com\/wordpress\/segunda\/wp-content\/uploads\/2025\/10\/Cheste_RutaTeatralizada_15-768x518.jpg 768w, https:\/\/www.tucomarca.com\/wordpress\/segunda\/wp-content\/uploads\/2025\/10\/Cheste_RutaTeatralizada_15.jpg 1181w\" sizes=\"auto, (max-width: 1024px) 100vw, 1024px\" \/><\/figure>\n<\/figure>\n","protected":false},"excerpt":{"rendered":"<div class=\"mh-excerpt\">Ahir, diumenge 19 d&#8217;octubre, en el marc de la celebraci\u00f3 de la LII Festa de Verema, des de la Regidoria de Turisme, juntament amb l&#8217;agrupaci\u00f3 local Far\u00e0ndula Teatre, es va organitzar la primera ruta interpretativa <a class=\"mh-excerpt-more\" href=\"https:\/\/www.tucomarca.com\/wordpress\/segunda\/ca\/fotogaleria-gran-acolliment-de-la-primera-ruta-turistica-teatralitzada-a-xest\/\" title=\"Fotogaler\u00eda: Gran acolliment de la primera ruta tur\u00edstica teatralitzada a Xest\">[+] <\/a><\/div>\n","protected":false},"author":12,"featured_media":282868,"comment_status":"open","ping_status":"open","sticky":false,"template":"","format":"gallery","meta":{"footnotes":""},"categories":[10894,10912,11007,10896,10974],"tags":[11071,11618,10914,23195],"class_list":{"0":"post-282870","1":"post","2":"type-post","3":"status-publish","4":"format-gallery","5":"has-post-thumbnail","7":"category-la-comarca-ca","8":"category-la-hoya-ca","9":"category-ocio-y-cultura-ca","10":"category-seccion-ca","11":"category-cheste-ca","12":"tag-cheste","13":"tag-farandula-teatro-cheste-ca","14":"tag-la-hoya-de-bunol-chiva-ca","15":"tag-ruta-turistica-teatralizada-ca","16":"post_format-post-format-gallery"},"_links":{"self":[{"href":"https:\/\/www.tucomarca.com\/wordpress\/segunda\/ca\/wp-json\/wp\/v2\/posts\/282870","targetHints":{"allow":["GET"]}}],"collection":[{"href":"https:\/\/www.tucomarca.com\/wordpress\/segunda\/ca\/wp-json\/wp\/v2\/posts"}],"about":[{"href":"https:\/\/www.tucomarca.com\/wordpress\/segunda\/ca\/wp-json\/wp\/v2\/types\/post"}],"author":[{"embeddable":true,"href":"https:\/\/www.tucomarca.com\/wordpress\/segunda\/ca\/wp-json\/wp\/v2\/users\/12"}],"replies":[{"embeddable":true,"href":"https:\/\/www.tucomarca.com\/wordpress\/segunda\/ca\/wp-json\/wp\/v2\/comments?post=282870"}],"version-history":[{"count":0,"href":"https:\/\/www.tucomarca.com\/wordpress\/segunda\/ca\/wp-json\/wp\/v2\/posts\/282870\/revisions"}],"wp:featuredmedia":[{"embeddable":true,"href":"https:\/\/www.tucomarca.com\/wordpress\/segunda\/ca\/wp-json\/wp\/v2\/media\/282868"}],"wp:attachment":[{"href":"https:\/\/www.tucomarca.com\/wordpress\/segunda\/ca\/wp-json\/wp\/v2\/media?parent=282870"}],"wp:term":[{"taxonomy":"category","embeddable":true,"href":"https:\/\/www.tucomarca.com\/wordpress\/segunda\/ca\/wp-json\/wp\/v2\/categories?post=282870"},{"taxonomy":"post_tag","embeddable":true,"href":"https:\/\/www.tucomarca.com\/wordpress\/segunda\/ca\/wp-json\/wp\/v2\/tags?post=282870"}],"curies":[{"name":"wp","href":"https:\/\/api.w.org\/{rel}","templated":true}]}}