{"id":282886,"date":"2025-10-20T11:00:00","date_gmt":"2025-10-20T09:00:00","guid":{"rendered":"https:\/\/www.tucomarca.com\/wordpress\/segunda\/?p=282886"},"modified":"2025-10-20T14:23:39","modified_gmt":"2025-10-20T12:23:39","slug":"la-conselleria-dinnovacio-financa-sis-projectes-municipals-per-a-previndre-catastrofes-naturals-a-traves-de-nous-sistemes-de-monitoratge-i-alerta","status":"publish","type":"post","link":"https:\/\/www.tucomarca.com\/wordpress\/segunda\/ca\/la-conselleria-dinnovacio-financa-sis-projectes-municipals-per-a-previndre-catastrofes-naturals-a-traves-de-nous-sistemes-de-monitoratge-i-alerta\/","title":{"rendered":"La Conselleria d&#8217;Innovaci\u00f3 finan\u00e7a sis projectes municipals per a previndre cat\u00e0strofes naturals a trav\u00e9s de nous sistemes de monitoratge i alerta"},"content":{"rendered":"\n<h3 class=\"wp-block-heading\">Mari\u00e1n Cano advoca per refor\u00e7ar les eines a la disposici\u00f3 dels municipis per a detectar riscos de manera primerenca i anticipar la resposta.<\/h3>\n\n\n\n<h3 class=\"wp-block-heading\">Els projectes subvencionats milloraran el monitoratge i alerta a la Llosa del Bisbe, l&#8217;Eliana, Cases Baixes, Venta del Moro, Vilamarxant i Bolbait<br>Alacant.<\/h3>\n\n\n\n<p>La Conselleria d&#8217;Innovaci\u00f3, Ind\u00fastria, Comer\u00e7 i Turisme, que dirigeix Mari\u00e1n Cano, finan\u00e7a sis projectes d&#8217;innovaci\u00f3 d&#8217;\u00e0mbit municipal per a previndre desastres naturals com a inundacions o incendis forestals a trav\u00e9s de sistemes avan\u00e7ats de monitoratge i alerta a la poblaci\u00f3.<\/p>\n\n\n\n<p>En total, la Generalitat destinar\u00e0 al voltant de 440.000 euros a donar suport a aquestes iniciatives, enquadrades en el programa Territoris Innovadors, amb la finalitat d&#8217;optimitzar la gesti\u00f3 de les emerg\u00e8ncies i reduir aix\u00ed el seu impacte sobre les infraestructures p\u00fabliques, el medi natural, l&#8217;activitat econ\u00f2mica i especialment la ciutadania.<\/p>\n\n\n\n<p>Per a la consellera Cano, la innovaci\u00f3 aplicada a la prevenci\u00f3 de cat\u00e0strofes \u201cens ofereix l&#8217;oportunitat de refor\u00e7ar les eines a la disposici\u00f3 de les administracions locals per a detectar riscos potencials de manera primerenca i anticipar l&#8217;assignaci\u00f3 de recursos p\u00fablics\u201d.<\/p>\n\n\n\n<p>La prioritat del Consell, ha afirmat, \u00e9s refor\u00e7ar els sistemes de vigil\u00e0ncia i alerta mitjan\u00e7ant la incorporaci\u00f3 de tecnologia d&#8217;avantguarda amb la finalitat d&#8217;optimitzar la resposta davant escenaris d&#8217;emerg\u00e8ncia: \u201cEn aquesta estrat\u00e8gia compartida per garantir la seguretat de les persones i els b\u00e9ns materials, els ajuntaments se situen en primera l\u00ednia. Per aix\u00f2 recolzarem el desenvolupament de noves eines en l&#8217;\u00e0mbit municipal que perseguisquen aquest mateix objectiu\u201d.<\/p>\n\n\n\n<p>Els projectes que secunda Innovaci\u00f3 aposten per l&#8217;\u00fas combinat de diferents tecnologies per a optimitzar el proc\u00e9s de vigil\u00e0ncia i alerta. la Llosa del Bisbe, per exemple, provar\u00e0 un sistema basat en sensors estrat\u00e8gics per a protegir punts cr\u00edtics en municipis rurals sense vigil\u00e0ncia permanent.<\/p>\n\n\n\n<p>Est pilot integrar\u00e0 detecci\u00f3 t\u00e8rmica, gravaci\u00f3 automatitzada d&#8217;esdeveniments i connectivitat xifrada, i podr\u00e0 ser operat pel propi ajuntament o cossos de seguretat externs, per a actuar com a mesura dissuasiva i font de prova en cas d&#8217;incidents com a robatoris, actes vand\u00e0lics o emerg\u00e8ncies. La Generalitat contribuir\u00e0, en aquest cas, amb prop de 90.000 euros.<\/p>\n\n\n\n<p>El projecte de l&#8217;Eliana, que rebr\u00e0 36.000 euros, tamb\u00e9 pret\u00e9n monitorar les zones de la localitat que presenten una major vulnerabilitat enfront d&#8217;inundacions mitjan\u00e7ant un sistema de videovigil\u00e0ncia intel\u00b7ligent.<\/p>\n\n\n\n<p>La detecci\u00f3 preco\u00e7 d&#8217;esdeveniments clim\u00e0tics extrems \u00e9s el repte al qual pret\u00e9n donar resposta l&#8217;Ajuntament de Cases Baixes, que obtindr\u00e0 de la Generalitat un total de 75.000 euros per a desplegar una xarxa de sensors d&#8217;alarma davant fen\u00f2mens meteorol\u00f2gics extraordinaris.<\/p>\n\n\n\n<p>El focus de Venta del Moro se centra, en canvi, en els incendis forestals. El consistori d&#8217;aquesta localitat de l&#8217;interior de Val\u00e8ncia, situada al Parc Natural de les Fal\u00e7s del Cabriol, planteja instal\u00b7lar un sistema de vigil\u00e0ncia preventiva en reserves de la biosfera que facilite l&#8217;extinci\u00f3 de possibles conats de foc abans que s&#8217;estenguen. El suport econ\u00f2mic d&#8217;Innovaci\u00f3 ascendeix, en aquest cas, a 150.000 euros.<\/p>\n\n\n\n<p>Les iniciatives de Vilamarxant i Bolbait, que tamb\u00e9 compten amb el suport del Consell, presenten punts en com\u00fa. El primer disposar\u00e0 d&#8217;una ajuda pr\u00f2xima als 44.000 euros per a desenvolupar un sistema de megafonia intel\u00b7ligent per a la comunicaci\u00f3 p\u00fablica en situacions d&#8217;emerg\u00e8ncia. El segon comptar\u00e0 amb una quantia similar per a impulsar un sistema d&#8217;avisos similar, aix\u00ed com radars pedag\u00f2gics que milloraran els avisos a la ciutadania i la seguretat vi\u00e0ria en el municipi.<\/p>\n\n\n\n<p><strong>Xarxa de sensors intel\u00b7ligents<\/strong><\/p>\n\n\n\n<p>Tamb\u00e9 amb finan\u00e7ament de la Conselleria d&#8217;Innovaci\u00f3, encara que a trav\u00e9s d&#8217;una subvenci\u00f3 nominativa, el Centre d&#8217;Innovaci\u00f3 Territorial RuralTEC treballa en un projecte pilot per a pal\u00b7liar els efectes de la dana a l&#8217;interior de Val\u00e8ncia.<\/p>\n\n\n\n<p>Aquesta iniciativa se centra en la configuraci\u00f3 d&#8217;una xarxa de sensors intel\u00b7ligents capa\u00e7 de monitorar variables clim\u00e0tiques i ambientals en temps real, millorant la capacitat de prevenci\u00f3 i resposta davant fen\u00f2mens meteorol\u00f2gics extrems.<\/p>\n","protected":false},"excerpt":{"rendered":"<div class=\"mh-excerpt\">Mari\u00e1n Cano advoca per refor\u00e7ar les eines a la disposici\u00f3 dels municipis per a detectar riscos de manera primerenca i anticipar la resposta. Els projectes subvencionats milloraran el monitoratge i alerta a la Llosa del <a class=\"mh-excerpt-more\" href=\"https:\/\/www.tucomarca.com\/wordpress\/segunda\/ca\/la-conselleria-dinnovacio-financa-sis-projectes-municipals-per-a-previndre-catastrofes-naturals-a-traves-de-nous-sistemes-de-monitoratge-i-alerta\/\" title=\"La Conselleria d&#8217;Innovaci\u00f3 finan\u00e7a sis projectes municipals per a previndre cat\u00e0strofes naturals a trav\u00e9s de nous sistemes de monitoratge i alerta\">[+] <\/a><\/div>\n","protected":false},"author":1,"featured_media":256749,"comment_status":"open","ping_status":"open","sticky":false,"template":"","format":"standard","meta":{"footnotes":""},"categories":[10890,10892,10924,21466,11046,10898,10948,10894,10904,11024,10893,10903,10947,10909,10896,10897,11060,10927],"tags":[11097,10899,11871,13042,10910,11709,11090],"class_list":{"0":"post-282886","1":"post","2":"type-post","3":"status-publish","4":"format-standard","5":"has-post-thumbnail","7":"category-ademus","8":"category-camp-de-turia-ca","9":"category-cases-baixes","10":"category-dana-ca","11":"category-los-serranos-ca","12":"category-ventana-ca","13":"category-infraestructuras-ca","14":"category-la-comarca-ca","15":"category-sin-categorizar-ca","16":"category-losa-del-obispo-ca","17":"category-leliana-ca","18":"category-medio-ambiente-la-comarca-ca","19":"category-politica","20":"category-requena-utiel-ca","21":"category-seccion-ca","22":"category-sucesos-la-comarca-ca","23":"category-venta-del-moro-ca","24":"category-vilamarxant-ca","25":"tag-ademuz-ca","26":"tag-camp-de-turia-ca","27":"tag-casas-bajas-ca","28":"tag-losa-del-obispo-ca","29":"tag-requena-utiel-ca","30":"tag-venta-del-moro-ca","31":"tag-vilamarxant-ca"},"_links":{"self":[{"href":"https:\/\/www.tucomarca.com\/wordpress\/segunda\/ca\/wp-json\/wp\/v2\/posts\/282886","targetHints":{"allow":["GET"]}}],"collection":[{"href":"https:\/\/www.tucomarca.com\/wordpress\/segunda\/ca\/wp-json\/wp\/v2\/posts"}],"about":[{"href":"https:\/\/www.tucomarca.com\/wordpress\/segunda\/ca\/wp-json\/wp\/v2\/types\/post"}],"author":[{"embeddable":true,"href":"https:\/\/www.tucomarca.com\/wordpress\/segunda\/ca\/wp-json\/wp\/v2\/users\/1"}],"replies":[{"embeddable":true,"href":"https:\/\/www.tucomarca.com\/wordpress\/segunda\/ca\/wp-json\/wp\/v2\/comments?post=282886"}],"version-history":[{"count":0,"href":"https:\/\/www.tucomarca.com\/wordpress\/segunda\/ca\/wp-json\/wp\/v2\/posts\/282886\/revisions"}],"wp:featuredmedia":[{"embeddable":true,"href":"https:\/\/www.tucomarca.com\/wordpress\/segunda\/ca\/wp-json\/wp\/v2\/media\/256749"}],"wp:attachment":[{"href":"https:\/\/www.tucomarca.com\/wordpress\/segunda\/ca\/wp-json\/wp\/v2\/media?parent=282886"}],"wp:term":[{"taxonomy":"category","embeddable":true,"href":"https:\/\/www.tucomarca.com\/wordpress\/segunda\/ca\/wp-json\/wp\/v2\/categories?post=282886"},{"taxonomy":"post_tag","embeddable":true,"href":"https:\/\/www.tucomarca.com\/wordpress\/segunda\/ca\/wp-json\/wp\/v2\/tags?post=282886"}],"curies":[{"name":"wp","href":"https:\/\/api.w.org\/{rel}","templated":true}]}}