{"id":282905,"date":"2025-10-20T11:45:00","date_gmt":"2025-10-20T09:45:00","guid":{"rendered":"https:\/\/www.tucomarca.com\/wordpress\/segunda\/?p=282905"},"modified":"2025-10-20T15:13:54","modified_gmt":"2025-10-20T13:13:54","slug":"benaguasil-celebra-lexaltacio-dels-maxims-representants-per-a-les-falles-2026","status":"publish","type":"post","link":"https:\/\/www.tucomarca.com\/wordpress\/segunda\/ca\/benaguasil-celebra-lexaltacio-dels-maxims-representants-per-a-les-falles-2026\/","title":{"rendered":"Benaguasil celebra l&#8217;exaltaci\u00f3 dels m\u00e0xims representants per a les Falles 2026"},"content":{"rendered":"\n<h3 class=\"wp-block-heading\">Ana Puchau i Paula Ricart van ser proclamades Fallera Major i Fallera Major Infantil i, Manuel Cabrerizo President Infantil.<\/h3>\n\n\n\n<h3 class=\"wp-block-heading\">Representants de les comissions falleres aix\u00ed com juntes locals no van faltar a la cita que marca el calendari d&#8217;inici de les festes.<\/h3>\n\n\n\n<p>Aquest cap de setmana, Benaguasil ha celebrat l&#8217;acte de proclamaci\u00f3 de les quals seran les m\u00e0ximes representants de les Falles per a l&#8217;exercici 2026: Ana Puchau Blay com a Fallera Major, Paula Ricart Castillo com a Fallera Major Infantil, i Manuel Cabrerizo Herv\u00e1s com a President Infantil.<br>La jornada es va iniciar amb una cercavila en el qual les m\u00e0ximes representants de Benaguasil van ser acompanyades per les comissions falleres i per juntes locals de poblacions ve\u00efnes, aix\u00ed com per les autoritats locals des de la Pla\u00e7a Mariano Benlliure fins a les portes de l&#8217;Auditori de la Uni\u00f3 Musical<br>Passades les set de la vesprada donava principi l&#8217;acte, i el p\u00fablic es posava en peus per a rebre a Manuel i a Paula. Tot seguit es va realitzar la imposici\u00f3 de la banda i la joia de mans de la regidor de Falles, Ana Aleixandre.<br>Posteriorment va ser el moment de cridar a la seua cort d&#8217;honor formada per les xiquetes Alexia Calvet, Isabel.la Soler, Nadia Ca\u00f1ete i el xiquet Jose Cebri\u00e1n.<br>Amb els representants infantils presentats va arribar el moment de proclamar a Ana Puchau Blay com a Fallera Major de Benaguasil. Llegida l&#8217;acta d&#8217;elecci\u00f3 i nomenament per la secret\u00e0ria general de Junta Local Fallera, va ser l&#8217;alcalde qui juntament amb la mare d&#8217;Ana li va imposar la banda.<br>Finalitzada la proclamaci\u00f3, es va donar pas a l&#8217;entrada a l&#8217;escenari de les juntes locals de Riba-roja, La Vall d&#8217;Uix\u00f3, Benicarl\u00f3 i Utiel, aix\u00ed com de les 10 comissions falleres de Benaguasil, que abrigallaven amb entusiasme als seus representants.<br>Com a colof\u00f3, la regidor de Falles i l&#8217;alcalde van imposar l&#8217;escut d&#8217;or del municipi a Ana, Paula i Manuel, i tamb\u00e9 a la nova presidenta de la Junta Local Fallera M\u00aa Jos\u00e9 Guillem.<br>L&#8217;acte va concloure amb les solemnes notes dels himnes regional i nacional, tancant una jornada marcada per l&#8217;emoci\u00f3, la tradici\u00f3 i l&#8217;orgull faller.<\/p>\n\n\n\n<figure class=\"wp-block-gallery has-nested-images columns-1 is-cropped wp-block-gallery-1 is-layout-flex wp-block-gallery-is-layout-flex\">\n<figure class=\"wp-block-image size-large\"><img loading=\"lazy\" decoding=\"async\" width=\"1024\" height=\"691\" data-id=\"282895\" src=\"https:\/\/www.tucomarca.com\/wordpress\/segunda\/wp-content\/uploads\/2025\/10\/BenaguasilFFMM04-1024x691.jpg\" alt=\"\" class=\"wp-image-282895\" srcset=\"https:\/\/www.tucomarca.com\/wordpress\/segunda\/wp-content\/uploads\/2025\/10\/BenaguasilFFMM04-1024x691.jpg 1024w, https:\/\/www.tucomarca.com\/wordpress\/segunda\/wp-content\/uploads\/2025\/10\/BenaguasilFFMM04-300x202.jpg 300w, https:\/\/www.tucomarca.com\/wordpress\/segunda\/wp-content\/uploads\/2025\/10\/BenaguasilFFMM04-768x518.jpg 768w, https:\/\/www.tucomarca.com\/wordpress\/segunda\/wp-content\/uploads\/2025\/10\/BenaguasilFFMM04.jpg 1181w\" sizes=\"auto, (max-width: 1024px) 100vw, 1024px\" \/><\/figure>\n\n\n\n<figure class=\"wp-block-image size-large\"><img loading=\"lazy\" decoding=\"async\" width=\"1024\" height=\"691\" data-id=\"282899\" src=\"https:\/\/www.tucomarca.com\/wordpress\/segunda\/wp-content\/uploads\/2025\/10\/BenaguasilFFMM05-1024x691.jpg\" alt=\"\" class=\"wp-image-282899\" srcset=\"https:\/\/www.tucomarca.com\/wordpress\/segunda\/wp-content\/uploads\/2025\/10\/BenaguasilFFMM05-1024x691.jpg 1024w, https:\/\/www.tucomarca.com\/wordpress\/segunda\/wp-content\/uploads\/2025\/10\/BenaguasilFFMM05-300x202.jpg 300w, https:\/\/www.tucomarca.com\/wordpress\/segunda\/wp-content\/uploads\/2025\/10\/BenaguasilFFMM05-768x518.jpg 768w, https:\/\/www.tucomarca.com\/wordpress\/segunda\/wp-content\/uploads\/2025\/10\/BenaguasilFFMM05.jpg 1181w\" sizes=\"auto, (max-width: 1024px) 100vw, 1024px\" \/><\/figure>\n\n\n\n<figure class=\"wp-block-image size-large\"><img loading=\"lazy\" decoding=\"async\" width=\"1024\" height=\"691\" data-id=\"282893\" src=\"https:\/\/www.tucomarca.com\/wordpress\/segunda\/wp-content\/uploads\/2025\/10\/BenaguasilFFMM01-1024x691.jpg\" alt=\"\" class=\"wp-image-282893\" srcset=\"https:\/\/www.tucomarca.com\/wordpress\/segunda\/wp-content\/uploads\/2025\/10\/BenaguasilFFMM01-1024x691.jpg 1024w, https:\/\/www.tucomarca.com\/wordpress\/segunda\/wp-content\/uploads\/2025\/10\/BenaguasilFFMM01-300x202.jpg 300w, https:\/\/www.tucomarca.com\/wordpress\/segunda\/wp-content\/uploads\/2025\/10\/BenaguasilFFMM01-768x518.jpg 768w, https:\/\/www.tucomarca.com\/wordpress\/segunda\/wp-content\/uploads\/2025\/10\/BenaguasilFFMM01.jpg 1181w\" sizes=\"auto, (max-width: 1024px) 100vw, 1024px\" \/><\/figure>\n\n\n\n<figure class=\"wp-block-image size-large\"><img loading=\"lazy\" decoding=\"async\" width=\"1024\" height=\"691\" data-id=\"282897\" src=\"https:\/\/www.tucomarca.com\/wordpress\/segunda\/wp-content\/uploads\/2025\/10\/BenaguasilFFMM03-1024x691.jpg\" alt=\"\" class=\"wp-image-282897\" srcset=\"https:\/\/www.tucomarca.com\/wordpress\/segunda\/wp-content\/uploads\/2025\/10\/BenaguasilFFMM03-1024x691.jpg 1024w, https:\/\/www.tucomarca.com\/wordpress\/segunda\/wp-content\/uploads\/2025\/10\/BenaguasilFFMM03-300x202.jpg 300w, https:\/\/www.tucomarca.com\/wordpress\/segunda\/wp-content\/uploads\/2025\/10\/BenaguasilFFMM03-768x518.jpg 768w, https:\/\/www.tucomarca.com\/wordpress\/segunda\/wp-content\/uploads\/2025\/10\/BenaguasilFFMM03.jpg 1181w\" sizes=\"auto, (max-width: 1024px) 100vw, 1024px\" \/><\/figure>\n<\/figure>\n","protected":false},"excerpt":{"rendered":"<div class=\"mh-excerpt\">Ana Puchau i Paula Ricart van ser proclamades Fallera Major i Fallera Major Infantil i, Manuel Cabrerizo President Infantil. Representants de les comissions falleres aix\u00ed com juntes locals no van faltar a la cita que <a class=\"mh-excerpt-more\" href=\"https:\/\/www.tucomarca.com\/wordpress\/segunda\/ca\/benaguasil-celebra-lexaltacio-dels-maxims-representants-per-a-les-falles-2026\/\" title=\"Benaguasil celebra l&#8217;exaltaci\u00f3 dels m\u00e0xims representants per a les Falles 2026\">[+] <\/a><\/div>\n","protected":false},"author":12,"featured_media":282892,"comment_status":"open","ping_status":"open","sticky":false,"template":"","format":"gallery","meta":{"footnotes":""},"categories":[10952,10892,10894,11004,11007,10896],"tags":[11136,10899,23199],"class_list":{"0":"post-282905","1":"post","2":"type-post","3":"status-publish","4":"format-gallery","5":"has-post-thumbnail","7":"category-benaguasil-ca","8":"category-camp-de-turia-ca","9":"category-la-comarca-ca","10":"category-la-semana-en-imagenes-ca","11":"category-ocio-y-cultura-ca","12":"category-seccion-ca","13":"tag-benaguasil-ca","14":"tag-camp-de-turia-ca","15":"tag-fallas-2026-ca","16":"post_format-post-format-gallery"},"_links":{"self":[{"href":"https:\/\/www.tucomarca.com\/wordpress\/segunda\/ca\/wp-json\/wp\/v2\/posts\/282905","targetHints":{"allow":["GET"]}}],"collection":[{"href":"https:\/\/www.tucomarca.com\/wordpress\/segunda\/ca\/wp-json\/wp\/v2\/posts"}],"about":[{"href":"https:\/\/www.tucomarca.com\/wordpress\/segunda\/ca\/wp-json\/wp\/v2\/types\/post"}],"author":[{"embeddable":true,"href":"https:\/\/www.tucomarca.com\/wordpress\/segunda\/ca\/wp-json\/wp\/v2\/users\/12"}],"replies":[{"embeddable":true,"href":"https:\/\/www.tucomarca.com\/wordpress\/segunda\/ca\/wp-json\/wp\/v2\/comments?post=282905"}],"version-history":[{"count":0,"href":"https:\/\/www.tucomarca.com\/wordpress\/segunda\/ca\/wp-json\/wp\/v2\/posts\/282905\/revisions"}],"wp:featuredmedia":[{"embeddable":true,"href":"https:\/\/www.tucomarca.com\/wordpress\/segunda\/ca\/wp-json\/wp\/v2\/media\/282892"}],"wp:attachment":[{"href":"https:\/\/www.tucomarca.com\/wordpress\/segunda\/ca\/wp-json\/wp\/v2\/media?parent=282905"}],"wp:term":[{"taxonomy":"category","embeddable":true,"href":"https:\/\/www.tucomarca.com\/wordpress\/segunda\/ca\/wp-json\/wp\/v2\/categories?post=282905"},{"taxonomy":"post_tag","embeddable":true,"href":"https:\/\/www.tucomarca.com\/wordpress\/segunda\/ca\/wp-json\/wp\/v2\/tags?post=282905"}],"curies":[{"name":"wp","href":"https:\/\/api.w.org\/{rel}","templated":true}]}}