{"id":282954,"date":"2025-10-20T11:35:00","date_gmt":"2025-10-20T09:35:00","guid":{"rendered":"https:\/\/www.tucomarca.com\/wordpress\/segunda\/?p=282954"},"modified":"2025-10-20T21:04:04","modified_gmt":"2025-10-20T19:04:04","slug":"la-biblioteca-dalboraig-gana-el-premi-maria-moliner-pel-seu-projecte-la-lectura-ens-anima","status":"publish","type":"post","link":"https:\/\/www.tucomarca.com\/wordpress\/segunda\/ca\/la-biblioteca-dalboraig-gana-el-premi-maria-moliner-pel-seu-projecte-la-lectura-ens-anima\/","title":{"rendered":"La Biblioteca d&#8217;Alboraig gana el Premi Mar\u00eda Moliner pel seu projecte \u201cLa lectura ens anima\u201d"},"content":{"rendered":"\n<p>La Biblioteca Municipal d&#8217;Alboraig ha sigut reconeguda amb un dels Premis Mar\u00eda Moliner de Animaci\u00f3n a la Lectura, en el marc del Concurs de Projectes de Animaci\u00f3n a la Lectura Mar\u00eda Moliner, convocat pel Ministeri de Cultura.<br>El galard\u00f3n ha sigut concedit al projecte \u201cLa lectura ens anima (La biblioteca com a centre de cohesi\u00f3n cultural i social)\u201d, una iniciativa que converteix a la biblioteca en un espai viu de trobada, creativitat i participaci\u00f3n ciutadana, fomentant la lectura com a eina de inclusi\u00f3n i desenvolupament comunitari.<br>Gr\u00e0cies a aquest reconeixement, la Biblioteca d&#8217;Alboraig recibir\u00e1 una dotaci\u00f3n econ\u00f3mica de 2.777 euros, que es destinar\u00e1 \u00edntegramente a la compra de nous llibres i altres publicacions, ampliant as\u00ed els fons bibliogr\u00e1ficos i millorant l&#8217;oferta cultural per a tots els ve\u00efns del municipi.<br>L&#8217;alcalde d&#8217;Alboraig, Jes\u00fas Hig\u00f3n, ha destacat que \u201caquest premi \u00e9s un reconeixement a l&#8217;esfor\u00e7 i la ilusi\u00f3n de l&#8217;equip de govern d&#8217;Alborache i de totes les persones que participen en les seues activitats. La lectura continua sent un motor fonamental per a la cultura local i la cohesi\u00f3n social\u201d.<br>El Concurs Mar\u00eda Moliner t\u00e9 com a objectiu premiar a les biblioteques de municipis de menys de 50.000 habitants que desenvolupen els millors projectes de animaci\u00f3n a la lectura, inclusi\u00f3n social i dinamizaci\u00f3n cultural.<br>Amb aquest reconeixement, Alboraig es consolida com un referent en el foment de la lectura i la participaci\u00f3n cultural en la Comunitat Valenciana.<\/p>\n","protected":false},"excerpt":{"rendered":"<div class=\"mh-excerpt\">La Biblioteca Municipal d&#8217;Alboraig ha sigut reconeguda amb un dels Premis Mar\u00eda Moliner de Animaci\u00f3n a la Lectura, en el marc del Concurs de Projectes de Animaci\u00f3n a la Lectura Mar\u00eda Moliner, convocat pel Ministeri <a class=\"mh-excerpt-more\" href=\"https:\/\/www.tucomarca.com\/wordpress\/segunda\/ca\/la-biblioteca-dalboraig-gana-el-premi-maria-moliner-pel-seu-projecte-la-lectura-ens-anima\/\" title=\"La Biblioteca d&#8217;Alboraig gana el Premi Mar\u00eda Moliner pel seu projecte \u201cLa lectura ens anima\u201d\">[+] <\/a><\/div>\n","protected":false},"author":12,"featured_media":282952,"comment_status":"open","ping_status":"open","sticky":false,"template":"","format":"standard","meta":{"footnotes":""},"categories":[10973,10894,10912,11007,10896],"tags":[11224,10914,23200],"class_list":{"0":"post-282954","1":"post","2":"type-post","3":"status-publish","4":"format-standard","5":"has-post-thumbnail","7":"category-alborache-ca","8":"category-la-comarca-ca","9":"category-la-hoya-ca","10":"category-ocio-y-cultura-ca","11":"category-seccion-ca","12":"tag-alborache-ca","13":"tag-la-hoya-de-bunol-chiva-ca","14":"tag-premio-maria-moliner-ca"},"_links":{"self":[{"href":"https:\/\/www.tucomarca.com\/wordpress\/segunda\/ca\/wp-json\/wp\/v2\/posts\/282954","targetHints":{"allow":["GET"]}}],"collection":[{"href":"https:\/\/www.tucomarca.com\/wordpress\/segunda\/ca\/wp-json\/wp\/v2\/posts"}],"about":[{"href":"https:\/\/www.tucomarca.com\/wordpress\/segunda\/ca\/wp-json\/wp\/v2\/types\/post"}],"author":[{"embeddable":true,"href":"https:\/\/www.tucomarca.com\/wordpress\/segunda\/ca\/wp-json\/wp\/v2\/users\/12"}],"replies":[{"embeddable":true,"href":"https:\/\/www.tucomarca.com\/wordpress\/segunda\/ca\/wp-json\/wp\/v2\/comments?post=282954"}],"version-history":[{"count":0,"href":"https:\/\/www.tucomarca.com\/wordpress\/segunda\/ca\/wp-json\/wp\/v2\/posts\/282954\/revisions"}],"wp:featuredmedia":[{"embeddable":true,"href":"https:\/\/www.tucomarca.com\/wordpress\/segunda\/ca\/wp-json\/wp\/v2\/media\/282952"}],"wp:attachment":[{"href":"https:\/\/www.tucomarca.com\/wordpress\/segunda\/ca\/wp-json\/wp\/v2\/media?parent=282954"}],"wp:term":[{"taxonomy":"category","embeddable":true,"href":"https:\/\/www.tucomarca.com\/wordpress\/segunda\/ca\/wp-json\/wp\/v2\/categories?post=282954"},{"taxonomy":"post_tag","embeddable":true,"href":"https:\/\/www.tucomarca.com\/wordpress\/segunda\/ca\/wp-json\/wp\/v2\/tags?post=282954"}],"curies":[{"name":"wp","href":"https:\/\/api.w.org\/{rel}","templated":true}]}}