{"id":283057,"date":"2025-10-21T10:10:00","date_gmt":"2025-10-21T08:10:00","guid":{"rendered":"https:\/\/www.tucomarca.com\/wordpress\/segunda\/?p=283057"},"modified":"2025-10-21T19:32:18","modified_gmt":"2025-10-21T17:32:18","slug":"el-projecte-futur-projecta-utiel-requena-com-a-referent-en-talent-innovacio-i-desenvolupament-rural","status":"publish","type":"post","link":"https:\/\/www.tucomarca.com\/wordpress\/segunda\/ca\/el-projecte-futur-projecta-utiel-requena-com-a-referent-en-talent-innovacio-i-desenvolupament-rural\/","title":{"rendered":"El Projecte futUR projecta Utiel-Requena com a referent en talent, innovaci\u00f3 i desenvolupament rural"},"content":{"rendered":"\n<h3 class=\"wp-block-heading\">La <strong>Mancomunidad del Interior Tierra del Vino<\/strong> col\u00b7labora amb la <strong>Universitat Polit\u00e8cnica de Val\u00e8ncia<\/strong> i la <strong>Diputaci\u00f3 de Val\u00e8ncia<\/strong> en esta iniciativa pionera que busca atraure talent, fomentar la innovaci\u00f3 i consolidar el desenvolupament sostenible al territori.<\/h3>\n\n\n\n<p>La <strong>Mancomunidad del Interior Tierra del Vino (MITV)<\/strong> participa en el <strong>projecte futUR<\/strong>, una alian\u00e7a estrat\u00e8gica amb la <strong>Universitat Polit\u00e8cnica de Val\u00e8ncia (UPV)<\/strong> i la <strong>Diputaci\u00f3 de Val\u00e8ncia<\/strong> destinada a convertir la comarca d\u2019<strong>Utiel-Requena<\/strong> en un <strong>polo de talent, innovaci\u00f3 i emprenedoria rural<\/strong>.<\/p>\n\n\n\n<p>El programa pret\u00e9n <strong>enfortir la connexi\u00f3 entre universitat, empreses i institucions locals<\/strong>, promovent la creaci\u00f3 de noves oportunitats laborals i el desenvolupament sostenible del territori. La jornada de presentaci\u00f3 d\u2019este projecte se celebra este <strong>dijous 23 d\u2019octubre<\/strong> en la <strong>Finca Calder\u00f3n Enoresort<\/strong> i est\u00e0 oberta a tota la ciutadania, pr\u00e8via inscripci\u00f3 gratu\u00efta.<\/p>\n\n\n\n<p>\u201cEstem conven\u00e7uts que esta col\u00b7laboraci\u00f3 ser\u00e0 molt fruct\u00edfera. El projecte <strong>futUR<\/strong> representa un esfor\u00e7 com\u00fa de tots els agents de la societat per a fer prosperar la nostra comarca, comptant amb el nostre millor talent\u201d, ha assenyalat <strong>Luis Francisco L\u00f3pez<\/strong>, president de la <strong>MITV<\/strong>.<\/p>\n\n\n\n<p>El projecte compta, a m\u00e9s, amb la col\u00b7laboraci\u00f3 de la <strong>Denominaci\u00f3n de Origen Utiel-Requena<\/strong> i de l\u2019<strong>Escola de Viticultura i Enologia F\u00e9lix Jim\u00e9nez de Requena<\/strong>, reflectint el comprom\u00eds conjunt del sector p\u00fablic i privat amb el progr\u00e9s de la comarca.<\/p>\n\n\n\n<p>Durant la jornada, es presentaran <strong>casos d\u2019\u00e8xit, experi\u00e8ncies inspiradores i projectes col\u00b7laboratius<\/strong>, que demostraran com la uni\u00f3 entre coneixement, innovaci\u00f3 i comprom\u00eds local pot impulsar el desenvolupament de les zones rurals.<\/p>\n\n\n\n<h3 class=\"wp-block-heading\">La MITV com a agent dinamitzador de la comarca<\/h3>\n\n\n\n<p>La col\u00b7laboraci\u00f3 amb la <strong>UPV<\/strong> i la <strong>Diputaci\u00f3 de Val\u00e8ncia<\/strong> es materialitza a trav\u00e9s de l\u2019equip t\u00e8cnic del <strong>Projecte d\u2019Ocupaci\u00f3 i Desenvolupament Comarcal de la MITV, Adapt@+t<\/strong>, de manera que es facilita l\u2019obtenci\u00f3 d\u2019informaci\u00f3 molt valuosa sobre el teixit empresarial i productiu de la comarca, especialment per a la realitzaci\u00f3 de diagn\u00f2stics que permeten con\u00e9ixer les necessitats i demandes m\u00e9s urgents per al desenvolupament socioecon\u00f2mic sostenible del territori.<\/p>\n\n\n\n<p>Amb el <strong>projecte futUR<\/strong>, la <strong>MITV<\/strong> consolida el seu paper com a <strong>agent dinamitzador del desenvolupament comarcal<\/strong>, apostant per un model de creixement que uneix <strong>innovaci\u00f3, coneixement i territori<\/strong> per a enfortir el futur de la comarca <strong>Utiel-Requena<\/strong>.<\/p>\n\n\n\n<p>El <strong>Projecte Adapt@+t<\/strong> forma part del <strong>Programa Empace 2025-2026<\/strong> del <strong>Servei Valenci\u00e0 d\u2019Ocupaci\u00f3 i Formaci\u00f3 (Labora)<\/strong> i s\u2019emmarca dins de l\u2019<strong>Acord Territorial per l\u2019Ocupaci\u00f3 i el Desenvolupament Local<\/strong>, signat per la <strong>MITV<\/strong> juntament amb els <strong>nou municipis<\/strong> que la integren: <strong>Camporrobles, Caudete de las Fuentes, Chera, Fuenterrobles, Requena, Sinarcas, Utiel, Venta del Moro i Villargordo del Cabriel<\/strong>.<\/p>\n\n\n\n<p><\/p>\n","protected":false},"excerpt":{"rendered":"<div class=\"mh-excerpt\">La Mancomunidad del Interior Tierra del Vino col\u00b7labora amb la Universitat Polit\u00e8cnica de Val\u00e8ncia i la Diputaci\u00f3 de Val\u00e8ncia en esta iniciativa pionera que busca atraure talent, fomentar la innovaci\u00f3 i consolidar el desenvolupament sostenible <a class=\"mh-excerpt-more\" href=\"https:\/\/www.tucomarca.com\/wordpress\/segunda\/ca\/el-projecte-futur-projecta-utiel-requena-com-a-referent-en-talent-innovacio-i-desenvolupament-rural\/\" title=\"El Projecte futUR projecta Utiel-Requena com a referent en talent, innovaci\u00f3 i desenvolupament rural\">[+] <\/a><\/div>\n","protected":false},"author":12,"featured_media":283056,"comment_status":"open","ping_status":"open","sticky":false,"template":"","format":"standard","meta":{"footnotes":""},"categories":[11019,11031,11032,11054,10898,11055,10948,10894,10903,10947,10908,10909,10896,11058,11059,11060,11061],"tags":[12387,23204,10910],"class_list":{"0":"post-283057","1":"post","2":"type-post","3":"status-publish","4":"format-standard","5":"has-post-thumbnail","7":"category-agenda-ca","8":"category-camporrobles-ca","9":"category-caudete-ca","10":"category-chera-ca","11":"category-ventana-ca","12":"category-fuenterrobles-ca","13":"category-infraestructuras-ca","14":"category-la-comarca-ca","15":"category-medio-ambiente-la-comarca-ca","16":"category-politica","17":"category-requena-ca","18":"category-requena-utiel-ca","19":"category-seccion-ca","20":"category-sinarcas-ca","21":"category-utiel-ca","22":"category-venta-del-moro-ca","23":"category-villargordo-del-cabriel-ca","24":"tag-mancomunidad-del-interior-tierra-del-vino-ca","25":"tag-proyecto-futur-ca","26":"tag-requena-utiel-ca"},"_links":{"self":[{"href":"https:\/\/www.tucomarca.com\/wordpress\/segunda\/ca\/wp-json\/wp\/v2\/posts\/283057","targetHints":{"allow":["GET"]}}],"collection":[{"href":"https:\/\/www.tucomarca.com\/wordpress\/segunda\/ca\/wp-json\/wp\/v2\/posts"}],"about":[{"href":"https:\/\/www.tucomarca.com\/wordpress\/segunda\/ca\/wp-json\/wp\/v2\/types\/post"}],"author":[{"embeddable":true,"href":"https:\/\/www.tucomarca.com\/wordpress\/segunda\/ca\/wp-json\/wp\/v2\/users\/12"}],"replies":[{"embeddable":true,"href":"https:\/\/www.tucomarca.com\/wordpress\/segunda\/ca\/wp-json\/wp\/v2\/comments?post=283057"}],"version-history":[{"count":0,"href":"https:\/\/www.tucomarca.com\/wordpress\/segunda\/ca\/wp-json\/wp\/v2\/posts\/283057\/revisions"}],"wp:featuredmedia":[{"embeddable":true,"href":"https:\/\/www.tucomarca.com\/wordpress\/segunda\/ca\/wp-json\/wp\/v2\/media\/283056"}],"wp:attachment":[{"href":"https:\/\/www.tucomarca.com\/wordpress\/segunda\/ca\/wp-json\/wp\/v2\/media?parent=283057"}],"wp:term":[{"taxonomy":"category","embeddable":true,"href":"https:\/\/www.tucomarca.com\/wordpress\/segunda\/ca\/wp-json\/wp\/v2\/categories?post=283057"},{"taxonomy":"post_tag","embeddable":true,"href":"https:\/\/www.tucomarca.com\/wordpress\/segunda\/ca\/wp-json\/wp\/v2\/tags?post=283057"}],"curies":[{"name":"wp","href":"https:\/\/api.w.org\/{rel}","templated":true}]}}