{"id":283132,"date":"2025-10-22T11:00:00","date_gmt":"2025-10-22T09:00:00","guid":{"rendered":"https:\/\/www.tucomarca.com\/wordpress\/segunda\/?p=283132"},"modified":"2025-10-22T12:54:20","modified_gmt":"2025-10-22T10:54:20","slug":"el-pp-demana-en-la-diputacio-que-el-govern-accelere-les-obres-hidrauliques-incloses-en-els-plans-de-risc-dinundacio","status":"publish","type":"post","link":"https:\/\/www.tucomarca.com\/wordpress\/segunda\/ca\/el-pp-demana-en-la-diputacio-que-el-govern-accelere-les-obres-hidrauliques-incloses-en-els-plans-de-risc-dinundacio\/","title":{"rendered":"El PP demana en la Diputaci\u00f3 que el Govern accelere les obres hidr\u00e0uliques incloses en els plans de risc d&#8217;inundaci\u00f3"},"content":{"rendered":"\n<h3 class=\"wp-block-heading\">Mazzolari: \u201cLa falta d&#8217;execuci\u00f3 de les obres estructurals recollides en estos plans \u00e9s una greu neglig\u00e8ncia per part de Govern\u201d.<\/h3>\n\n\n\n<p>El Partit Popular en la Diputaci\u00f3 de Val\u00e8ncia ha presentat una moci\u00f3 en la qual exigix al Govern d&#8217;Espanya que \u201caccelere la tramitaci\u00f3 i execuci\u00f3 de les obres hidr\u00e0uliques estructurals recollides en els Plans de Gesti\u00f3 del Risc d&#8217;Inundaci\u00f3 (PGRI) per a les conques mediterr\u00e0nies, especialment a la prov\u00edncia de Val\u00e8ncia\u201d. La iniciativa, que es debatr\u00e0 este dijous, tamb\u00e9 sol\u00b7licita que estes actuacions es doten pressupost\u00e0riament en l&#8217;exercici 2026.<\/p>\n\n\n\n<p>Per a la portaveu del PP en la Diputaci\u00f3, Reme Mazzolari, \u201c\u00e9s necessari actuar amb urg\u00e8ncia i determinaci\u00f3 davant una amena\u00e7a real climatol\u00f2gica que l&#8217;any passat es va cobrar la vida de 229 persones\u201d. \u201cUn risc de pluja extrema que continua existint per fen\u00f2mens com el calfament de la mar, que este estiu ha superat en alguns casos els 28 graus, tres per damunt de la mitjana\u201d, ha argumentat<\/p>\n\n\n\n<p>Malgrat esta situaci\u00f3, ha advertit Mazzolari, \u201cel Govern no executa unes mesures de prevenci\u00f3 ja identificades i planificades en els PGRI, la qual cosa suposa una greu neglig\u00e8ncia per part seua\u201d. En la mateixa l\u00ednia, ha criticat, \u201cel manteniment i neteja de llits, responsabilitat tamb\u00e9 de l&#8217;Estat a trav\u00e9s de les Confederacions Hidrogr\u00e0fiques, \u00e9s manifestament insuficient, agreujant el risc d&#8217;inundacions en el nostre territori\u201d.Per tot aix\u00f2, ha def\u00e9s la portaveu del PP, \u201cla Diputaci\u00f3 ha d&#8217;exigir el compliment d&#8217;estes obres estructurals planificades per a evitar inundacions, esperem que la resta de grups donen suport a esta exig\u00e8ncia i li la puguem traslladar a l&#8217;Executiu\u201d. \u201cNo \u00e9s una q\u00fcesti\u00f3 de color pol\u00edtic, sin\u00f3 de demandar una necessitat, la resposta de la qual ja est\u00e0 definida, al mateix temps que col\u00b7laborem amb mesures complement\u00e0ries de prevenci\u00f3 per a protegir la ciutadania i als nostres pobles\u201d, ha concl\u00f2s.<\/p>\n","protected":false},"excerpt":{"rendered":"<div class=\"mh-excerpt\">Mazzolari: \u201cLa falta d&#8217;execuci\u00f3 de les obres estructurals recollides en estos plans \u00e9s una greu neglig\u00e8ncia per part de Govern\u201d. El Partit Popular en la Diputaci\u00f3 de Val\u00e8ncia ha presentat una moci\u00f3 en la qual <a class=\"mh-excerpt-more\" href=\"https:\/\/www.tucomarca.com\/wordpress\/segunda\/ca\/el-pp-demana-en-la-diputacio-que-el-govern-accelere-les-obres-hidrauliques-incloses-en-els-plans-de-risc-dinundacio\/\" title=\"El PP demana en la Diputaci\u00f3 que el Govern accelere les obres hidr\u00e0uliques incloses en els plans de risc d&#8217;inundaci\u00f3\">[+] <\/a><\/div>\n","protected":false},"author":12,"featured_media":283131,"comment_status":"open","ping_status":"open","sticky":false,"template":"","format":"standard","meta":{"footnotes":""},"categories":[21466,10898,10948,10894,10904,10903,10947,10896,10897],"tags":[23214,23215,19433],"class_list":{"0":"post-283132","1":"post","2":"type-post","3":"status-publish","4":"format-standard","5":"has-post-thumbnail","7":"category-dana-ca","8":"category-ventana-ca","9":"category-infraestructuras-ca","10":"category-la-comarca-ca","11":"category-sin-categorizar-ca","12":"category-medio-ambiente-la-comarca-ca","13":"category-politica","14":"category-seccion-ca","15":"category-sucesos-la-comarca-ca","16":"tag-obras-hidraulicas-ca","17":"tag-pp-de-la-diputacio-de-valencia-ca","18":"tag-reme-mazzolari-ca"},"_links":{"self":[{"href":"https:\/\/www.tucomarca.com\/wordpress\/segunda\/ca\/wp-json\/wp\/v2\/posts\/283132","targetHints":{"allow":["GET"]}}],"collection":[{"href":"https:\/\/www.tucomarca.com\/wordpress\/segunda\/ca\/wp-json\/wp\/v2\/posts"}],"about":[{"href":"https:\/\/www.tucomarca.com\/wordpress\/segunda\/ca\/wp-json\/wp\/v2\/types\/post"}],"author":[{"embeddable":true,"href":"https:\/\/www.tucomarca.com\/wordpress\/segunda\/ca\/wp-json\/wp\/v2\/users\/12"}],"replies":[{"embeddable":true,"href":"https:\/\/www.tucomarca.com\/wordpress\/segunda\/ca\/wp-json\/wp\/v2\/comments?post=283132"}],"version-history":[{"count":0,"href":"https:\/\/www.tucomarca.com\/wordpress\/segunda\/ca\/wp-json\/wp\/v2\/posts\/283132\/revisions"}],"wp:featuredmedia":[{"embeddable":true,"href":"https:\/\/www.tucomarca.com\/wordpress\/segunda\/ca\/wp-json\/wp\/v2\/media\/283131"}],"wp:attachment":[{"href":"https:\/\/www.tucomarca.com\/wordpress\/segunda\/ca\/wp-json\/wp\/v2\/media?parent=283132"}],"wp:term":[{"taxonomy":"category","embeddable":true,"href":"https:\/\/www.tucomarca.com\/wordpress\/segunda\/ca\/wp-json\/wp\/v2\/categories?post=283132"},{"taxonomy":"post_tag","embeddable":true,"href":"https:\/\/www.tucomarca.com\/wordpress\/segunda\/ca\/wp-json\/wp\/v2\/tags?post=283132"}],"curies":[{"name":"wp","href":"https:\/\/api.w.org\/{rel}","templated":true}]}}