{"id":283137,"date":"2025-10-22T11:00:00","date_gmt":"2025-10-22T09:00:00","guid":{"rendered":"https:\/\/www.tucomarca.com\/wordpress\/segunda\/?p=283137"},"modified":"2025-10-22T18:10:39","modified_gmt":"2025-10-22T16:10:39","slug":"opinio-a-bocajarro-el-divorci-que-ve-per-joseh-larrazabal","status":"publish","type":"post","link":"https:\/\/www.tucomarca.com\/wordpress\/segunda\/ca\/opinio-a-bocajarro-el-divorci-que-ve-per-joseh-larrazabal\/","title":{"rendered":"Opini\u00f3: A bocajarro. \u201cEl divorci que ve\u201d per J\u00f3seh Larraz\u00e1bal"},"content":{"rendered":"<div class=\"wp-block-image\">\n<figure class=\"alignleft size-full is-resized\"><img loading=\"lazy\" decoding=\"async\" width=\"279\" height=\"280\" src=\"http:\/\/www.tucomarca.com\/wordpress\/segunda\/wp-content\/uploads\/2024\/01\/Larrazabalnueva.jpg\" alt=\"\" class=\"wp-image-208147\" style=\"width:172px;height:auto\"\/><\/figure>\n<\/div>\n\n\n<p>Moltes d\u2019eixes frases com ara: <em>\u201cacostumar-se i resignar-se a ser un equip menut, de la part baixa de la taula\u201d<\/em>, les digu\u00e9rem en LIBRE DIRECTO, dijous passat, concretament en l\u2019entrevista amb Jos\u00e9 P\u00e9rez Alonso, president de LIBERTAD VCF. Un heroi que encara roman en el seu lloc, encara que no sap molt b\u00e9 \u201cper a qu\u00e8\u201d.<br>Si escolteu atentament l\u2019entrevista en LIBRE DIRECTO, voreu que parlem en els mateixos termes que parla el gran CA\u00d1ETE.<\/p>\n\n\n\n<p>Jo ja vaig fer repartici\u00f3 de b\u00e9ns. Va ser un divorci torment\u00f3s que em va costar molts disgustos, que ja afectava la meua salut, fins que vaig dir \u201cProu\u201d.<br>Me\u2019n vaig anar content i orgull\u00f3s de mi mateix per haver-me deixat fins l\u2019\u00faltima gota de la meua sang.<\/p>\n\n\n\n<p>La gent que va hui a Mestalla no ho fa per amor al VCF, ho fa per diversi\u00f3. La fauna que pul\u00b7lula pel vell estadi est\u00e0 composta per fam\u00edlies que van a passar la vesprada, i jovenets que no tenen ni idea del que va ser i hauria de continuar sent el VALENCIA CF, aix\u00ed com eixos resignats que no tenen orgull ni coratge.<\/p>\n\n\n\n<p>\u201cMarxen ja, home, marxen ja, i facen un favor a la hist\u00f2ria del club i a la seua pr\u00f2pia dignitat, la de vost\u00e9s.\u201d<br>El club que un dia es va anomenar VCF no mereix que continuen acudint a la seua cita quinzenal 45.000 v\u00edctimes de la manipulaci\u00f3, incapaces de prendre decisions per si mateixes, que no tenen identitat, coratge, ni ADN del vertader VALENCIA CF.<\/p>\n\n\n\n<p>\u201cMorir amb honor abans que viure de genolls.\u201d<br>No convertisquen el que \u00e9s un drama en una festa de gent necia, conformista, manipulada, sense esperit de lluita&#8230;<br>No s\u2019enganyen m\u00e9s a si mateixos, no permeten que l\u2019entorn, els mitjans de comunicaci\u00f3 i la propietat continuen rient-se i enriquint-se a la seua costa, la de vost\u00e9s, i embrutant la hist\u00f2ria del nostre VALENCIA CF.<\/p>\n\n\n\n<p>Gr\u00e0cies SANTI CA\u00d1IZARES, no deixes d\u2019insistir. Eres dels que encara t\u00e9 valor per dir la veritat.<br>El teu missatge valent hauria de calar.<br>Jo ja ho vaig intentar per\u00f2 a mi em van arraconar, em van degradar, i fins i tot m\u2019insultaren greument en xarxes.<\/p>\n\n\n\n<p>Segueix, Ca\u00f1ete, potser tu tingues eixa for\u00e7a que jo no vaig tindre, i \u00e9s normal perqu\u00e8 jo no s\u00f3c ning\u00fa. Per\u00f2 el que s\u00ed que tinc i sempre tindr\u00e9 fins al dia de la meua mort \u00e9s dignitat, orgull i amor per eixe club hist\u00f2ric que un dia es va anomenar VALENCIA CF.<\/p>\n\n\n\n<p>Hui ja no existeix, nom\u00e9s hi ha un negoci circense, muntat per alguns, que s\u2019anomena VCLIM.<\/p>\n\n\n\n<p>Hi hagu\u00e9 una pel\u00b7l\u00edcula als anys 70 que es deia: <em>EL DIVORCIO QUE VIENE<\/em>, busqueu-la, recupereu-la i preneu bona nota.<br>\u00c9s l\u2019\u00fanica manera que un dia els nostres fills miren arrere i se senten orgullosos dels seus pares per haver tingut HONOR.<\/p>\n\n\n\n<p>La resta nom\u00e9s t\u00e9 un nom: DERROTA.<\/p>\n\n\n\n<p>Fins sempre, VALENCIA CF, i gr\u00e0cies per tot all\u00f2 que un dia ens vas donar. Hui nom\u00e9s queden les cendres del que un dia fores, del que un dia f\u00f3rem tots junts.<br>No t\u2019oblidem.<\/p>\n","protected":false},"excerpt":{"rendered":"<div class=\"mh-excerpt\">Moltes d\u2019eixes frases com ara: \u201cacostumar-se i resignar-se a ser un equip menut, de la part baixa de la taula\u201d, les digu\u00e9rem en LIBRE DIRECTO, dijous passat, concretament en l\u2019entrevista amb Jos\u00e9 P\u00e9rez Alonso, president <a class=\"mh-excerpt-more\" href=\"https:\/\/www.tucomarca.com\/wordpress\/segunda\/ca\/opinio-a-bocajarro-el-divorci-que-ve-per-joseh-larrazabal\/\" title=\"Opini\u00f3: A bocajarro. \u201cEl divorci que ve\u201d per J\u00f3seh Larraz\u00e1bal\">[+] <\/a><\/div>\n","protected":false},"author":12,"featured_media":208147,"comment_status":"open","ping_status":"open","sticky":false,"template":"","format":"standard","meta":{"footnotes":""},"categories":[11014,11003,11021,10896],"tags":[12606,15380],"class_list":{"0":"post-283137","1":"post","2":"type-post","3":"status-publish","4":"format-standard","5":"has-post-thumbnail","7":"category-canal-valencia-cf-ca","8":"category-sports","9":"category-opinion-ca-2","10":"category-seccion-ca","11":"tag-valencia-cf-ca","12":"tag-vcf-ca"},"_links":{"self":[{"href":"https:\/\/www.tucomarca.com\/wordpress\/segunda\/ca\/wp-json\/wp\/v2\/posts\/283137","targetHints":{"allow":["GET"]}}],"collection":[{"href":"https:\/\/www.tucomarca.com\/wordpress\/segunda\/ca\/wp-json\/wp\/v2\/posts"}],"about":[{"href":"https:\/\/www.tucomarca.com\/wordpress\/segunda\/ca\/wp-json\/wp\/v2\/types\/post"}],"author":[{"embeddable":true,"href":"https:\/\/www.tucomarca.com\/wordpress\/segunda\/ca\/wp-json\/wp\/v2\/users\/12"}],"replies":[{"embeddable":true,"href":"https:\/\/www.tucomarca.com\/wordpress\/segunda\/ca\/wp-json\/wp\/v2\/comments?post=283137"}],"version-history":[{"count":0,"href":"https:\/\/www.tucomarca.com\/wordpress\/segunda\/ca\/wp-json\/wp\/v2\/posts\/283137\/revisions"}],"wp:featuredmedia":[{"embeddable":true,"href":"https:\/\/www.tucomarca.com\/wordpress\/segunda\/ca\/wp-json\/wp\/v2\/media\/208147"}],"wp:attachment":[{"href":"https:\/\/www.tucomarca.com\/wordpress\/segunda\/ca\/wp-json\/wp\/v2\/media?parent=283137"}],"wp:term":[{"taxonomy":"category","embeddable":true,"href":"https:\/\/www.tucomarca.com\/wordpress\/segunda\/ca\/wp-json\/wp\/v2\/categories?post=283137"},{"taxonomy":"post_tag","embeddable":true,"href":"https:\/\/www.tucomarca.com\/wordpress\/segunda\/ca\/wp-json\/wp\/v2\/tags?post=283137"}],"curies":[{"name":"wp","href":"https:\/\/api.w.org\/{rel}","templated":true}]}}