{"id":283199,"date":"2025-10-22T11:58:00","date_gmt":"2025-10-22T09:58:00","guid":{"rendered":"https:\/\/www.tucomarca.com\/wordpress\/segunda\/?p=283199"},"modified":"2025-10-22T20:20:10","modified_gmt":"2025-10-22T18:20:10","slug":"la-generalitat-finalitza-la-reconstruccio-de-les-infraestructures-de-xestalgar-despres-dinvertir-18-milions-deuros-i-implementar-millores-enfront-de-futures-inundacions","status":"publish","type":"post","link":"https:\/\/www.tucomarca.com\/wordpress\/segunda\/ca\/la-generalitat-finalitza-la-reconstruccio-de-les-infraestructures-de-xestalgar-despres-dinvertir-18-milions-deuros-i-implementar-millores-enfront-de-futures-inundacions\/","title":{"rendered":"La Generalitat finalitza la reconstrucci\u00f3 de les infraestructures de Xestalgar despr\u00e9s d&#8217;invertir 1,8 milions d&#8217;euros i implementar millores enfront de futures inundacions"},"content":{"rendered":"\n<h3 class=\"wp-block-heading\">El conseller Vicente Mart\u00ednez Mus visita en el municipi les obres de reparaci\u00f3 de camins i guals danyats per les riuades.<\/h3>\n\n\n\n<h3 class=\"wp-block-heading\">Les actuacions s&#8217;adapten a les noves necessitats del llit i reutilitzen materials del desviament provisional en la CV-36.<\/h3>\n\n\n\n<p>El conseller de Medi Ambient, Infraestructures i Territori, Vicente Mart\u00ednez Mus, ha anunciat el final de la reconstrucci\u00f3 de les infraestructures de Xestalgar danyades per les riuades del passat any, amb una inversi\u00f3 de 1,8 milions d&#8217;euros. Aquesta actuaci\u00f3, ha assenyalat, \u201cno sols s&#8217;ha limitat a reparar els danys provocats pel desbordament del T\u00faria, sin\u00f3 que ha incorporat millores t\u00e8cniques i estructurals que reforcen els camins i guals del municipi per a fer-los m\u00e9s resistents davant futures inundacions, garantint aix\u00ed una mobilitat m\u00e9s segura i duradora per al municipi\u201d.<\/p>\n\n\n\n<p>Mart\u00ednez Mus s&#8217;ha traslladat a Xestalgar per a comprovar, sobre el terreny i juntament amb l&#8217;alcalde Ra\u00fal Pardos, el resultat d&#8217;unes obres \u201cque han retornat la connexi\u00f3 entre tots dos marges del riu T\u00faria, garantint la funcionalitat i la seguretat dels accessos municipals i agr\u00edcoles afectats per les riuades\u201d.<\/p>\n\n\n\n<p>En total, s&#8217;han reconstru\u00eft cinc infraestructures vi\u00e0ries: el cam\u00ed de la depuradora, el gual d&#8217;acc\u00e9s a la depuradora, el cam\u00ed entre el barranc Gabald\u00f3n i el pont Morenillo, el cam\u00ed entre el pont Morenillo i el gual d&#8217;acc\u00e9s a la central hidroel\u00e8ctrica i el propi gual d&#8217;acc\u00e9s a la central.<\/p>\n\n\n\n<p>El conseller d&#8217;Infraestructures ha explicat que els nous guals inundables, situats en el cam\u00ed de la depuradora i en l&#8217;acc\u00e9s a la central hidroel\u00e8ctrica, \u201cs&#8217;han dissenyat amb marcs prefabricats de formig\u00f3 armat, capa\u00e7os de resistir crescudes del T\u00faria i mantindre la seguretat dels usuaris\u201d.<\/p>\n\n\n\n<p>En aquest sentit, ha ressaltat l&#8217;aposta per reutilitzar materials utilitzats en punts com el desviament provisional de la CV-36 sobre el barranc del Pedr\u00eds, que va estar operatiu uns mesos i s&#8217;ha desmantellat. Una estrat\u00e8gia que ha perm\u00e9s accelerar els terminis i aprofundir en l&#8217;efici\u00e8ncia i la sostenibilitat.<\/p>\n\n\n\n<p>Aix\u00ed mateix, els camins s&#8217;han refor\u00e7at amb ferms de formig\u00f3 i proteccions d&#8217;escullera, especialment en les zones m\u00e9s exposades, amb l&#8217;objectiu de previndre danys en futures avingudes.<\/p>\n\n\n\n<p>Durant la visita al municipi, Mart\u00ednez Mus ha assegurat que la Generalitat \u201ccontinua treballant al costat dels ajuntaments per a garantir solucions duradores i segures en la xarxa vi\u00e0ria afectada per les riuades, en una labor que combina coordinaci\u00f3 institucional, enginyeria eficient i resposta r\u00e0pida davant emerg\u00e8ncies clim\u00e0tiques\u201d.<\/p>\n\n\n\n<p>La reconstrucci\u00f3 de les infraestructures de Xestalgar forma part de les 57 obres locals que ha assumit la Generalitat dins del pla &#8216;Recuperem Val\u00e8ncia&#8217; despr\u00e9s de rebre la cessi\u00f3 de compet\u00e8ncies dels ajuntaments afectats, la qual cosa ha perm\u00e9s agilitzar la seua execuci\u00f3 ja que els municipis no tenien mitjans per a executar-les amb rapidesa.<\/p>\n\n\n\n<figure class=\"wp-block-gallery has-nested-images columns-1 is-cropped wp-block-gallery-1 is-layout-flex wp-block-gallery-is-layout-flex\">\n<figure class=\"wp-block-image size-large\"><img loading=\"lazy\" decoding=\"async\" width=\"631\" height=\"798\" data-id=\"283203\" src=\"https:\/\/www.tucomarca.com\/wordpress\/segunda\/wp-content\/uploads\/2025\/10\/251022_MED_-Gestalgar2.jpg\" alt=\"\" class=\"wp-image-283203\" srcset=\"https:\/\/www.tucomarca.com\/wordpress\/segunda\/wp-content\/uploads\/2025\/10\/251022_MED_-Gestalgar2.jpg 631w, https:\/\/www.tucomarca.com\/wordpress\/segunda\/wp-content\/uploads\/2025\/10\/251022_MED_-Gestalgar2-237x300.jpg 237w\" sizes=\"auto, (max-width: 631px) 100vw, 631px\" \/><\/figure>\n\n\n\n<figure class=\"wp-block-image size-large\"><img loading=\"lazy\" decoding=\"async\" width=\"1024\" height=\"549\" data-id=\"283205\" src=\"https:\/\/www.tucomarca.com\/wordpress\/segunda\/wp-content\/uploads\/2025\/10\/251022-Gestalgar3-1024x549.jpg\" alt=\"\" class=\"wp-image-283205\" srcset=\"https:\/\/www.tucomarca.com\/wordpress\/segunda\/wp-content\/uploads\/2025\/10\/251022-Gestalgar3-1024x549.jpg 1024w, https:\/\/www.tucomarca.com\/wordpress\/segunda\/wp-content\/uploads\/2025\/10\/251022-Gestalgar3-300x161.jpg 300w, https:\/\/www.tucomarca.com\/wordpress\/segunda\/wp-content\/uploads\/2025\/10\/251022-Gestalgar3-768x411.jpg 768w, https:\/\/www.tucomarca.com\/wordpress\/segunda\/wp-content\/uploads\/2025\/10\/251022-Gestalgar3.jpg 1290w\" sizes=\"auto, (max-width: 1024px) 100vw, 1024px\" \/><\/figure>\n<\/figure>\n","protected":false},"excerpt":{"rendered":"<div class=\"mh-excerpt\">El conseller Vicente Mart\u00ednez Mus visita en el municipi les obres de reparaci\u00f3 de camins i guals danyats per les riuades. Les actuacions s&#8217;adapten a les noves necessitats del llit i reutilitzen materials del desviament <a class=\"mh-excerpt-more\" href=\"https:\/\/www.tucomarca.com\/wordpress\/segunda\/ca\/la-generalitat-finalitza-la-reconstruccio-de-les-infraestructures-de-xestalgar-despres-dinvertir-18-milions-deuros-i-implementar-millores-enfront-de-futures-inundacions\/\" title=\"La Generalitat finalitza la reconstrucci\u00f3 de les infraestructures de Xestalgar despr\u00e9s d&#8217;invertir 1,8 milions d&#8217;euros i implementar millores enfront de futures inundacions\">[+] <\/a><\/div>\n","protected":false},"author":12,"featured_media":283202,"comment_status":"open","ping_status":"open","sticky":false,"template":"","format":"gallery","meta":{"footnotes":""},"categories":[21466,11046,10898,11034,10948,10894,10904,10903,10947,10896,10897],"tags":[15409,11498,11663,11080,23220],"class_list":{"0":"post-283199","1":"post","2":"type-post","3":"status-publish","4":"format-gallery","5":"has-post-thumbnail","7":"category-dana-ca","8":"category-los-serranos-ca","9":"category-ventana-ca","10":"category-gestalgar-ca","11":"category-infraestructuras-ca","12":"category-la-comarca-ca","13":"category-sin-categorizar-ca","14":"category-medio-ambiente-la-comarca-ca","15":"category-politica","16":"category-seccion-ca","17":"category-sucesos-la-comarca-ca","18":"tag-dana-2-ca","19":"tag-generalitat-valenciana-ca","20":"tag-gestalgar-ca","21":"tag-los-serranos-ca","22":"tag-vicente-martinez-mus-3-ca","23":"post_format-post-format-gallery"},"_links":{"self":[{"href":"https:\/\/www.tucomarca.com\/wordpress\/segunda\/ca\/wp-json\/wp\/v2\/posts\/283199","targetHints":{"allow":["GET"]}}],"collection":[{"href":"https:\/\/www.tucomarca.com\/wordpress\/segunda\/ca\/wp-json\/wp\/v2\/posts"}],"about":[{"href":"https:\/\/www.tucomarca.com\/wordpress\/segunda\/ca\/wp-json\/wp\/v2\/types\/post"}],"author":[{"embeddable":true,"href":"https:\/\/www.tucomarca.com\/wordpress\/segunda\/ca\/wp-json\/wp\/v2\/users\/12"}],"replies":[{"embeddable":true,"href":"https:\/\/www.tucomarca.com\/wordpress\/segunda\/ca\/wp-json\/wp\/v2\/comments?post=283199"}],"version-history":[{"count":0,"href":"https:\/\/www.tucomarca.com\/wordpress\/segunda\/ca\/wp-json\/wp\/v2\/posts\/283199\/revisions"}],"wp:featuredmedia":[{"embeddable":true,"href":"https:\/\/www.tucomarca.com\/wordpress\/segunda\/ca\/wp-json\/wp\/v2\/media\/283202"}],"wp:attachment":[{"href":"https:\/\/www.tucomarca.com\/wordpress\/segunda\/ca\/wp-json\/wp\/v2\/media?parent=283199"}],"wp:term":[{"taxonomy":"category","embeddable":true,"href":"https:\/\/www.tucomarca.com\/wordpress\/segunda\/ca\/wp-json\/wp\/v2\/categories?post=283199"},{"taxonomy":"post_tag","embeddable":true,"href":"https:\/\/www.tucomarca.com\/wordpress\/segunda\/ca\/wp-json\/wp\/v2\/tags?post=283199"}],"curies":[{"name":"wp","href":"https:\/\/api.w.org\/{rel}","templated":true}]}}