{"id":283251,"date":"2025-10-23T11:00:00","date_gmt":"2025-10-23T09:00:00","guid":{"rendered":"https:\/\/www.tucomarca.com\/wordpress\/segunda\/?p=283251"},"modified":"2025-10-23T20:38:16","modified_gmt":"2025-10-23T18:38:16","slug":"la-generalitat-impulsa-el-paper-de-la-joventut-en-la-revitalitzacio-del-medi-rural","status":"publish","type":"post","link":"https:\/\/www.tucomarca.com\/wordpress\/segunda\/ca\/la-generalitat-impulsa-el-paper-de-la-joventut-en-la-revitalitzacio-del-medi-rural\/","title":{"rendered":"La Generalitat impulsa el paper de la joventut en la revitalitzaci\u00f3 del medi rural"},"content":{"rendered":"\n<h3 class=\"wp-block-heading\">El director general d&#8217;Administraci\u00f3 Local, Jos\u00e9 Antonio Redorat, inaugura la Jornada \u2018Generaci\u00f3 Agro: Joves i nous horitzons enfront del repte demogr\u00e0fic\u2019 en la UPV.<\/h3>\n\n\n\n<p>El director general d&#8217;Administraci\u00f3 Local, Jos\u00e9 Antonio Redorat, ha inaugurat la Jornada \u2018Generaci\u00f3 Agro: Joves i nous horitzons enfront del repte demogr\u00e0fic\u2019 a la Universitat Polit\u00e8cnica de Val\u00e8ncia<br>(UPV). Es tracta d&#8217;una activitat organitzada per la C\u00e0tedra AVANT, que forma part de les accions de la Generalitat per a combatre la despoblaci\u00f3 i promoure oportunitats en el medi rural.<\/p>\n\n\n\n<p>Durant l&#8217;obertura, Redorat ha destacat \u201cla import\u00e0ncia de generar escenaris favorables perqu\u00e8 els joves troben en l&#8217;\u00e0mbit rural un espai de desenvolupament personal i professional, garantint serveis i connectivitat que permeten fixar poblaci\u00f3\u201d. Al seu torn, ha subratllat que l&#8217;agricultura \u201c\u00e9s un eix estrat\u00e8gic per a l&#8217;economia de l&#8217;interior, ja que aprofita els recursos end\u00f2gens i contribueix a la sostenibilitat territorial\u201d.<\/p>\n\n\n\n<p>Aix\u00ed mateix, el director general d&#8217;Administraci\u00f3 Local ha reafirmat el comprom\u00eds de la Generalitat amb iniciatives de car\u00e0cter transversal que fomenten la innovaci\u00f3 i l&#8217;emprenedoria en el sector agroalimentari de la Comunitat Valenciana, al mateix temps que ha posat en valor el paper de les cooperatives en les zones d&#8217;interior.<\/p>\n\n\n\n<p>Redorat tamb\u00e9 ha informat sobre les ajudes impulsades per la Conselleria d&#8217;Agricultura, dirigides a joves agricultors i destinades a persones d&#8217;entre 18 i 40 anys que presenten un pla empresarial. El termini per a sol\u00b7licitar aquestes ajudes finalitza el 7 de novembre i les seues quanties oscil\u00b7len entre 30.000 i 80.000 euros, segons factors com la ubicaci\u00f3 en zones despoblades o el tipus de producci\u00f3. Per a nous agricultors, l&#8217;ajuda parteix de 20.000 euros i pot arribar a 70.000 euros, atenent criteris t\u00e8cnics i socials.<\/p>\n\n\n\n<p>La jornada ha comptat amb la participaci\u00f3 de la directora de la C\u00e0tedra AVANT, Mar\u00eda Consuelo Calafat, i la directora de l&#8217;Escola T\u00e8cnica Superior d&#8217;Enginyeria Agron\u00f2mica i del Medi natural de la UPV, Constan\u00e7a Rubio, els qui han ressaltat la import\u00e0ncia de la col\u00b7laboraci\u00f3 entre universitat, administraci\u00f3 i teixit empresarial per a afrontar el repte demogr\u00e0fic.<\/p>\n\n\n\n<p>La jornada inclou la presentaci\u00f3 de l&#8217;estudi \u2018Receptes per a atraure als joves al m\u00f3n agro\u2019, taules redones amb testimoniatges d&#8217;emprenedors i cooperatives, i un tancament a c\u00e0rrec del Grup d&#8217;Investigaci\u00f3 d&#8217;Economia Internacional i Desenvolupament. La trobada reuneix especialistes, estudiants i representants del sector agroalimentari per a reflexionar sobre el paper de la joventut en la revitalitzaci\u00f3 del medi rural i la lluita contra la despoblaci\u00f3.<a><\/a><\/p>\n","protected":false},"excerpt":{"rendered":"<div class=\"mh-excerpt\">El director general d&#8217;Administraci\u00f3 Local, Jos\u00e9 Antonio Redorat, inaugura la Jornada \u2018Generaci\u00f3 Agro: Joves i nous horitzons enfront del repte demogr\u00e0fic\u2019 en la UPV. El director general d&#8217;Administraci\u00f3 Local, Jos\u00e9 Antonio Redorat, ha inaugurat la <a class=\"mh-excerpt-more\" href=\"https:\/\/www.tucomarca.com\/wordpress\/segunda\/ca\/la-generalitat-impulsa-el-paper-de-la-joventut-en-la-revitalitzacio-del-medi-rural\/\" title=\"La Generalitat impulsa el paper de la joventut en la revitalitzaci\u00f3 del medi rural\">[+] <\/a><\/div>\n","protected":false},"author":12,"featured_media":283250,"comment_status":"open","ping_status":"open","sticky":false,"template":"","format":"standard","meta":{"footnotes":""},"categories":[10898,10948,10894,10904,10903,10947,10896],"tags":[23225,11498,23226],"class_list":{"0":"post-283251","1":"post","2":"type-post","3":"status-publish","4":"format-standard","5":"has-post-thumbnail","7":"category-ventana-ca","8":"category-infraestructuras-ca","9":"category-la-comarca-ca","10":"category-sin-categorizar-ca","11":"category-medio-ambiente-la-comarca-ca","12":"category-politica","13":"category-seccion-ca","14":"tag-generacion-agro-ca","15":"tag-generalitat-valenciana-ca","16":"tag-reto-demografico-ca"},"_links":{"self":[{"href":"https:\/\/www.tucomarca.com\/wordpress\/segunda\/ca\/wp-json\/wp\/v2\/posts\/283251","targetHints":{"allow":["GET"]}}],"collection":[{"href":"https:\/\/www.tucomarca.com\/wordpress\/segunda\/ca\/wp-json\/wp\/v2\/posts"}],"about":[{"href":"https:\/\/www.tucomarca.com\/wordpress\/segunda\/ca\/wp-json\/wp\/v2\/types\/post"}],"author":[{"embeddable":true,"href":"https:\/\/www.tucomarca.com\/wordpress\/segunda\/ca\/wp-json\/wp\/v2\/users\/12"}],"replies":[{"embeddable":true,"href":"https:\/\/www.tucomarca.com\/wordpress\/segunda\/ca\/wp-json\/wp\/v2\/comments?post=283251"}],"version-history":[{"count":0,"href":"https:\/\/www.tucomarca.com\/wordpress\/segunda\/ca\/wp-json\/wp\/v2\/posts\/283251\/revisions"}],"wp:featuredmedia":[{"embeddable":true,"href":"https:\/\/www.tucomarca.com\/wordpress\/segunda\/ca\/wp-json\/wp\/v2\/media\/283250"}],"wp:attachment":[{"href":"https:\/\/www.tucomarca.com\/wordpress\/segunda\/ca\/wp-json\/wp\/v2\/media?parent=283251"}],"wp:term":[{"taxonomy":"category","embeddable":true,"href":"https:\/\/www.tucomarca.com\/wordpress\/segunda\/ca\/wp-json\/wp\/v2\/categories?post=283251"},{"taxonomy":"post_tag","embeddable":true,"href":"https:\/\/www.tucomarca.com\/wordpress\/segunda\/ca\/wp-json\/wp\/v2\/tags?post=283251"}],"curies":[{"name":"wp","href":"https:\/\/api.w.org\/{rel}","templated":true}]}}